{"id":384846,"date":"2022-09-11T08:56:13","date_gmt":"2022-09-11T08:56:13","guid":{"rendered":"https:\/\/dimensionturistica.com\/es\/?p=384846"},"modified":"2022-09-11T08:56:13","modified_gmt":"2022-09-11T08:56:13","slug":"el-huracan-alviento-llega-al-puerto","status":"publish","type":"post","link":"https:\/\/dimensionturistica.com\/es\/el-huracan-alviento-llega-al-puerto\/","title":{"rendered":"El hurac\u00e1n Alviento llega al puerto"},"content":{"rendered":"<p> <br \/>\n<\/p>\n<div>\n<article class=\"voc-article voc-article--detail voc-article--detail--base voc-article--photo-bottom\"><!-- IMAGE --><\/p>\n<div class=\"voc-img-container  \"><picture>\n<div class=\"voc-horizontal voc-img-icon-link\"><img decoding=\"async\" src=\"https:\/\/static.laverdad.es\/www\/multimedia\/202209\/11\/media\/cortadas\/172996238--624x365.JPG\" title=\"\" alt=\"Jaime e Irene Terry, Mercedes y Juan Dorda y Antonio Terry. \/ FOTOS: PABLO S\u00c1NCHEZ \/ AGM\" onload=\"performance.mark('fmp');\"\/><noscript><img decoding=\"async\" src=\"https:\/\/static.laverdad.es\/www\/multimedia\/202209\/11\/media\/cortadas\/172996238--624x365.JPG\" alt=\"Jaime e Irene Terry, Mercedes y Juan Dorda y Antonio Terry. \"\/><\/noscript><\/div>\n<\/picture>\n<p class=\"figure-caption\"><span class=\"voc-photo-caption\">Jaime e Irene Terry, Mercedes y Juan Dorda y Antonio Terry.  \/ <\/span><span class=\"voc-photo-author\"> FOTOS: PABLO S\u00c1NCHEZ \/ AGM<\/span><\/p>\n<\/div>\n<p><!-- INFO CONTAINER --><\/p>\n<p><h3 class=\"voc-link-related\">Pasarela de domingo<\/h3>\n<\/p>\n<\/article>\n<\/div>\n<div data-voc-share-selection=\"\"><!-- AUTHOR --><!-- COMPONENTS --><\/p>\n<p class=\"voc-paragraph\">El puerto de Cartagena sufri\u00f3 el jueves un aut\u00e9ntico hurac\u00e1n de emociones, porque entre quienes all\u00ed se encontraban se escucharon palabras de admiraci\u00f3n, sorpresa, e incluso de preocupaci\u00f3n y miedo. M\u00e1s de 1.500 personas se dieron cita para asistir a una puesta de largo que ya ha hecho historia, por tratarse de una apuesta l\u00fadica y gastron\ufffd\n<\/p>\n<div class=\"ev-engagement\">\n<div class=\"content-exclusive-bg \" data-voc-pw-alert=\"\" data-voc-pw-premium=\"\" data-voc-vtm-id=\"paywall-methode\" data-voc-vtm-info=\"cdn-ce-printwall\">\n<div class=\"container-wall-exclusive wall-exclusive-detail-AB container-wall-exclusive--modifier-white\">\n<div class=\"container-wall-exclusive__grip-content\">\n<div class=\"container-wall-exclusive__left-side-exclusive\"><img decoding=\"async\" src=\"https:\/\/static.vocstatic.com\/common\/assets\/onplus\/laverdad\/exclusivo.png\" alt=\"\"\/><\/div>\n<div class=\"container-wall-exclusive__right-side-exclusive\">\n<div class=\"container-btn-exclusive\"><a rel=\"nofollow noopener\" target=\"_blank\" href=\"\"><img decoding=\"async\" src=\"https:\/\/static.laverdad.es\/squido\/latest\/assets\/images\/laverdad-on.svg\" alt=\"logo-correo-on2.svg\"\/><\/a><\/p>\n<p><span>Este contenido es exclusivo para suscriptores<\/span><\/p>\n<p><ev-engagement group-name=\"paywall-laverdad\" redirect=\"false\"\/><\/div>\n<\/div>\n<\/div>\n<div class=\"container-wall-exclusive__content-login\">\n<p class=\"text\">\u00bfYa eres suscriptor\/a? <a rel=\"nofollow noopener\" target=\"_blank\" href=\"https:\/\/secure.laverdad.es\/login\/login.html#vca=suscribete&amp;vso=laverdad&amp;vmc=on&amp;vli=cdn-ce-link-login\" class=\"login\" data-voc-vtm-id=\"comienzoSuscripcionON\" data-voc-vtm-info=\"cdn-ce-link-login\">Inicia sesi\u00f3n<\/a><\/p>\n<\/div>\n<\/div>\n<\/div>\n<\/div>\n<\/div>\n\n<p><em> &#8221; Fuentes www.laverdad.es &#8221; <\/em><\/p>\n","protected":false},"excerpt":{"rendered":"<p>Jaime e Irene Terry, Mercedes y Juan Dorda y Antonio Terry. \/ FOTOS: PABLO S\u00c1NCHEZ \/ AGM Pasarela de domingo El puerto de Cartagena sufri\u00f3 el jueves un aut\u00e9ntico hurac\u00e1n de emociones, porque entre quienes all\u00ed se encontraban se escucharon palabras de admiraci\u00f3n, sorpresa, e incluso de preocupaci\u00f3n y miedo. M\u00e1s de 1.500 personas se [&hellip;]<\/p>\n","protected":false},"author":4,"featured_media":384847,"comment_status":"open","ping_status":"closed","sticky":false,"template":"","format":"standard","meta":{"om_disable_all_campaigns":false,"jnews-multi-image_gallery":[],"jnews_single_post":[],"jnews_primary_category":[],"jnews_social_meta":[],"footnotes":""},"categories":[39],"tags":[53194,2524,8469,1411],"class_list":["post-384846","post","type-post","status-publish","format-standard","has-post-thumbnail","hentry","category-viajes","tag-alviento","tag-huracan","tag-llega","tag-puerto"],"_links":{"self":[{"href":"https:\/\/dimensionturistica.com\/es\/wp-json\/wp\/v2\/posts\/384846","targetHints":{"allow":["GET"]}}],"collection":[{"href":"https:\/\/dimensionturistica.com\/es\/wp-json\/wp\/v2\/posts"}],"about":[{"href":"https:\/\/dimensionturistica.com\/es\/wp-json\/wp\/v2\/types\/post"}],"author":[{"embeddable":true,"href":"https:\/\/dimensionturistica.com\/es\/wp-json\/wp\/v2\/users\/4"}],"replies":[{"embeddable":true,"href":"https:\/\/dimensionturistica.com\/es\/wp-json\/wp\/v2\/comments?post=384846"}],"version-history":[{"count":0,"href":"https:\/\/dimensionturistica.com\/es\/wp-json\/wp\/v2\/posts\/384846\/revisions"}],"wp:featuredmedia":[{"embeddable":true,"href":"https:\/\/dimensionturistica.com\/es\/wp-json\/wp\/v2\/media\/384847"}],"wp:attachment":[{"href":"https:\/\/dimensionturistica.com\/es\/wp-json\/wp\/v2\/media?parent=384846"}],"wp:term":[{"taxonomy":"category","embeddable":true,"href":"https:\/\/dimensionturistica.com\/es\/wp-json\/wp\/v2\/categories?post=384846"},{"taxonomy":"post_tag","embeddable":true,"href":"https:\/\/dimensionturistica.com\/es\/wp-json\/wp\/v2\/tags?post=384846"}],"curies":[{"name":"wp","href":"https:\/\/api.w.org\/{rel}","templated":true}]}}