{"id":384832,"date":"2022-09-11T06:08:40","date_gmt":"2022-09-11T06:08:40","guid":{"rendered":"https:\/\/dimensionturistica.com\/es\/?p=384832"},"modified":"2022-09-11T06:08:40","modified_gmt":"2022-09-11T06:08:40","slug":"mujer-que-estafaba-con-viajes-brujos-cayo-en-colon","status":"publish","type":"post","link":"https:\/\/dimensionturistica.com\/es\/mujer-que-estafaba-con-viajes-brujos-cayo-en-colon\/","title":{"rendered":"Mujer que estafaba con viajes brujos cay\u00f3 en Col\u00f3n"},"content":{"rendered":"<p> <br \/>\n<\/p>\n<div>\n<figure>\n<p>                <img decoding=\"async\" class=\"img-responsive\" src=\"http:\/\/elsiglo.com.pa\/media\/news\/image\/578947_750x480_crop_631d2cea15df4.jpg\" alt=\"Mujer que estafaba con viajes brujos cay\u00f3 en Col\u00f3n\" title=\"Mujer que estafaba con viajes brujos cay\u00f3 en Col\u00f3n\"\/><figcaption><small>Redes<\/small><\/figcaption><\/figure>\n<p>\n            domingo 11 de septiembre de 2022 &#8211; 12:00 a.m.        <\/p>\n<div>\n<p class=\"excerpt\">Autoridades informaron que mantiene cuatro denuncias por estafa<\/p>\n<p>Una mujer fue aprehendida mediante una diligencia de allanamiento en una residencia en el sector de La Feria, provincia de Col\u00f3n.<\/p>\n<p>Fueron unidades de la Direcci\u00f3n de Investigaci\u00f3n Judicial (DIJ), quienes dieron con la captura de esta mujer que se dedicaba a estafar personas con la venta de paquetes de viajes fraudulentos.<\/p>\n<p>Autoridades informaron que mantiene cuatro denuncias por estafa, por lo cual ser\u00e1 llevada en las pr\u00f3ximas horas ante un juez de garant\u00edas.<\/p>\n<p>De acuerdo a las investigaciones que adelantan las instancias judiciales, la sospechosa ofertaba paquetes de viajes nacionales e internacionales, donde sus v\u00edctimas deb\u00edan realizar abonos para separar fechas, pero al ultimate se quedan sin nada.<\/p>\n<p>Luego que las v\u00edctimas realizaban los dep\u00f3sitos, estas solo recib\u00edan cambios en el contrato y excusas de tr\u00e1mites tard\u00edos, hasta que la vendedora desaparec\u00eda dejando en zozobra y decepci\u00f3n a quienes entregaron sus ahorros familiares.<\/p>\n<\/p><\/div>\n<hr\/>\n<p>        <a rel=\"nofollow noopener\" target=\"_blank\" name=\"comments\"><\/p>\n<p>        <noscript>Please allow JavaScript to view the <a rel=\"nofollow noopener\" target=\"_blank\" href=\"http:\/\/disqus.com\/?ref_noscript\">comments powered by Disqus.<\/a><\/noscript><br \/>\n        <a rel=\"nofollow noopener\" target=\"_blank\" href=\"http:\/\/disqus.com\" class=\"dsq-brlink\">comments powered by <\/a>\n            <\/div>\n\n<p><em> &#8221; Fuentes elsiglo.com.pa &#8221; <\/em><\/p>\n","protected":false},"excerpt":{"rendered":"<p>Redes domingo 11 de septiembre de 2022 &#8211; 12:00 a.m. Autoridades informaron que mantiene cuatro denuncias por estafa Una mujer fue aprehendida mediante una diligencia de allanamiento en una residencia en el sector de La Feria, provincia de Col\u00f3n. Fueron unidades de la Direcci\u00f3n de Investigaci\u00f3n Judicial (DIJ), quienes dieron con la captura de esta [&hellip;]<\/p>\n","protected":false},"author":4,"featured_media":384833,"comment_status":"open","ping_status":"closed","sticky":false,"template":"","format":"standard","meta":{"om_disable_all_campaigns":false,"jnews-multi-image_gallery":[],"jnews_single_post":[],"jnews_primary_category":[],"jnews_social_meta":[],"footnotes":""},"categories":[39],"tags":[53189,53190,9174],"class_list":["post-384832","post","type-post","status-publish","format-standard","has-post-thumbnail","hentry","category-viajes","tag-direccion-de-investigacion-judicial-dij","tag-erica-trujillo-r","tag-estafa"],"_links":{"self":[{"href":"https:\/\/dimensionturistica.com\/es\/wp-json\/wp\/v2\/posts\/384832","targetHints":{"allow":["GET"]}}],"collection":[{"href":"https:\/\/dimensionturistica.com\/es\/wp-json\/wp\/v2\/posts"}],"about":[{"href":"https:\/\/dimensionturistica.com\/es\/wp-json\/wp\/v2\/types\/post"}],"author":[{"embeddable":true,"href":"https:\/\/dimensionturistica.com\/es\/wp-json\/wp\/v2\/users\/4"}],"replies":[{"embeddable":true,"href":"https:\/\/dimensionturistica.com\/es\/wp-json\/wp\/v2\/comments?post=384832"}],"version-history":[{"count":0,"href":"https:\/\/dimensionturistica.com\/es\/wp-json\/wp\/v2\/posts\/384832\/revisions"}],"wp:featuredmedia":[{"embeddable":true,"href":"https:\/\/dimensionturistica.com\/es\/wp-json\/wp\/v2\/media\/384833"}],"wp:attachment":[{"href":"https:\/\/dimensionturistica.com\/es\/wp-json\/wp\/v2\/media?parent=384832"}],"wp:term":[{"taxonomy":"category","embeddable":true,"href":"https:\/\/dimensionturistica.com\/es\/wp-json\/wp\/v2\/categories?post=384832"},{"taxonomy":"post_tag","embeddable":true,"href":"https:\/\/dimensionturistica.com\/es\/wp-json\/wp\/v2\/tags?post=384832"}],"curies":[{"name":"wp","href":"https:\/\/api.w.org\/{rel}","templated":true}]}}