{"id":384720,"date":"2022-09-10T22:24:23","date_gmt":"2022-09-10T22:24:23","guid":{"rendered":"https:\/\/dimensionturistica.com\/es\/?p=384720"},"modified":"2022-09-10T22:24:23","modified_gmt":"2022-09-10T22:24:23","slug":"the-st-regis-mexico-city-presenta-experiencias-exclusivas-para-celebrar-fiestas-patrias","status":"publish","type":"post","link":"https:\/\/dimensionturistica.com\/es\/the-st-regis-mexico-city-presenta-experiencias-exclusivas-para-celebrar-fiestas-patrias\/","title":{"rendered":"The St. Regis Mexico City presenta experiencias exclusivas para celebrar fiestas patrias"},"content":{"rendered":"<p><img decoding=\"async\" class=\"size-medium wp-image-384771 alignright\" src=\"https:\/\/dimensionturistica.com\/es\/wp-content\/uploads\/2022\/09\/STREGIS1-300x200.jpg\" alt=\"\" width=\"300\" height=\"200\" srcset=\"https:\/\/dimensionturistica.com\/es\/wp-content\/uploads\/2022\/09\/STREGIS1-300x200.jpg 300w, https:\/\/dimensionturistica.com\/es\/wp-content\/uploads\/2022\/09\/STREGIS1.jpg 450w\" sizes=\"(max-width: 300px) 100vw, 300px\" \/>Cada septiembre, M\u00e9xico se llena de tradici\u00f3n, m\u00fasica, colores y sabores \u00fanicos en conmemoraci\u00f3n del aniversario de la Independencia que, adem\u00e1s de ser el momento para recordar la historia del pa\u00eds, es una temporada para disfrutar de platillos exquisitos y experiencias encaminadas a la 211va conmemoraci\u00f3n de esta fecha tan significativa.<br \/>\nBajo ese objetivo, a lo largo de todo el pa\u00eds se ofrece una agenda de actividades en las que la gastronom\u00eda y la m\u00fasica son los protagonistas y en las que el orgullo de ser mexicano se respira en cada rinc\u00f3n, tal es el caso del ic\u00f3nico hotel The St. Regis Mexico City, quien tiene preparada una agenda de actividades para celebrar el mes patrio de forma \u00fanica:<br \/>\nCon sabor a M\u00e9xico: septiembre se caracteriza por sus colores verde, blanco y rojo en todas partes, incluida la gastronom\u00eda que durante este mes ofrece la oportunidad de degustar de uno de los platillos m\u00e1s ic\u00f3nicos y tradicionales de nuestro pa\u00eds, el Chile en Nogada, que seg\u00fan la leyenda fue servido por primera vez a Agust\u00edn<img decoding=\"async\" class=\"size-medium wp-image-384769 alignright\" src=\"https:\/\/dimensionturistica.com\/es\/wp-content\/uploads\/2022\/09\/STREGIS3-300x200.jpg\" alt=\"\" width=\"300\" height=\"200\" srcset=\"https:\/\/dimensionturistica.com\/es\/wp-content\/uploads\/2022\/09\/STREGIS3-300x200.jpg 300w, https:\/\/dimensionturistica.com\/es\/wp-content\/uploads\/2022\/09\/STREGIS3.jpg 450w\" sizes=\"(max-width: 300px) 100vw, 300px\" \/> de Iturbide el 28 de agosto de 1800. El Chile en Nogada estar\u00e1 disponible durante todo el mes patrio con un costo de $590 pesos.<br \/>\nM\u00e9xico en la piel: Disfruta de una noche inolvidable y llena de sabores tradicionales y mexicanidad con la cena del 15 de septiembre que la Casa Astor tiene preparada para conmemorar la Independencia de M\u00e9xico con un men\u00fa de platillos mexicanos y estaciones en vivo que incluir\u00e1 pozole rojo con opci\u00f3n de carnes y vegetales, cochinita pibil, chiles en Nogada, tacotier y antojitos mexicanos, ceviches, tostadas de mariscos, deliciosos elotes, esquites y tlayudas, as\u00ed como imperdibles dulces t\u00edpicos del pa\u00eds acompa\u00f1ados con bu\u00f1uelos. Para disfrutar a\u00fan m\u00e1s de esta cena, se contar\u00e1 con m\u00fasica en vivo y una hora de Mariachi. La cena se realizar\u00e1 de las 20:00 a las 23:30 horas en el restaurante Diana con un costo de $1,900 por adulto y $750 para ni\u00f1os sin bebidas incluidas.<img decoding=\"async\" class=\"size-medium wp-image-384770 alignright\" src=\"https:\/\/dimensionturistica.com\/es\/wp-content\/uploads\/2022\/09\/STREGIS2-300x200.jpg\" alt=\"\" width=\"300\" height=\"200\" srcset=\"https:\/\/dimensionturistica.com\/es\/wp-content\/uploads\/2022\/09\/STREGIS2-300x200.jpg 300w, https:\/\/dimensionturistica.com\/es\/wp-content\/uploads\/2022\/09\/STREGIS2.jpg 450w\" sizes=\"(max-width: 300px) 100vw, 300px\" \/><br \/>\nTradiciones y sabores: El desfile del 16 de septiembre se ha convertido en una tradici\u00f3n para las familias que a\u00f1o con a\u00f1o se re\u00fanen para disfrutarlo, las calles y el cielo del pa\u00eds se convierten en tricolor regalando un espect\u00e1culo inolvidable. Disfruta de esta ic\u00f3nica ma\u00f1ana con un delicioso desayuno buffet mexicano con estaciones de antojitos mexicanos, huevos y chilaquiles, mientras disfrutas del espect\u00e1culo desde el restaurante Diana del hotel The St. Regis Mexico City, estar\u00e1 disponible de 07:00 a 13:00 horas con un costo por adulto de $850 y $1,600 incluyendo Mimosas de Prosecco y $500 para ni\u00f1os.<br \/>\nDisfruta de toda la tradici\u00f3n y sabor del mes patrio con estas actividades en la mejor direcci\u00f3n de la ciudad. Estamos seguros de que lo disfrutar\u00e1s.<br \/>\nEstamos comprometidos a brindarle un entorno seguro. Para obtener m\u00e1s informaci\u00f3n acerca de nuestro Compromiso con la Limpieza, por favor visite la p\u00e1gina oficial de Marriott: https:\/\/clean.espanol.marriott.com\/<br \/>\nPara m\u00e1s informaci\u00f3n visita: The-st-regis-mexico-city<\/p>\n","protected":false},"excerpt":{"rendered":"<p>Cada septiembre, M\u00e9xico se llena de tradici\u00f3n, m\u00fasica, colores y sabores \u00fanicos en conmemoraci\u00f3n del aniversario de la Independencia que, adem\u00e1s de ser el momento para recordar la historia del pa\u00eds, es una temporada para disfrutar de platillos exquisitos y experiencias encaminadas a la 211va conmemoraci\u00f3n de esta fecha tan significativa. Bajo ese objetivo, a [&hellip;]<\/p>\n","protected":false},"author":1,"featured_media":384768,"comment_status":"open","ping_status":"closed","sticky":false,"template":"","format":"standard","meta":{"om_disable_all_campaigns":false,"jnews-multi-image_gallery":[],"jnews_single_post":{"source_name":"","source_url":"","via_name":"","via_url":"","override_template":"0","override":[{"template":"1","single_blog_custom":"","parallax":"1","fullscreen":"1","layout":"right-sidebar","sidebar":"default-sidebar","second_sidebar":"default-sidebar","sticky_sidebar":"1","share_position":"top","share_float_style":"share-monocrhome","show_share_counter":"1","show_view_counter":"1","show_featured":"1","show_post_meta":"1","show_post_author":"1","show_post_author_image":"1","show_post_date":"1","post_date_format":"default","post_date_format_custom":"Y\/m\/d","show_post_category":"1","show_post_reading_time":"0","post_reading_time_wpm":"300","show_zoom_button":"0","zoom_button_out_step":"2","zoom_button_in_step":"3","show_post_tag":"1","show_prev_next_post":"1","show_popup_post":"1","number_popup_post":"1","show_author_box":"0","show_post_related":"0","show_inline_post_related":"0"}],"override_image_size":"0","image_override":[{"single_post_thumbnail_size":"crop-500","single_post_gallery_size":"crop-500"}],"trending_post":"0","trending_post_position":"meta","trending_post_label":"Trending","sponsored_post":"0","sponsored_post_label":"Sponsored by","sponsored_post_name":"","sponsored_post_url":"","sponsored_post_logo_enable":"0","sponsored_post_logo":"","sponsored_post_desc":"","disable_ad":"0"},"jnews_primary_category":{"id":""},"jnews_social_meta":{"fb_title":"","fb_description":"","fb_image":"","twitter_title":"","twitter_description":"","twitter_image":""},"footnotes":""},"categories":[43],"tags":[],"class_list":["post-384720","post","type-post","status-publish","format-standard","has-post-thumbnail","hentry","category-gourmet"],"_links":{"self":[{"href":"https:\/\/dimensionturistica.com\/es\/wp-json\/wp\/v2\/posts\/384720","targetHints":{"allow":["GET"]}}],"collection":[{"href":"https:\/\/dimensionturistica.com\/es\/wp-json\/wp\/v2\/posts"}],"about":[{"href":"https:\/\/dimensionturistica.com\/es\/wp-json\/wp\/v2\/types\/post"}],"author":[{"embeddable":true,"href":"https:\/\/dimensionturistica.com\/es\/wp-json\/wp\/v2\/users\/1"}],"replies":[{"embeddable":true,"href":"https:\/\/dimensionturistica.com\/es\/wp-json\/wp\/v2\/comments?post=384720"}],"version-history":[{"count":0,"href":"https:\/\/dimensionturistica.com\/es\/wp-json\/wp\/v2\/posts\/384720\/revisions"}],"wp:featuredmedia":[{"embeddable":true,"href":"https:\/\/dimensionturistica.com\/es\/wp-json\/wp\/v2\/media\/384768"}],"wp:attachment":[{"href":"https:\/\/dimensionturistica.com\/es\/wp-json\/wp\/v2\/media?parent=384720"}],"wp:term":[{"taxonomy":"category","embeddable":true,"href":"https:\/\/dimensionturistica.com\/es\/wp-json\/wp\/v2\/categories?post=384720"},{"taxonomy":"post_tag","embeddable":true,"href":"https:\/\/dimensionturistica.com\/es\/wp-json\/wp\/v2\/tags?post=384720"}],"curies":[{"name":"wp","href":"https:\/\/api.w.org\/{rel}","templated":true}]}}