{"id":384681,"date":"2022-09-10T18:22:51","date_gmt":"2022-09-10T18:22:51","guid":{"rendered":"https:\/\/dimensionturistica.com\/es\/?p=384681"},"modified":"2022-09-10T18:22:51","modified_gmt":"2022-09-10T18:22:51","slug":"la-cultura-brava-de-guanajuato-se-vive-en-la-13ra-edicion-de-la-marquesada-en-salvatierra","status":"publish","type":"post","link":"https:\/\/dimensionturistica.com\/es\/la-cultura-brava-de-guanajuato-se-vive-en-la-13ra-edicion-de-la-marquesada-en-salvatierra\/","title":{"rendered":"La \u201cCultura Brava de Guanajuato\u201d se vive en la 13ra edici\u00f3n de La Marquesada en Salvatierra"},"content":{"rendered":"<p><img decoding=\"async\" class=\"size-medium wp-image-384683 alignleft\" src=\"https:\/\/dimensionturistica.com\/es\/wp-content\/uploads\/2022\/09\/01-300x225.jpg\" alt=\"\" width=\"300\" height=\"225\" srcset=\"https:\/\/dimensionturistica.com\/es\/wp-content\/uploads\/2022\/09\/01-300x225.jpg 300w, https:\/\/dimensionturistica.com\/es\/wp-content\/uploads\/2022\/09\/01-1024x768.jpg 1024w, https:\/\/dimensionturistica.com\/es\/wp-content\/uploads\/2022\/09\/01-768x576.jpg 768w, https:\/\/dimensionturistica.com\/es\/wp-content\/uploads\/2022\/09\/01-750x563.jpg 750w, https:\/\/dimensionturistica.com\/es\/wp-content\/uploads\/2022\/09\/01.jpg 1104w\" sizes=\"(max-width: 300px) 100vw, 300px\" \/>La m\u00e1xima expresi\u00f3n de la Cultura Brava de Guanajuato est\u00e1 de regreso en el Pueblo M\u00e1gico de Salvatierra.<br \/>\nCon el apoyo de la Secretar\u00eda de Turismo del Estado de Guanajuato, a trav\u00e9s de la Direcci\u00f3n de Productos Tur\u00edsticos, el municipio de Salvatierra realizar\u00e1 el Festival Marquesada el pr\u00f3ximo viernes 28 y s\u00e1bado 29 de octubre, donde se presentar\u00e1 el talento art\u00edstico, cultural y culinario que solamente en este Pueblo M\u00e1gico se puede disfrutar.<br \/>\nPara esta edici\u00f3n, se tiene contemplada la participaci\u00f3n de 30 artesanos que expondr\u00e1n sus productos durante tres d\u00edas en el ya tradicional pabell\u00f3n artesanal ubicado sobre el jard\u00edn principal de Salvatierra.<br \/>\nAdem\u00e1s, en esta edici\u00f3n se lanzar\u00e1 el proyecto culinario \u2018Marquesada Gastron\u00f3mica\u2019, donde el sector restaurantero de Salvatierra deleitar\u00e1 a los asistentes con platillos y cocteler\u00eda inspirados en la cultura brava.<br \/>\nAunado a ello se contar\u00e1 con un pabell\u00f3n gastron\u00f3mico con propuesta gourmet atendido por establecimientos<img decoding=\"async\" class=\"size-medium wp-image-384684 alignright\" src=\"https:\/\/dimensionturistica.com\/es\/wp-content\/uploads\/2022\/09\/02-300x225.jpg\" alt=\"\" width=\"300\" height=\"225\" srcset=\"https:\/\/dimensionturistica.com\/es\/wp-content\/uploads\/2022\/09\/02-300x225.jpg 300w, https:\/\/dimensionturistica.com\/es\/wp-content\/uploads\/2022\/09\/02-1024x768.jpg 1024w, https:\/\/dimensionturistica.com\/es\/wp-content\/uploads\/2022\/09\/02-768x576.jpg 768w, https:\/\/dimensionturistica.com\/es\/wp-content\/uploads\/2022\/09\/02-750x563.jpg 750w, https:\/\/dimensionturistica.com\/es\/wp-content\/uploads\/2022\/09\/02.jpg 1104w\" sizes=\"(max-width: 300px) 100vw, 300px\" \/> locales y for\u00e1neos que se sumar\u00e1n a esta fiesta gastron\u00f3mica.<br \/>\nDurante ambos d\u00edas del festival, la m\u00fasica y la cultura se har\u00e1 presente para generar el ambiente ideal para disfrutar con la familia y amigos, adem\u00e1s de una zona de comensales para disfrutar de sus alimentos con una capacidad de 200 personas.<br \/>\nLa fiesta brava se vivir\u00e1 al m\u00e1ximo este viernes 28 de octubre en una corrida de toros nocturna en la emblem\u00e1tica Plaza de Toros La Macarena, ubicada en el coraz\u00f3n de Salvatierra con un cartel de primer nivel.<br \/>\nEl tradicional encierro de toros se realizar\u00e1 durante la ma\u00f1ana del s\u00e1bado 29 de octubre, comenzando el recorrido a partir del cruce de las calles Hidalgo con 16 de septiembre, continuando por Madero y terminando el recorrido sobre la calle Benito Ju\u00e1rez hasta el ruedo de la Plaza de Toros \u201cLa Macarena\u201d.<br \/>\nPara la participaci\u00f3n de los corredores en el encierro, es de suma importancia realizar el registro correspondiente en las mesas habilitadas a las afueras de la Presidencia Municipal el d\u00eda del evento, donde se les proporcionar\u00e1 un n\u00famero y el registro de los generales del participante.<br \/>\nAl t\u00e9rmino del recorrido de los toros, se estar\u00e1 realizando una Gran Capea, donde aficionados de las corridas podr\u00e1n tener su oportunidad de realizar los mejores recortes en el consagrado ruedo de la plaza de toros \u201cLa<img decoding=\"async\" class=\"size-medium wp-image-384685 alignleft\" src=\"https:\/\/dimensionturistica.com\/es\/wp-content\/uploads\/2022\/09\/03-300x225.jpg\" alt=\"\" width=\"300\" height=\"225\" srcset=\"https:\/\/dimensionturistica.com\/es\/wp-content\/uploads\/2022\/09\/03-300x225.jpg 300w, https:\/\/dimensionturistica.com\/es\/wp-content\/uploads\/2022\/09\/03-1024x768.jpg 1024w, https:\/\/dimensionturistica.com\/es\/wp-content\/uploads\/2022\/09\/03-768x576.jpg 768w, https:\/\/dimensionturistica.com\/es\/wp-content\/uploads\/2022\/09\/03-750x563.jpg 750w, https:\/\/dimensionturistica.com\/es\/wp-content\/uploads\/2022\/09\/03.jpg 1104w\" sizes=\"(max-width: 300px) 100vw, 300px\" \/> Macarena\u201d.<br \/>\nAsimismo, se estar\u00e1 realizando una gala de la charrer\u00eda, donde se podr\u00e1 disfrutar al m\u00e1ximo del deporte nacional por excelencia en el recinto ya mencionado.<br \/>\nLa cocteler\u00eda tendr\u00e1 un papel importante, donde 10 centros de consumo de mixolog\u00eda estar\u00e1n habilitados en la \u201cBarra Brava\u201d, ubicada en la zona de conciertos de la Explanada del Carmen, exponiendo el sabor de nuestra ciudad con cocteles exclusivos para el festival.<br \/>\nLa m\u00fasica vibrar\u00e1 al m\u00e1ximo con un encuentro de dj\u2019s que ambientar\u00e1n la \u201cBull Party\u201d llev\u00e1ndonos una gran variedad de g\u00e9neros musicales en el escenario instalado en la Explanada del Carmen.<br \/>\nHuamantla \u2013 Salvatierra: Dos pueblos m\u00e1gicos con mucha tradic\u00f3n en com\u00fan.<br \/>\nHuamantla, Tlaxcala comparte una serie de tradiciones en com\u00fan con Salvatierra. La principal, la tauromaquia como parte de la cultura y tradici\u00f3n que desde hace varios a\u00f1os son ya parte de la historia de ambos municipios.<br \/>\nAdem\u00e1s de artes efimeros que han podido presentarse en Salvatierra, como parte de un intercambio cultural que ha logrado que m\u00e1s visitantes puedan conocer un poco m\u00e1s de ambas ciudades.<br \/>\nEn este a\u00f1o, Huamantla ser\u00e1 el invitado de honor para una serie de actividades, donde se contempla la instalaci\u00f3n de un tapete monumental sobre la calle de Ju\u00e1rez, desde la esquina con Ignacio Zaragoza y hasta el cruce con la calle de Madero.<br \/>\nAdem\u00e1s, se dar\u00e1 apertura temporal de Casa Huamantla, donde los asistentes podr\u00e1n encontrar una serie de art\u00edculos taurinos huamantlecos, as\u00ed como parte de las principales artesan\u00edas.<img decoding=\"async\" class=\"size-medium wp-image-384686 alignright\" src=\"https:\/\/dimensionturistica.com\/es\/wp-content\/uploads\/2022\/09\/04-225x300.jpg\" alt=\"\" width=\"225\" height=\"300\" srcset=\"https:\/\/dimensionturistica.com\/es\/wp-content\/uploads\/2022\/09\/04-225x300.jpg 225w, https:\/\/dimensionturistica.com\/es\/wp-content\/uploads\/2022\/09\/04.jpg 621w\" sizes=\"(max-width: 225px) 100vw, 225px\" \/><br \/>\nTras aceptar la carta intenci\u00f3n de hermanamiento y teniendo como testigos de honor a autoridades estatales y municipales de ambos Pueblos M\u00e1gicos, se espera la firma de convenio oficial en el marco de esta festividad.<br \/>\nFinalmente, se espera el espectacular cierre de La Marquesada con la participaci\u00f3n estelar de Danna Paola, donde Salvatierra se suma a la gira XT4S1S donde ha generado una gran expectativa tras tener boletos agotados en grandes escenarios de nuestro pa\u00eds.<br \/>\nSalvatierra te espera con los brazos abiertos para disfrutar de esta serie de eventos. Consulta el programa completo en la p\u00e1gina de Facebook e Instagram: Salvatierra Pueblo M\u00e1gico y en Comunicaci\u00f3n Salvatierra.<\/p>\n","protected":false},"excerpt":{"rendered":"<p>La m\u00e1xima expresi\u00f3n de la Cultura Brava de Guanajuato est\u00e1 de regreso en el Pueblo M\u00e1gico de Salvatierra. Con el apoyo de la Secretar\u00eda de Turismo del Estado de Guanajuato, a trav\u00e9s de la Direcci\u00f3n de Productos Tur\u00edsticos, el municipio de Salvatierra realizar\u00e1 el Festival Marquesada el pr\u00f3ximo viernes 28 y s\u00e1bado 29 de octubre, [&hellip;]<\/p>\n","protected":false},"author":1,"featured_media":384682,"comment_status":"open","ping_status":"closed","sticky":false,"template":"","format":"standard","meta":{"om_disable_all_campaigns":false,"jnews-multi-image_gallery":[],"jnews_single_post":{"source_name":"","source_url":"","via_name":"","via_url":"","override_template":"0","override":[{"template":"1","single_blog_custom":"","parallax":"1","fullscreen":"1","layout":"right-sidebar","sidebar":"default-sidebar","second_sidebar":"default-sidebar","sticky_sidebar":"1","share_position":"top","share_float_style":"share-monocrhome","show_share_counter":"1","show_view_counter":"1","show_featured":"1","show_post_meta":"1","show_post_author":"1","show_post_author_image":"1","show_post_date":"1","post_date_format":"default","post_date_format_custom":"Y\/m\/d","show_post_category":"1","show_post_reading_time":"0","post_reading_time_wpm":"300","show_zoom_button":"0","zoom_button_out_step":"2","zoom_button_in_step":"3","show_post_tag":"1","show_prev_next_post":"1","show_popup_post":"1","number_popup_post":"1","show_author_box":"0","show_post_related":"0","show_inline_post_related":"0"}],"override_image_size":"0","image_override":[{"single_post_thumbnail_size":"crop-500","single_post_gallery_size":"crop-500"}],"trending_post":"0","trending_post_position":"meta","trending_post_label":"Trending","sponsored_post":"0","sponsored_post_label":"Sponsored by","sponsored_post_name":"","sponsored_post_url":"","sponsored_post_logo_enable":"0","sponsored_post_logo":"","sponsored_post_desc":"","disable_ad":"0"},"jnews_primary_category":{"id":""},"jnews_social_meta":{"fb_title":"","fb_description":"","fb_image":"","twitter_title":"","twitter_description":"","twitter_image":""},"footnotes":""},"categories":[43],"tags":[],"class_list":["post-384681","post","type-post","status-publish","format-standard","has-post-thumbnail","hentry","category-gourmet"],"_links":{"self":[{"href":"https:\/\/dimensionturistica.com\/es\/wp-json\/wp\/v2\/posts\/384681","targetHints":{"allow":["GET"]}}],"collection":[{"href":"https:\/\/dimensionturistica.com\/es\/wp-json\/wp\/v2\/posts"}],"about":[{"href":"https:\/\/dimensionturistica.com\/es\/wp-json\/wp\/v2\/types\/post"}],"author":[{"embeddable":true,"href":"https:\/\/dimensionturistica.com\/es\/wp-json\/wp\/v2\/users\/1"}],"replies":[{"embeddable":true,"href":"https:\/\/dimensionturistica.com\/es\/wp-json\/wp\/v2\/comments?post=384681"}],"version-history":[{"count":0,"href":"https:\/\/dimensionturistica.com\/es\/wp-json\/wp\/v2\/posts\/384681\/revisions"}],"wp:featuredmedia":[{"embeddable":true,"href":"https:\/\/dimensionturistica.com\/es\/wp-json\/wp\/v2\/media\/384682"}],"wp:attachment":[{"href":"https:\/\/dimensionturistica.com\/es\/wp-json\/wp\/v2\/media?parent=384681"}],"wp:term":[{"taxonomy":"category","embeddable":true,"href":"https:\/\/dimensionturistica.com\/es\/wp-json\/wp\/v2\/categories?post=384681"},{"taxonomy":"post_tag","embeddable":true,"href":"https:\/\/dimensionturistica.com\/es\/wp-json\/wp\/v2\/tags?post=384681"}],"curies":[{"name":"wp","href":"https:\/\/api.w.org\/{rel}","templated":true}]}}