{"id":384631,"date":"2022-09-10T17:13:43","date_gmt":"2022-09-10T17:13:43","guid":{"rendered":"https:\/\/dimensionturistica.com\/es\/?p=384631"},"modified":"2022-09-10T17:13:43","modified_gmt":"2022-09-10T17:13:43","slug":"dupla-mexicana-conquista-australia-el-tenor-diego-torre-e-irma-enriquez-ofrecen-el-primer-concierto-en-lenguas-indigenas","status":"publish","type":"post","link":"https:\/\/dimensionturistica.com\/es\/dupla-mexicana-conquista-australia-el-tenor-diego-torre-e-irma-enriquez-ofrecen-el-primer-concierto-en-lenguas-indigenas\/","title":{"rendered":"Dupla mexicana conquista Australia, el tenor Diego Torre e Irma Enr\u00edquez ofrecen el primer concierto en lenguas ind\u00edgenas."},"content":{"rendered":"<p>Por primera vez, en Australia, se present\u00f3 el concierto M\u00e9xico 22 en Asia Pac\u00edfico expuesto en diferentes idiomas ind\u00edgenas a cargo del internacionalmente reconocido tenor Diego Torre y la pianista Irma Enr\u00edquez. La fusi\u00f3n de dos talentos nacidos en M\u00e9xico que han triunfado en el extranjero permiti\u00f3 guiar al p\u00fablico multicultural pon un sinf\u00edn de emociones generando un ambiente de fraternidad por medio del lenguaje universal de la m\u00fasica.<br \/>\nDiego present\u00f3 un concierto innovador, basado en diferentes lenguas ind\u00edgenas donde dirigi\u00f3 las voces junto con Irma, fundadora de M\u00fasica de Iberoam\u00e9rica en Australia, resaltando las lenguas ind\u00edgenas de M\u00e9xico a trav\u00e9s de la m\u00fasica inspirada en los poemas, leyendas y canciones de las antiguas culturas mexicanas, algunas<img decoding=\"async\" class=\" wp-image-384656 alignright\" src=\"https:\/\/dimensionturistica.com\/es\/wp-content\/uploads\/2022\/09\/AUSTA2-300x200.jpg\" alt=\"\" width=\"502\" height=\"334\" srcset=\"https:\/\/dimensionturistica.com\/es\/wp-content\/uploads\/2022\/09\/AUSTA2-300x200.jpg 300w, https:\/\/dimensionturistica.com\/es\/wp-content\/uploads\/2022\/09\/AUSTA2.jpg 450w\" sizes=\"(max-width: 502px) 100vw, 502px\" \/> compuestas y arregladas exclusivamente para ellos.<br \/>\nPara los pueblos originarios, la m\u00fasica es una expresi\u00f3n de su rica y ancestral cultura, adem\u00e1s de ser una oportunidad de que sus tradiciones y su lengua se proyecten ante los espectadores y se espera que el concierto transmita la riqueza y diversidad del M\u00e9xico ind\u00edgena a las audiencias australianas.<br \/>\nPor ello, y ante la creciente relaci\u00f3n entre Australia y Am\u00e9rica Latina, el Embajador de M\u00e9xico en Australia, Eduardo Pe\u00f1a Haller, y Diego Torre coincidieron en que &#8220;este concierto presenta una oportunidad invaluable para iniciar un di\u00e1logo entre las Primeras Naciones y sobre la importancia de proteger y promover las lenguas y las tradiciones de los pueblos ind\u00edgenas en todo el mundo\u201d.<br \/>\nDurante el evento realizado en la Galer\u00eda Nacional de Australia, asistieron funcionarios del gobierno australiano, diplom\u00e1ticos, artistas y empresarios que siguen apostando a las nuevas oportunidades geopol\u00edticas que presenta el mundo actual entre Australia y Am\u00e9rica Latina.<br \/>\n\u201cMe siento muy orgulloso de compartir este programa en un pa\u00eds donde ahora existe un reconocimiento y agradecimiento a las culturas ind\u00edgenas, que es un ejemplo que debemos de seguir en M\u00e9xico y todo el mundo\u201d afirm\u00f3 Diego Torre<br \/>\nPara Irma Enr\u00edquez, el arduo trabajo que han puesto en la producci\u00f3n y el agradecimiento a los artistas detr\u00e1s de las canciones: Arturo Valenzuela, Rosa Guraieb, Alejandra Odgers, Germ\u00e1n Romero, Leticia Armijo, Eduardo Gamboa y Luc\u00eda \u00c1lvarez, es invaluable.<br \/>\nLa Embajada de M\u00e9xico en Australia y \u201cMusic from Ibero-America inAustralia (MIA)\u201d han organizado un concierto que refuerza, desde sus ra\u00edces, la multiculturalidad de una naci\u00f3n como Australia.<br \/>\nLas lenguas originarias que se recitaron durante el evento fueron N\u00e1huatl, Maya, Zapoteco, Tohono y Huichol.<br \/>\nVideo en Raw: https:\/\/drive.google.com\/drive\/folders\/1l6qkbkeDIIhIRjlJeAW_zNsy0_2vmh_H?usp=sharing.<\/p>\n<p>&nbsp;<\/p>\n","protected":false},"excerpt":{"rendered":"<p>Por primera vez, en Australia, se present\u00f3 el concierto M\u00e9xico 22 en Asia Pac\u00edfico expuesto en diferentes idiomas ind\u00edgenas a cargo del internacionalmente reconocido tenor Diego Torre y la pianista Irma Enr\u00edquez. La fusi\u00f3n de dos talentos nacidos en M\u00e9xico que han triunfado en el extranjero permiti\u00f3 guiar al p\u00fablico multicultural pon un sinf\u00edn de [&hellip;]<\/p>\n","protected":false},"author":1,"featured_media":384657,"comment_status":"open","ping_status":"closed","sticky":false,"template":"","format":"standard","meta":{"om_disable_all_campaigns":false,"jnews-multi-image_gallery":[],"jnews_single_post":{"source_name":"","source_url":"","via_name":"","via_url":"","override_template":"0","override":[{"template":"1","single_blog_custom":"","parallax":"1","fullscreen":"1","layout":"right-sidebar","sidebar":"default-sidebar","second_sidebar":"default-sidebar","sticky_sidebar":"1","share_position":"top","share_float_style":"share-monocrhome","show_share_counter":"1","show_view_counter":"1","show_featured":"1","show_post_meta":"1","show_post_author":"1","show_post_author_image":"1","show_post_date":"1","post_date_format":"default","post_date_format_custom":"Y\/m\/d","show_post_category":"1","show_post_reading_time":"0","post_reading_time_wpm":"300","show_zoom_button":"0","zoom_button_out_step":"2","zoom_button_in_step":"3","show_post_tag":"1","show_prev_next_post":"1","show_popup_post":"1","number_popup_post":"1","show_author_box":"0","show_post_related":"0","show_inline_post_related":"0"}],"override_image_size":"0","image_override":[{"single_post_thumbnail_size":"crop-500","single_post_gallery_size":"crop-500"}],"trending_post":"0","trending_post_position":"meta","trending_post_label":"Trending","sponsored_post":"0","sponsored_post_label":"Sponsored by","sponsored_post_name":"","sponsored_post_url":"","sponsored_post_logo_enable":"0","sponsored_post_logo":"","sponsored_post_desc":"","disable_ad":"0"},"jnews_primary_category":{"id":""},"jnews_social_meta":{"fb_title":"","fb_description":"","fb_image":"","twitter_title":"","twitter_description":"","twitter_image":""},"footnotes":""},"categories":[40],"tags":[],"class_list":["post-384631","post","type-post","status-publish","format-standard","has-post-thumbnail","hentry","category-industria"],"_links":{"self":[{"href":"https:\/\/dimensionturistica.com\/es\/wp-json\/wp\/v2\/posts\/384631","targetHints":{"allow":["GET"]}}],"collection":[{"href":"https:\/\/dimensionturistica.com\/es\/wp-json\/wp\/v2\/posts"}],"about":[{"href":"https:\/\/dimensionturistica.com\/es\/wp-json\/wp\/v2\/types\/post"}],"author":[{"embeddable":true,"href":"https:\/\/dimensionturistica.com\/es\/wp-json\/wp\/v2\/users\/1"}],"replies":[{"embeddable":true,"href":"https:\/\/dimensionturistica.com\/es\/wp-json\/wp\/v2\/comments?post=384631"}],"version-history":[{"count":0,"href":"https:\/\/dimensionturistica.com\/es\/wp-json\/wp\/v2\/posts\/384631\/revisions"}],"wp:featuredmedia":[{"embeddable":true,"href":"https:\/\/dimensionturistica.com\/es\/wp-json\/wp\/v2\/media\/384657"}],"wp:attachment":[{"href":"https:\/\/dimensionturistica.com\/es\/wp-json\/wp\/v2\/media?parent=384631"}],"wp:term":[{"taxonomy":"category","embeddable":true,"href":"https:\/\/dimensionturistica.com\/es\/wp-json\/wp\/v2\/categories?post=384631"},{"taxonomy":"post_tag","embeddable":true,"href":"https:\/\/dimensionturistica.com\/es\/wp-json\/wp\/v2\/tags?post=384631"}],"curies":[{"name":"wp","href":"https:\/\/api.w.org\/{rel}","templated":true}]}}