{"id":384625,"date":"2022-09-10T15:42:23","date_gmt":"2022-09-10T15:42:23","guid":{"rendered":"https:\/\/dimensionturistica.com\/es\/?p=384625"},"modified":"2022-09-10T15:42:23","modified_gmt":"2022-09-10T15:42:23","slug":"regresa-neextt-de-manera-presencial-en-su-novena-edicion","status":"publish","type":"post","link":"https:\/\/dimensionturistica.com\/es\/regresa-neextt-de-manera-presencial-en-su-novena-edicion\/","title":{"rendered":"Regresa Neextt de manera presencial en su novena edici\u00f3n"},"content":{"rendered":"<p>NEEXTT, el evento de turismo premium que re\u00fane a los mejores profesionales de la industria de Norteam\u00e9rica, Latinoam\u00e9rica y el Caribe regresar\u00e1 de manera presencial para su novena edici\u00f3n del 12 al 14 de septiembre.<br \/>\nDespu\u00e9s de dos a\u00f1os de realizarse en formato digital debido a la pandemia, y en a\u00f1os anteriores tuvo sede en Canc\u00fan y Riviera Maya, la novena edici\u00f3n de NEEXTT: Travel Trade Exchange tendr\u00e1 lugar en el Hotel Four Seasons Ciudad de M\u00e9xico donde se llevar\u00e1n a cabo oportunidades de negocios y networking internacionales de gran magnitud para los profesionales de la industria tur\u00edstica enfocados principalmente en los segmentos Premium y de alta gama.<img decoding=\"async\" class=\" wp-image-384627 alignright\" src=\"https:\/\/dimensionturistica.com\/es\/wp-content\/uploads\/2022\/09\/ASPEN-300x168.jpg\" alt=\"\" width=\"407\" height=\"228\" srcset=\"https:\/\/dimensionturistica.com\/es\/wp-content\/uploads\/2022\/09\/ASPEN-300x168.jpg 300w, https:\/\/dimensionturistica.com\/es\/wp-content\/uploads\/2022\/09\/ASPEN.jpg 450w\" sizes=\"(max-width: 407px) 100vw, 407px\" \/><br \/>\nLos asistentes podr\u00e1n disfrutar del cocktail de bienvenida que ofrece el hotel sede, presentaciones de destinos, citas uno a uno entre expositores y compradores, oportunidades de negocio y networking, y para cerrar el programa, impartir\u00e1n NEEXTT Talks, las cuales son conferencias sobre tendencias en la industria tur\u00edstica.<br \/>\nLa cumbre est\u00e1 dise\u00f1ada para los directivos innovadores de alto nivel que conocen la importancia de ser visionarios en la industria tur\u00edstica. Los invitados a NEEXTT incluyen a los profesionales especializados en viajes de placer, negocios y reuniones, como agencias de viaje y algunas de las principales operadoras mayoristas de M\u00e9xico, as\u00ed mismo, proveedores de servicios, hoteles, destinos nacionales e internacionales; entre las marcas participantes se encuentran Aspen Snowmass, Belice, Four Season Hotel Ciudad de M\u00e9xico, Las Vegas, NYC &amp; Company, Quebec, y Sandals Resorts.<br \/>\nSi deseas m\u00e1s informaci\u00f3n sobre NEEXTT, ingresa a https:\/\/neextt.com\/evento\/<\/p>\n<p>&nbsp;<\/p>\n<p>&nbsp;<\/p>\n","protected":false},"excerpt":{"rendered":"<p>NEEXTT, el evento de turismo premium que re\u00fane a los mejores profesionales de la industria de Norteam\u00e9rica, Latinoam\u00e9rica y el Caribe regresar\u00e1 de manera presencial para su novena edici\u00f3n del 12 al 14 de septiembre. Despu\u00e9s de dos a\u00f1os de realizarse en formato digital debido a la pandemia, y en a\u00f1os anteriores tuvo sede en [&hellip;]<\/p>\n","protected":false},"author":1,"featured_media":384626,"comment_status":"open","ping_status":"closed","sticky":false,"template":"","format":"standard","meta":{"om_disable_all_campaigns":false,"jnews-multi-image_gallery":[],"jnews_single_post":{"source_name":"","source_url":"","via_name":"","via_url":"","override_template":"0","override":[{"template":"1","single_blog_custom":"","parallax":"1","fullscreen":"1","layout":"right-sidebar","sidebar":"default-sidebar","second_sidebar":"default-sidebar","sticky_sidebar":"1","share_position":"top","share_float_style":"share-monocrhome","show_share_counter":"1","show_view_counter":"1","show_featured":"1","show_post_meta":"1","show_post_author":"1","show_post_author_image":"1","show_post_date":"1","post_date_format":"default","post_date_format_custom":"Y\/m\/d","show_post_category":"1","show_post_reading_time":"0","post_reading_time_wpm":"300","show_zoom_button":"0","zoom_button_out_step":"2","zoom_button_in_step":"3","show_post_tag":"1","show_prev_next_post":"1","show_popup_post":"1","number_popup_post":"1","show_author_box":"0","show_post_related":"0","show_inline_post_related":"0"}],"override_image_size":"0","image_override":[{"single_post_thumbnail_size":"crop-500","single_post_gallery_size":"crop-500"}],"trending_post":"0","trending_post_position":"meta","trending_post_label":"Trending","sponsored_post":"0","sponsored_post_label":"Sponsored by","sponsored_post_name":"","sponsored_post_url":"","sponsored_post_logo_enable":"0","sponsored_post_logo":"","sponsored_post_desc":"","disable_ad":"0"},"jnews_primary_category":{"id":""},"jnews_social_meta":{"fb_title":"","fb_description":"","fb_image":"","twitter_title":"","twitter_description":"","twitter_image":""},"footnotes":""},"categories":[40],"tags":[],"class_list":["post-384625","post","type-post","status-publish","format-standard","has-post-thumbnail","hentry","category-industria"],"_links":{"self":[{"href":"https:\/\/dimensionturistica.com\/es\/wp-json\/wp\/v2\/posts\/384625","targetHints":{"allow":["GET"]}}],"collection":[{"href":"https:\/\/dimensionturistica.com\/es\/wp-json\/wp\/v2\/posts"}],"about":[{"href":"https:\/\/dimensionturistica.com\/es\/wp-json\/wp\/v2\/types\/post"}],"author":[{"embeddable":true,"href":"https:\/\/dimensionturistica.com\/es\/wp-json\/wp\/v2\/users\/1"}],"replies":[{"embeddable":true,"href":"https:\/\/dimensionturistica.com\/es\/wp-json\/wp\/v2\/comments?post=384625"}],"version-history":[{"count":0,"href":"https:\/\/dimensionturistica.com\/es\/wp-json\/wp\/v2\/posts\/384625\/revisions"}],"wp:featuredmedia":[{"embeddable":true,"href":"https:\/\/dimensionturistica.com\/es\/wp-json\/wp\/v2\/media\/384626"}],"wp:attachment":[{"href":"https:\/\/dimensionturistica.com\/es\/wp-json\/wp\/v2\/media?parent=384625"}],"wp:term":[{"taxonomy":"category","embeddable":true,"href":"https:\/\/dimensionturistica.com\/es\/wp-json\/wp\/v2\/categories?post=384625"},{"taxonomy":"post_tag","embeddable":true,"href":"https:\/\/dimensionturistica.com\/es\/wp-json\/wp\/v2\/tags?post=384625"}],"curies":[{"name":"wp","href":"https:\/\/api.w.org\/{rel}","templated":true}]}}