{"id":384570,"date":"2022-09-10T14:19:06","date_gmt":"2022-09-10T14:19:06","guid":{"rendered":"https:\/\/dimensionturistica.com\/es\/?p=384570"},"modified":"2022-09-10T14:19:06","modified_gmt":"2022-09-10T14:19:06","slug":"cinco-tips-para-prepararse-para-la-vida-universitaria","status":"publish","type":"post","link":"https:\/\/dimensionturistica.com\/es\/cinco-tips-para-prepararse-para-la-vida-universitaria\/","title":{"rendered":"Cinco tips para prepararse para la vida universitaria"},"content":{"rendered":"<p>Con este panorama, un estudiante de nuevo ingreso pudiera encontrar abrumador el ritmo de vida universitario. Incluso, muchos ingresan sin una gu\u00eda clara; hasta un 86% dice no conocer a alg\u00fan egresado de su \u00e1rea que pudiera contarles c\u00f3mo es la vida laboral en su profesi\u00f3n.<br \/>\nPor eso, Andrea Valenzuela Rivas, Rectora de la Universidad Latinoamericana (ULA), enumera cinco puntos esenciales para sacarle el m\u00e1ximo provecho a esta etapa educativa.<br \/>\n\u201cLa vida universitaria es muy cambiante, llena de retos y de satisfacciones personales tambi\u00e9n. Creo que<img decoding=\"async\" class=\"size-medium wp-image-384573 alignright\" src=\"https:\/\/dimensionturistica.com\/es\/wp-content\/uploads\/2022\/09\/EDUC2-300x199.jpg\" alt=\"\" width=\"300\" height=\"199\" srcset=\"https:\/\/dimensionturistica.com\/es\/wp-content\/uploads\/2022\/09\/EDUC2-300x199.jpg 300w, https:\/\/dimensionturistica.com\/es\/wp-content\/uploads\/2022\/09\/EDUC2.jpg 450w\" sizes=\"(max-width: 300px) 100vw, 300px\" \/> podemos tomar todo lo aprendido durante este periodo de innovaci\u00f3n y seguir transformando la vida de nuestros alumnos\u201d, comenta. \u201cLa primera recomendaci\u00f3n es disfrutar la etapa, pues sin duda es de las mejores\u201d.<br \/>\nSin embargo, seg\u00fan estudios del Instituto de Investigaci\u00f3n en Psicolog\u00eda Cl\u00ednica y Social (IIPCS), y Vocaci\u00f3n Central, hasta un 40% de los j\u00f3venes en M\u00e9xico considera que se equivoc\u00f3 al elegir su carrera universitaria. Adem\u00e1s, durante el primer a\u00f1o de estudios, un 58% de los alumnos abandona o se cambia de carrera.<br \/>\nAl respecto, Andrea Valenzuela aconseja a los alumnos asegurarse de que eligieron la carrera correcta. Para ello requieren ser honestos consigo mismos y revisar si realmente el camino que ven al frente es el adecuado, y si no es as\u00ed, tomar decisiones. El modelo de ULA permite realizar esos cambios sin mayores consecuencias.<br \/>\nTambi\u00e9n deben saber adaptarse a los cambios, ya que encontrar\u00e1n profesores con diferentes estilos de ense\u00f1anza, todos importantes para su proceso de aprendizaje.<img decoding=\"async\" class=\"size-medium wp-image-384572 alignright\" src=\"https:\/\/dimensionturistica.com\/es\/wp-content\/uploads\/2022\/09\/EDUC1-300x200.jpg\" alt=\"\" width=\"300\" height=\"200\" srcset=\"https:\/\/dimensionturistica.com\/es\/wp-content\/uploads\/2022\/09\/EDUC1-300x200.jpg 300w, https:\/\/dimensionturistica.com\/es\/wp-content\/uploads\/2022\/09\/EDUC1.jpg 450w\" sizes=\"(max-width: 300px) 100vw, 300px\" \/><br \/>\nOrganizar el tiempo tambi\u00e9n es un punto clave, que debe ir m\u00e1s all\u00e1 de lo acad\u00e9mico, a la parte personal, para construir un balance saludable entre los estudios y la vida.<br \/>\nPor \u00faltimo, Valenzuela considera que la motivaci\u00f3n es esencial para sortear los retos diarios e integrarse de pleno a la vida universitaria. En este sentido, las universidades deben proveer a los alumnos de experiencias que complementen sus clases.<br \/>\n\u201cPodr\u00e1n mantenerse motivados si participan en actividades culturales, deportivas, internacionales y todo lo que se les ofrece para complementar sus estudios y mantener su balance\u201d, concluye.<\/p>\n","protected":false},"excerpt":{"rendered":"<p>Con este panorama, un estudiante de nuevo ingreso pudiera encontrar abrumador el ritmo de vida universitario. Incluso, muchos ingresan sin una gu\u00eda clara; hasta un 86% dice no conocer a alg\u00fan egresado de su \u00e1rea que pudiera contarles c\u00f3mo es la vida laboral en su profesi\u00f3n. Por eso, Andrea Valenzuela Rivas, Rectora de la Universidad [&hellip;]<\/p>\n","protected":false},"author":1,"featured_media":384571,"comment_status":"open","ping_status":"closed","sticky":false,"template":"","format":"standard","meta":{"om_disable_all_campaigns":false,"jnews-multi-image_gallery":[],"jnews_single_post":{"source_name":"","source_url":"","via_name":"","via_url":"","override_template":"0","override":[{"template":"1","single_blog_custom":"","parallax":"1","fullscreen":"1","layout":"right-sidebar","sidebar":"default-sidebar","second_sidebar":"default-sidebar","sticky_sidebar":"1","share_position":"top","share_float_style":"share-monocrhome","show_share_counter":"1","show_view_counter":"1","show_featured":"1","show_post_meta":"1","show_post_author":"1","show_post_author_image":"1","show_post_date":"1","post_date_format":"default","post_date_format_custom":"Y\/m\/d","show_post_category":"1","show_post_reading_time":"0","post_reading_time_wpm":"300","show_zoom_button":"0","zoom_button_out_step":"2","zoom_button_in_step":"3","show_post_tag":"1","show_prev_next_post":"1","show_popup_post":"1","number_popup_post":"1","show_author_box":"0","show_post_related":"0","show_inline_post_related":"0"}],"override_image_size":"0","image_override":[{"single_post_thumbnail_size":"crop-500","single_post_gallery_size":"crop-500"}],"trending_post":"0","trending_post_position":"meta","trending_post_label":"Trending","sponsored_post":"0","sponsored_post_label":"Sponsored by","sponsored_post_name":"","sponsored_post_url":"","sponsored_post_logo_enable":"0","sponsored_post_logo":"","sponsored_post_desc":"","disable_ad":"0"},"jnews_primary_category":{"id":""},"jnews_social_meta":{"fb_title":"","fb_description":"","fb_image":"","twitter_title":"","twitter_description":"","twitter_image":""},"footnotes":""},"categories":[40],"tags":[],"class_list":["post-384570","post","type-post","status-publish","format-standard","has-post-thumbnail","hentry","category-industria"],"_links":{"self":[{"href":"https:\/\/dimensionturistica.com\/es\/wp-json\/wp\/v2\/posts\/384570","targetHints":{"allow":["GET"]}}],"collection":[{"href":"https:\/\/dimensionturistica.com\/es\/wp-json\/wp\/v2\/posts"}],"about":[{"href":"https:\/\/dimensionturistica.com\/es\/wp-json\/wp\/v2\/types\/post"}],"author":[{"embeddable":true,"href":"https:\/\/dimensionturistica.com\/es\/wp-json\/wp\/v2\/users\/1"}],"replies":[{"embeddable":true,"href":"https:\/\/dimensionturistica.com\/es\/wp-json\/wp\/v2\/comments?post=384570"}],"version-history":[{"count":0,"href":"https:\/\/dimensionturistica.com\/es\/wp-json\/wp\/v2\/posts\/384570\/revisions"}],"wp:featuredmedia":[{"embeddable":true,"href":"https:\/\/dimensionturistica.com\/es\/wp-json\/wp\/v2\/media\/384571"}],"wp:attachment":[{"href":"https:\/\/dimensionturistica.com\/es\/wp-json\/wp\/v2\/media?parent=384570"}],"wp:term":[{"taxonomy":"category","embeddable":true,"href":"https:\/\/dimensionturistica.com\/es\/wp-json\/wp\/v2\/categories?post=384570"},{"taxonomy":"post_tag","embeddable":true,"href":"https:\/\/dimensionturistica.com\/es\/wp-json\/wp\/v2\/tags?post=384570"}],"curies":[{"name":"wp","href":"https:\/\/api.w.org\/{rel}","templated":true}]}}