{"id":384521,"date":"2022-09-10T10:11:31","date_gmt":"2022-09-10T10:11:31","guid":{"rendered":"https:\/\/dimensionturistica.com\/es\/?p=384521"},"modified":"2022-09-10T10:11:31","modified_gmt":"2022-09-10T10:11:31","slug":"regreso-al-paris-de-las-maravillas","status":"publish","type":"post","link":"https:\/\/dimensionturistica.com\/es\/regreso-al-paris-de-las-maravillas\/","title":{"rendered":"regreso al Par\u00eds de las maravillas"},"content":{"rendered":"<p> <br \/>\n<\/p>\n<div>\n<div id=\"involveds\" class=\"involveds wrap\">\n<div class=\"involved-authors only-author\">\n<div class=\"first-author\">\n<figure class=\"thumb col-xs-3\">&#13;<img loading=\"lazy\" decoding=\"async\" src=\"https:\/\/viajes.nationalgeographic.com.es\/medio\/2021\/12\/09\/foto-alex-newsletter_0d47dd82_600x600.jpg\" alt=\"Foto Alex Newsletter\" class=\"lazyload\" width=\"600\" height=\"600\" data-aspectratio=\"600\/600\"\/><noscript><img decoding=\"async\" src=\"https:\/\/viajes.nationalgeographic.com.es\/medio\/2021\/12\/09\/foto-alex-newsletter_0d47dd82_600x600.jpg\" alt=\"Foto Alex Newsletter\"\/><\/noscript>&#13;<\/figure>\n<\/div>\n<\/div>\n<\/div>\n<p class=\"date\"> <time itemprop=\"dateModified\" datetime=\"2022-09-10T11:55:00+02:00\" data-timestamp=\"1662810900\">&#13;10 de septiembre de 2022 \u00b7 11:55<\/time>&#13;<\/p>\n<\/div>\n<div id=\"article-sumary\">\n<div class=\"article-txt ad-mobile-top\">\n<p dir=\"ltr\"><span id=\"docs-internal-guid-9ae86b22-7fff-f704-d5c1-80f81ec08fbf\">El camarero que sirve el desayuno deja con elegancia sobre la mesa una peque\u00f1a bandeja con mantequilla. Al abrir la tapa, se puede ver c\u00f3mo la pastilla est\u00e1 decorada con el escudo del establecimiento, una gran \u201cC\u201d tocada con la corona ilustre de la familia del Conde de Crill\u00f3n. Su consistencia es perfecta para poder untarla sobre cualquiera de los panecillos reci\u00e9n horneados -todo en la sala parece flotar en ese glorioso\u00a0aroma a pan que solo se siente en Par\u00eds- que hay en el cesto junto a croissants y <em>ache au chocolat<\/em>. Esa pastilla de mantequilla es un monumento discreto, pero a la vez orgulloso, del triunfo del detalle m\u00e1s exquisito. Esa es la verdadera dimensi\u00f3n del lujo que se experimenta a cada momento en el <\/span><a rel=\"nofollow noopener\" target=\"_blank\" href=\"https:\/\/www.rosewoodhotels.com\/en\/hotel-de-crillon\">H\u00f4tel\u00a0de\u00a0Crillon<span>.<\/span><\/a><\/p>\n<p>\u00a0<\/p>\n<\/div>\n<\/div>\n\n<p><em> &#8221; Fuentes viajes.nationalgeographic.com.es &#8221; <\/em><\/p>\n","protected":false},"excerpt":{"rendered":"<p>&#13;&#13; &#13;10 de septiembre de 2022 \u00b7 11:55&#13; El camarero que sirve el desayuno deja con elegancia sobre la mesa una peque\u00f1a bandeja con mantequilla. Al abrir la tapa, se puede ver c\u00f3mo la pastilla est\u00e1 decorada con el escudo del establecimiento, una gran \u201cC\u201d tocada con la corona ilustre de la familia del Conde [&hellip;]<\/p>\n","protected":false},"author":4,"featured_media":334727,"comment_status":"open","ping_status":"closed","sticky":false,"template":"","format":"standard","meta":{"om_disable_all_campaigns":false,"jnews-multi-image_gallery":[],"jnews_single_post":[],"jnews_primary_category":[],"jnews_social_meta":[],"footnotes":""},"categories":[39],"tags":[47258,47257],"class_list":["post-384521","post","type-post","status-publish","format-standard","has-post-thumbnail","hentry","category-viajes","tag-cargado-desde-el-fichero-de-recursos","tag-keywords-por-defecto"],"_links":{"self":[{"href":"https:\/\/dimensionturistica.com\/es\/wp-json\/wp\/v2\/posts\/384521","targetHints":{"allow":["GET"]}}],"collection":[{"href":"https:\/\/dimensionturistica.com\/es\/wp-json\/wp\/v2\/posts"}],"about":[{"href":"https:\/\/dimensionturistica.com\/es\/wp-json\/wp\/v2\/types\/post"}],"author":[{"embeddable":true,"href":"https:\/\/dimensionturistica.com\/es\/wp-json\/wp\/v2\/users\/4"}],"replies":[{"embeddable":true,"href":"https:\/\/dimensionturistica.com\/es\/wp-json\/wp\/v2\/comments?post=384521"}],"version-history":[{"count":0,"href":"https:\/\/dimensionturistica.com\/es\/wp-json\/wp\/v2\/posts\/384521\/revisions"}],"wp:featuredmedia":[{"embeddable":true,"href":"https:\/\/dimensionturistica.com\/es\/wp-json\/wp\/v2\/media\/334727"}],"wp:attachment":[{"href":"https:\/\/dimensionturistica.com\/es\/wp-json\/wp\/v2\/media?parent=384521"}],"wp:term":[{"taxonomy":"category","embeddable":true,"href":"https:\/\/dimensionturistica.com\/es\/wp-json\/wp\/v2\/categories?post=384521"},{"taxonomy":"post_tag","embeddable":true,"href":"https:\/\/dimensionturistica.com\/es\/wp-json\/wp\/v2\/tags?post=384521"}],"curies":[{"name":"wp","href":"https:\/\/api.w.org\/{rel}","templated":true}]}}