{"id":384138,"date":"2022-09-09T15:27:08","date_gmt":"2022-09-09T15:27:08","guid":{"rendered":"https:\/\/dimensionturistica.com\/es\/?p=384138"},"modified":"2022-09-09T16:34:44","modified_gmt":"2022-09-09T16:34:44","slug":"the-dolphin-company-dedicara-el-mes-de-septiembre-para-conmemorar-el-dia-internacional-del-manati","status":"publish","type":"post","link":"https:\/\/dimensionturistica.com\/es\/the-dolphin-company-dedicara-el-mes-de-septiembre-para-conmemorar-el-dia-internacional-del-manati\/","title":{"rendered":"The Dolphin Company dedicara el mes de septiembre para conmemorar el Dia Internacional del Manat\u00ed"},"content":{"rendered":"<p><img decoding=\"async\" class=\"size-medium wp-image-384143 alignright\" src=\"https:\/\/dimensionturistica.com\/es\/wp-content\/uploads\/2022\/09\/Manati-2-300x200.jpg\" alt=\"\" width=\"300\" height=\"200\" srcset=\"https:\/\/dimensionturistica.com\/es\/wp-content\/uploads\/2022\/09\/Manati-2-300x200.jpg 300w, https:\/\/dimensionturistica.com\/es\/wp-content\/uploads\/2022\/09\/Manati-2-1024x683.jpg 1024w, https:\/\/dimensionturistica.com\/es\/wp-content\/uploads\/2022\/09\/Manati-2-768x512.jpg 768w, https:\/\/dimensionturistica.com\/es\/wp-content\/uploads\/2022\/09\/Manati-2-1536x1024.jpg 1536w, https:\/\/dimensionturistica.com\/es\/wp-content\/uploads\/2022\/09\/Manati-2-2048x1365.jpg 2048w, https:\/\/dimensionturistica.com\/es\/wp-content\/uploads\/2022\/09\/Manati-2-750x500.jpg 750w, https:\/\/dimensionturistica.com\/es\/wp-content\/uploads\/2022\/09\/Manati-2-1140x760.jpg 1140w\" sizes=\"(max-width: 300px) 100vw, 300px\" \/>Dolphin Discovery, reconocido h\u00e1bitat de mam\u00edferos marinos y orgullosamente parte de The Dolphin Company, anunci\u00f3 el d\u00eda de hoy que como cada a\u00f1o, durante los \u00faltimos 6 a\u00f1os, dedicar\u00e1 una serie de<br \/>\neventos y actividades en torno al D\u00eda Internacional del Manat\u00ed, que se conmemora el 07 de septiembre de cada a\u00f1o con el objetivo de concientizar a las personas acerca del cuidado de esta especie en peligro de extinci\u00f3n.<br \/>\nEste a\u00f1o, se dedicar\u00e1 un mes completo a la educaci\u00f3n acerca del cuidado de esta especie end\u00e9mica de nuestro pa\u00eds. Los eventos se desarrollar\u00e1n de forma tanto presencial como en l\u00ednea para aumentar el alcance de la informaci\u00f3n y todos ser\u00e1n<br \/>\ngratuitos. As\u00ed mismo se desarrollar\u00e1n actividades en todos los pa\u00edses en los que Dolphin Discovery tiene presencia, incluidos M\u00e9xico, Estados Unidos, Argentina, Italia y las islas del Caribe.<br \/>\nEl calendario de actividades del D\u00eda Internacional del Manat\u00ed ser\u00e1 el siguiente:<\/p>\n<p><img decoding=\"async\" class=\" wp-image-384142 alignright\" src=\"https:\/\/dimensionturistica.com\/es\/wp-content\/uploads\/2022\/09\/CALENDARIO-300x135.jpg\" alt=\"\" width=\"800\" height=\"360\" srcset=\"https:\/\/dimensionturistica.com\/es\/wp-content\/uploads\/2022\/09\/CALENDARIO-300x135.jpg 300w, https:\/\/dimensionturistica.com\/es\/wp-content\/uploads\/2022\/09\/CALENDARIO-1024x460.jpg 1024w, https:\/\/dimensionturistica.com\/es\/wp-content\/uploads\/2022\/09\/CALENDARIO-768x345.jpg 768w, https:\/\/dimensionturistica.com\/es\/wp-content\/uploads\/2022\/09\/CALENDARIO-1536x690.jpg 1536w, https:\/\/dimensionturistica.com\/es\/wp-content\/uploads\/2022\/09\/CALENDARIO-750x337.jpg 750w, https:\/\/dimensionturistica.com\/es\/wp-content\/uploads\/2022\/09\/CALENDARIO-1140x512.jpg 1140w, https:\/\/dimensionturistica.com\/es\/wp-content\/uploads\/2022\/09\/CALENDARIO.jpg 1969w\" sizes=\"(max-width: 800px) 100vw, 800px\" \/><br \/>\n\u201cLas actividades conmemorativas del D\u00eda Internacional del Manat\u00ed son sumamente importante para nosotros. Difundir informaci\u00f3n valiosa que contribuya a la conservaci\u00f3n del Manat\u00ed es nuestro deber como Empresa Socialmente Responsable que alberga bajo su cuidado a esta especie en peligro de extinci\u00f3n. Estamos emocionados de que cada vez m\u00e1s personas, adultos y ni\u00f1os, se interesen por nuestros eventos conmemorativos y pongan en pr\u00e1ctica las recomendaciones que brindamos para cuidar de nuestro medio<img decoding=\"async\" class=\"size-medium wp-image-384144 alignright\" src=\"https:\/\/dimensionturistica.com\/es\/wp-content\/uploads\/2022\/09\/Manati-4-300x172.jpeg\" alt=\"\" width=\"300\" height=\"172\" srcset=\"https:\/\/dimensionturistica.com\/es\/wp-content\/uploads\/2022\/09\/Manati-4-300x172.jpeg 300w, https:\/\/dimensionturistica.com\/es\/wp-content\/uploads\/2022\/09\/Manati-4-1024x585.jpeg 1024w, https:\/\/dimensionturistica.com\/es\/wp-content\/uploads\/2022\/09\/Manati-4-768x439.jpeg 768w, https:\/\/dimensionturistica.com\/es\/wp-content\/uploads\/2022\/09\/Manati-4-1536x878.jpeg 1536w, https:\/\/dimensionturistica.com\/es\/wp-content\/uploads\/2022\/09\/Manati-4-2048x1171.jpeg 2048w, https:\/\/dimensionturistica.com\/es\/wp-content\/uploads\/2022\/09\/Manati-4-750x429.jpeg 750w, https:\/\/dimensionturistica.com\/es\/wp-content\/uploads\/2022\/09\/Manati-4-1140x652.jpeg 1140w\" sizes=\"(max-width: 300px) 100vw, 300px\" \/> ambiente y las especies que en \u00e9l habitan\u201d, coment\u00f3 Rosy Cerrillos, Gerente Corporativo de Especialistas en Mam\u00edferos Marinos de The Dolphin Company.<br \/>\nEsta edici\u00f3n ser\u00e1 de gran relevancia para The Dolphin Company ya que ser\u00e1 inclusiva. Durante las conferencias del 21 de septiembre en el Planetario Ka\u2019Yok de Canc\u00fan se contar\u00e1 con la asistencia de ni\u00f1os, ni\u00f1as, adolescentes y adultos con diversas discapacidades. Algunos de ellos provenientes de asociaciones como Manos Especiales A.C. y el Centro de Atenci\u00f3n M\u00faltiple (CAM) Eduard Huet. Se estima una asistencia de m\u00e1s de 100 personas con discapacidad, los cuales podr\u00e1n disfrutar de las ponencias a trav\u00e9s de materiales sensoriales, en braille y un int\u00e9rprete de lengua de se\u00f1as. El staff y voluntariado del evento recibi\u00f3 tambi\u00e9n capacitaci\u00f3n para brindar excelente atenci\u00f3n y cuidados a todos los visitantes.<br \/>\nThe Dolphin Company es una Empresa Socialmente Responsable desde hace m\u00e1s de 17 a\u00f1os, que cada a\u00f1o realiza actividades de concientizaci\u00f3n acerca del cuidado de especies como Lobos Marinos, Delfines y Manat\u00edes, velando as\u00ed en conjunto con la<br \/>\nsociedad por el bienestar de la flora y la fauna que nos rodea.<\/p>\n","protected":false},"excerpt":{"rendered":"<p>Dolphin Discovery, reconocido h\u00e1bitat de mam\u00edferos marinos y orgullosamente parte de The Dolphin Company, anunci\u00f3 el d\u00eda de hoy que como cada a\u00f1o, durante los \u00faltimos 6 a\u00f1os, dedicar\u00e1 una serie de eventos y actividades en torno al D\u00eda Internacional del Manat\u00ed, que se conmemora el 07 de septiembre de cada a\u00f1o con el objetivo [&hellip;]<\/p>\n","protected":false},"author":1,"featured_media":384148,"comment_status":"open","ping_status":"closed","sticky":false,"template":"","format":"standard","meta":{"om_disable_all_campaigns":false,"jnews-multi-image_gallery":[],"jnews_single_post":{"source_name":"","source_url":"","via_name":"","via_url":"","override_template":"0","override":[{"template":"1","single_blog_custom":"","parallax":"1","fullscreen":"1","layout":"right-sidebar","sidebar":"default-sidebar","second_sidebar":"default-sidebar","sticky_sidebar":"1","share_position":"top","share_float_style":"share-monocrhome","show_share_counter":"1","show_view_counter":"1","show_featured":"1","show_post_meta":"1","show_post_author":"1","show_post_author_image":"1","show_post_date":"1","post_date_format":"default","post_date_format_custom":"Y\/m\/d","show_post_category":"1","show_post_reading_time":"0","post_reading_time_wpm":"300","show_zoom_button":"0","zoom_button_out_step":"2","zoom_button_in_step":"3","show_post_tag":"1","show_prev_next_post":"1","show_popup_post":"1","number_popup_post":"1","show_author_box":"0","show_post_related":"0","show_inline_post_related":"0"}],"override_image_size":"0","image_override":[{"single_post_thumbnail_size":"crop-500","single_post_gallery_size":"crop-500"}],"trending_post":"0","trending_post_position":"meta","trending_post_label":"Trending","sponsored_post":"0","sponsored_post_label":"Sponsored by","sponsored_post_name":"","sponsored_post_url":"","sponsored_post_logo_enable":"0","sponsored_post_logo":"","sponsored_post_desc":"","disable_ad":"0"},"jnews_primary_category":{"id":""},"jnews_social_meta":{"fb_title":"","fb_description":"","fb_image":"","twitter_title":"","twitter_description":"","twitter_image":""},"footnotes":""},"categories":[39],"tags":[],"class_list":["post-384138","post","type-post","status-publish","format-standard","has-post-thumbnail","hentry","category-viajes"],"_links":{"self":[{"href":"https:\/\/dimensionturistica.com\/es\/wp-json\/wp\/v2\/posts\/384138","targetHints":{"allow":["GET"]}}],"collection":[{"href":"https:\/\/dimensionturistica.com\/es\/wp-json\/wp\/v2\/posts"}],"about":[{"href":"https:\/\/dimensionturistica.com\/es\/wp-json\/wp\/v2\/types\/post"}],"author":[{"embeddable":true,"href":"https:\/\/dimensionturistica.com\/es\/wp-json\/wp\/v2\/users\/1"}],"replies":[{"embeddable":true,"href":"https:\/\/dimensionturistica.com\/es\/wp-json\/wp\/v2\/comments?post=384138"}],"version-history":[{"count":0,"href":"https:\/\/dimensionturistica.com\/es\/wp-json\/wp\/v2\/posts\/384138\/revisions"}],"wp:featuredmedia":[{"embeddable":true,"href":"https:\/\/dimensionturistica.com\/es\/wp-json\/wp\/v2\/media\/384148"}],"wp:attachment":[{"href":"https:\/\/dimensionturistica.com\/es\/wp-json\/wp\/v2\/media?parent=384138"}],"wp:term":[{"taxonomy":"category","embeddable":true,"href":"https:\/\/dimensionturistica.com\/es\/wp-json\/wp\/v2\/categories?post=384138"},{"taxonomy":"post_tag","embeddable":true,"href":"https:\/\/dimensionturistica.com\/es\/wp-json\/wp\/v2\/tags?post=384138"}],"curies":[{"name":"wp","href":"https:\/\/api.w.org\/{rel}","templated":true}]}}