{"id":384049,"date":"2022-09-09T13:50:48","date_gmt":"2022-09-09T13:50:48","guid":{"rendered":"https:\/\/dimensionturistica.com\/es\/?p=384049"},"modified":"2022-09-09T13:50:48","modified_gmt":"2022-09-09T13:50:48","slug":"fovissste-y-aapaunam-inauguran-manana-feria-de-la-vivienda","status":"publish","type":"post","link":"https:\/\/dimensionturistica.com\/es\/fovissste-y-aapaunam-inauguran-manana-feria-de-la-vivienda\/","title":{"rendered":"Fovissste y AAPAUNAM inauguran ma\u00f1ana Feria de la Vivienda"},"content":{"rendered":"<p>L<img decoding=\"async\" class=\"size-medium wp-image-384052 alignright\" src=\"https:\/\/dimensionturistica.com\/es\/wp-content\/uploads\/2022\/09\/FOVI3-300x200.jpg\" alt=\"\" width=\"300\" height=\"200\" srcset=\"https:\/\/dimensionturistica.com\/es\/wp-content\/uploads\/2022\/09\/FOVI3-300x200.jpg 300w, https:\/\/dimensionturistica.com\/es\/wp-content\/uploads\/2022\/09\/FOVI3-1024x682.jpg 1024w, https:\/\/dimensionturistica.com\/es\/wp-content\/uploads\/2022\/09\/FOVI3-768x512.jpg 768w, https:\/\/dimensionturistica.com\/es\/wp-content\/uploads\/2022\/09\/FOVI3-1536x1024.jpg 1536w, https:\/\/dimensionturistica.com\/es\/wp-content\/uploads\/2022\/09\/FOVI3-2048x1365.jpg 2048w, https:\/\/dimensionturistica.com\/es\/wp-content\/uploads\/2022\/09\/FOVI3-750x500.jpg 750w, https:\/\/dimensionturistica.com\/es\/wp-content\/uploads\/2022\/09\/FOVI3-1140x760.jpg 1140w\" sizes=\"(max-width: 300px) 100vw, 300px\" \/>as personas afiliadas a la Asociaci\u00f3n Aut\u00f3noma del Personal Acad\u00e9mico de la Universidad Nacional Aut\u00f3noma de M\u00e9xico (AAPAUNAM) podr\u00e1n acudir a la feria que el Fondo de la Vivienda del Instituto de Seguridad y Servicios Sociales de los Trabajadores del Estado (Fovissste) llevar\u00e1 a cabo, con el objetivo de acercar los servicios crediticios que ofrece a sus beneficiarios. e<br \/>\nEn la Feria de la Vivienda Fovissste-AAPAUNAM se ofrecer\u00e1 asesor\u00eda personalizada para realizar tr\u00e1mite hipotecario y <img decoding=\"async\" class=\"size-medium wp-image-384051 alignleft\" src=\"https:\/\/dimensionturistica.com\/es\/wp-content\/uploads\/2022\/09\/FOVI2-300x200.jpg\" alt=\"\" width=\"300\" height=\"200\" srcset=\"https:\/\/dimensionturistica.com\/es\/wp-content\/uploads\/2022\/09\/FOVI2-300x200.jpg 300w, https:\/\/dimensionturistica.com\/es\/wp-content\/uploads\/2022\/09\/FOVI2-1024x683.jpg 1024w, https:\/\/dimensionturistica.com\/es\/wp-content\/uploads\/2022\/09\/FOVI2-768x512.jpg 768w, https:\/\/dimensionturistica.com\/es\/wp-content\/uploads\/2022\/09\/FOVI2-1536x1024.jpg 1536w, https:\/\/dimensionturistica.com\/es\/wp-content\/uploads\/2022\/09\/FOVI2-2048x1365.jpg 2048w, https:\/\/dimensionturistica.com\/es\/wp-content\/uploads\/2022\/09\/FOVI2-750x500.jpg 750w, https:\/\/dimensionturistica.com\/es\/wp-content\/uploads\/2022\/09\/FOVI2-1140x760.jpg 1140w\" sizes=\"(max-width: 300px) 100vw, 300px\" \/>despejar dudas sobre cr\u00e9ditos ya existentes o en proceso de originaci\u00f3n. El acto protocolario de inauguraci\u00f3n ser\u00e1 encabezado por sus respectivos titulares: la secretaria general, Bertha Rodr\u00edguez S\u00e1mano y el vocal ejecutivo, C\u00e9sar Buenrostro Moreno.<br \/>\nSe ofrecer\u00e1n conferencias informativas en el auditorio de la Casa Club del Acad\u00e9mico, en horario de 11:00 a 12:00 horas, las cuales iniciar\u00e1n el mi\u00e9rcoles 7 de septiembre con el tema \u201cEsquemas de cr\u00e9ditos\u201d. El jueves 8 se abordar\u00e1 todo lo relacionado a \u201cFovissste para Todos\u201d; en tanto que el viernes 9 se explicar\u00e1n las carater\u00edsticas acerca de la autoconstrucci\u00f3n con la ponencia \u201cConstruyes tu casa\u201d.<br \/>\nEn los tres d\u00edas de actividades estar\u00e1n presentes distintos desarrolladores certificados, instituciones bancarias con las que se tienen acuerdos para otorgar pr\u00e9stamos hipotecarios, la Secretar\u00eda de Vivienda de la<img decoding=\"async\" class=\"size-medium wp-image-384050 alignright\" src=\"https:\/\/dimensionturistica.com\/es\/wp-content\/uploads\/2022\/09\/FOVI1-300x200.jpg\" alt=\"\" width=\"300\" height=\"200\" srcset=\"https:\/\/dimensionturistica.com\/es\/wp-content\/uploads\/2022\/09\/FOVI1-300x200.jpg 300w, https:\/\/dimensionturistica.com\/es\/wp-content\/uploads\/2022\/09\/FOVI1-1024x683.jpg 1024w, https:\/\/dimensionturistica.com\/es\/wp-content\/uploads\/2022\/09\/FOVI1-768x512.jpg 768w, https:\/\/dimensionturistica.com\/es\/wp-content\/uploads\/2022\/09\/FOVI1-1536x1024.jpg 1536w, https:\/\/dimensionturistica.com\/es\/wp-content\/uploads\/2022\/09\/FOVI1-2048x1365.jpg 2048w, https:\/\/dimensionturistica.com\/es\/wp-content\/uploads\/2022\/09\/FOVI1-750x500.jpg 750w, https:\/\/dimensionturistica.com\/es\/wp-content\/uploads\/2022\/09\/FOVI1-1140x760.jpg 1140w\" sizes=\"(max-width: 300px) 100vw, 300px\" \/> AAPAUNAM, as\u00ed como el M\u00f3dulo de Atenci\u00f3n Integral del Fovissste para brindar informaci\u00f3n respecto a estados de cuenta, liquidaci\u00f3n y otros tr\u00e1mites, tanto para quienes ya ejercen un cr\u00e9dito como para quienes planean iniciarlo.<br \/>\nLa AAPAUNAM es la asociaci\u00f3n gremial que apoya y asesora a cerca de 29 mil acad\u00e9micos afiliados con los tr\u00e1mites para la obtenci\u00f3n de un cr\u00e9dito hipotecario con el Fovissste, adem\u00e1s de otros tr\u00e1mites relacionados con prestaciones. Cabe recordar que los docentes representan 32 por ciento del total de las personas acreditadas del Fovissste.<br \/>\nEl acceso a la Feria de la Vivienda Fovissste-AAPAUNAM ser\u00e1 gratuito y estar\u00e1 abierto a todas las personas trabajadoras de otras instituciones de 9:00 a 17:00 horas en las instalaciones de la Casa Club del Acad\u00e9mico, ubicada en Avenida Ciudad Universitaria 301, Ciudad Universitaria, alcald\u00eda Coyoac\u00e1n.<\/p>\n","protected":false},"excerpt":{"rendered":"<p>Las personas afiliadas a la Asociaci\u00f3n Aut\u00f3noma del Personal Acad\u00e9mico de la Universidad Nacional Aut\u00f3noma de M\u00e9xico (AAPAUNAM) podr\u00e1n acudir a la feria que el Fondo de la Vivienda del Instituto de Seguridad y Servicios Sociales de los Trabajadores del Estado (Fovissste) llevar\u00e1 a cabo, con el objetivo de acercar los servicios crediticios que ofrece [&hellip;]<\/p>\n","protected":false},"author":1,"featured_media":384052,"comment_status":"open","ping_status":"closed","sticky":false,"template":"","format":"standard","meta":{"om_disable_all_campaigns":false,"jnews-multi-image_gallery":[],"jnews_single_post":{"source_name":"","source_url":"","via_name":"","via_url":"","override_template":"0","override":[{"template":"1","single_blog_custom":"","parallax":"1","fullscreen":"1","layout":"right-sidebar","sidebar":"default-sidebar","second_sidebar":"default-sidebar","sticky_sidebar":"1","share_position":"top","share_float_style":"share-monocrhome","show_share_counter":"1","show_view_counter":"1","show_featured":"1","show_post_meta":"1","show_post_author":"1","show_post_author_image":"1","show_post_date":"1","post_date_format":"default","post_date_format_custom":"Y\/m\/d","show_post_category":"1","show_post_reading_time":"0","post_reading_time_wpm":"300","show_zoom_button":"0","zoom_button_out_step":"2","zoom_button_in_step":"3","show_post_tag":"1","show_prev_next_post":"1","show_popup_post":"1","number_popup_post":"1","show_author_box":"0","show_post_related":"0","show_inline_post_related":"0"}],"override_image_size":"0","image_override":[{"single_post_thumbnail_size":"crop-500","single_post_gallery_size":"crop-500"}],"trending_post":"0","trending_post_position":"meta","trending_post_label":"Trending","sponsored_post":"0","sponsored_post_label":"Sponsored by","sponsored_post_name":"","sponsored_post_url":"","sponsored_post_logo_enable":"0","sponsored_post_logo":"","sponsored_post_desc":"","disable_ad":"0"},"jnews_primary_category":{"id":""},"jnews_social_meta":{"fb_title":"","fb_description":"","fb_image":"","twitter_title":"","twitter_description":"","twitter_image":""},"footnotes":""},"categories":[40],"tags":[],"class_list":["post-384049","post","type-post","status-publish","format-standard","has-post-thumbnail","hentry","category-industria"],"_links":{"self":[{"href":"https:\/\/dimensionturistica.com\/es\/wp-json\/wp\/v2\/posts\/384049","targetHints":{"allow":["GET"]}}],"collection":[{"href":"https:\/\/dimensionturistica.com\/es\/wp-json\/wp\/v2\/posts"}],"about":[{"href":"https:\/\/dimensionturistica.com\/es\/wp-json\/wp\/v2\/types\/post"}],"author":[{"embeddable":true,"href":"https:\/\/dimensionturistica.com\/es\/wp-json\/wp\/v2\/users\/1"}],"replies":[{"embeddable":true,"href":"https:\/\/dimensionturistica.com\/es\/wp-json\/wp\/v2\/comments?post=384049"}],"version-history":[{"count":0,"href":"https:\/\/dimensionturistica.com\/es\/wp-json\/wp\/v2\/posts\/384049\/revisions"}],"wp:featuredmedia":[{"embeddable":true,"href":"https:\/\/dimensionturistica.com\/es\/wp-json\/wp\/v2\/media\/384052"}],"wp:attachment":[{"href":"https:\/\/dimensionturistica.com\/es\/wp-json\/wp\/v2\/media?parent=384049"}],"wp:term":[{"taxonomy":"category","embeddable":true,"href":"https:\/\/dimensionturistica.com\/es\/wp-json\/wp\/v2\/categories?post=384049"},{"taxonomy":"post_tag","embeddable":true,"href":"https:\/\/dimensionturistica.com\/es\/wp-json\/wp\/v2\/tags?post=384049"}],"curies":[{"name":"wp","href":"https:\/\/api.w.org\/{rel}","templated":true}]}}