{"id":384035,"date":"2022-09-09T13:42:09","date_gmt":"2022-09-09T13:42:09","guid":{"rendered":"https:\/\/dimensionturistica.com\/es\/?p=384035"},"modified":"2022-09-09T13:42:09","modified_gmt":"2022-09-09T13:42:09","slug":"la-secretaria-de-relaciones-exteriores-y-funo-ponen-en-marcha-la-nueva-oficina-de-pasaportes-poniente-de-la-cdmx","status":"publish","type":"post","link":"https:\/\/dimensionturistica.com\/es\/la-secretaria-de-relaciones-exteriores-y-funo-ponen-en-marcha-la-nueva-oficina-de-pasaportes-poniente-de-la-cdmx\/","title":{"rendered":"La Secretar\u00eda de Relaciones Exteriores y FUNO ponen en marcha la nueva Oficina de Pasaportes Poniente de la CDMX"},"content":{"rendered":"<p><img decoding=\"async\" class=\"size-medium wp-image-384036 alignright\" src=\"https:\/\/dimensionturistica.com\/es\/wp-content\/uploads\/2022\/09\/EBRAD-300x225.jpg\" alt=\"\" width=\"300\" height=\"225\" srcset=\"https:\/\/dimensionturistica.com\/es\/wp-content\/uploads\/2022\/09\/EBRAD-300x225.jpg 300w, https:\/\/dimensionturistica.com\/es\/wp-content\/uploads\/2022\/09\/EBRAD-1024x768.jpg 1024w, https:\/\/dimensionturistica.com\/es\/wp-content\/uploads\/2022\/09\/EBRAD-768x576.jpg 768w, https:\/\/dimensionturistica.com\/es\/wp-content\/uploads\/2022\/09\/EBRAD-1536x1153.jpg 1536w, https:\/\/dimensionturistica.com\/es\/wp-content\/uploads\/2022\/09\/EBRAD-750x563.jpg 750w, https:\/\/dimensionturistica.com\/es\/wp-content\/uploads\/2022\/09\/EBRAD-1140x856.jpg 1140w, https:\/\/dimensionturistica.com\/es\/wp-content\/uploads\/2022\/09\/EBRAD.jpg 1599w\" sizes=\"(max-width: 300px) 100vw, 300px\" \/>Con la presencia de Marcelo Ebrard, secretario de Relaciones Exteriores; L\u00eda Lim\u00f3n, Alcaldesa de \u00c1lvaro Obreg\u00f3n; Max El-Mann, miembro del Comit\u00e9 T\u00e9cnico Fibra Uno; y Gonzalo Robina, director general adjunto de Fibra Uno, se llev\u00f3 a cabo en el centro comercial Samara Shops, ubicado en Santa Fe, Alcald\u00eda de \u00c1lvaro Obreg\u00f3n, la apertura de la nueva Oficina de Pasaportes Poniente de la CDMX.<br \/>\nEn una superficie de 1,200 metros cuadrados, esta nueva oficina fusiona a los anteriores centros de atenci\u00f3n en Cuajimalpa y \u00c1lvaro Obreg\u00f3n, integr\u00e1ndolos en un solo punto que, con el apoyo de la tecnolog\u00eda y un dise\u00f1o inclusivo de vanguardia, ofrecer\u00e1 a los usuarios las siguientes instalaciones:<br \/>\n<img decoding=\"async\" class=\"size-medium wp-image-384042 alignleft\" src=\"https:\/\/dimensionturistica.com\/es\/wp-content\/uploads\/2022\/09\/EBRAD4-300x218.jpg\" alt=\"\" width=\"300\" height=\"218\" srcset=\"https:\/\/dimensionturistica.com\/es\/wp-content\/uploads\/2022\/09\/EBRAD4-300x218.jpg 300w, https:\/\/dimensionturistica.com\/es\/wp-content\/uploads\/2022\/09\/EBRAD4-1024x745.jpg 1024w, https:\/\/dimensionturistica.com\/es\/wp-content\/uploads\/2022\/09\/EBRAD4-768x559.jpg 768w, https:\/\/dimensionturistica.com\/es\/wp-content\/uploads\/2022\/09\/EBRAD4-120x86.jpg 120w, https:\/\/dimensionturistica.com\/es\/wp-content\/uploads\/2022\/09\/EBRAD4-750x546.jpg 750w, https:\/\/dimensionturistica.com\/es\/wp-content\/uploads\/2022\/09\/EBRAD4-1140x829.jpg 1140w, https:\/\/dimensionturistica.com\/es\/wp-content\/uploads\/2022\/09\/EBRAD4.jpg 1148w\" sizes=\"(max-width: 300px) 100vw, 300px\" \/>\u00b7 1 recepci\u00f3n con capacidad para 4 personas simult\u00e1neas<br \/>\n\u00b7 1 ventanilla para realizar citas electr\u00f3nicas<br \/>\n\u00b7 16 ventanillas de atenci\u00f3n general<br \/>\n\u00b7 8 cabinas para datos biom\u00e9tricos<br \/>\n\u00b7 2 ventanillas para entregas<br \/>\nUbicada en Samara Shops, plaza comercial perteneciente al portafolio de FUNO de los hermanos El-Mann, ser\u00e1 la primera oficina en su tipo en la zona poniente de la ciudad y operar\u00e1 de lunes a domingo de 8 de la ma\u00f1ana a 8 de la noche. Este nuevo modelo de oficina de pasaportes ofrecer\u00e1 una atenci\u00f3n profesional y expedita, mejorando as\u00ed la experiencia para realizar tr\u00e1mites.<br \/>\nLa capacidad de servicio ser\u00e1 de hasta 1,200 pasaportes al d\u00eda, para lo cual los solicitantes deber\u00e1n de agendar cita en la p\u00e1gina oficial de la SRE www.citas.sre.gob.mx, en donde obtendr\u00e1n un n\u00famero de cita y pagar previamente para acudir el d\u00eda y la hora indicadas con el objetivo de realizar el tr\u00e1mite de su pasaporte.<img decoding=\"async\" class=\"size-medium wp-image-384037 alignright\" src=\"https:\/\/dimensionturistica.com\/es\/wp-content\/uploads\/2022\/09\/EBRAD1-300x196.jpg\" alt=\"\" width=\"300\" height=\"196\" srcset=\"https:\/\/dimensionturistica.com\/es\/wp-content\/uploads\/2022\/09\/EBRAD1-300x196.jpg 300w, https:\/\/dimensionturistica.com\/es\/wp-content\/uploads\/2022\/09\/EBRAD1-1024x670.jpg 1024w, https:\/\/dimensionturistica.com\/es\/wp-content\/uploads\/2022\/09\/EBRAD1-768x503.jpg 768w, https:\/\/dimensionturistica.com\/es\/wp-content\/uploads\/2022\/09\/EBRAD1-750x491.jpg 750w, https:\/\/dimensionturistica.com\/es\/wp-content\/uploads\/2022\/09\/EBRAD1-1140x746.jpg 1140w, https:\/\/dimensionturistica.com\/es\/wp-content\/uploads\/2022\/09\/EBRAD1.jpg 1196w\" sizes=\"(max-width: 300px) 100vw, 300px\" \/><br \/>\nAdem\u00e1s de las \u00e1reas especializadas en atenci\u00f3n al p\u00fablico, est\u00e1s instalaciones contar\u00e1n con \u00e1rea infantil y ludoteca para que los ni\u00f1os puedan esperar en un espacio seguro mientras sus padres realizan los tr\u00e1mites de sus pasaportes, de igual manera contar\u00e1 con un espacio de lactancia para las mujeres que as\u00ed lo requieran.<br \/>\n\u201cFUNO reitera su compromiso de continuar colaborando con las autoridades para ofrecer espacios y servicios de calidad para las familias mexicanas. Asimismo, continuaremos innovando y buscando los mejores espacios para generar experiencias \u00fanicas a nuestros clientes, usuarios y visitantes\u201d, se\u00f1al\u00f3 Max El-Mann.<br \/>\nEn cuanto a su dise\u00f1o inclusivo, el espacio cuenta con distintas adecuaciones y elementos que facilitan su accesibilidad y permanencia a personas con una capacidad especial, como rampas, ludotecas y detalles para tener la mejor experiencia<\/p>\n","protected":false},"excerpt":{"rendered":"<p>Con la presencia de Marcelo Ebrard, secretario de Relaciones Exteriores; L\u00eda Lim\u00f3n, Alcaldesa de \u00c1lvaro Obreg\u00f3n; Max El-Mann, miembro del Comit\u00e9 T\u00e9cnico Fibra Uno; y Gonzalo Robina, director general adjunto de Fibra Uno, se llev\u00f3 a cabo en el centro comercial Samara Shops, ubicado en Santa Fe, Alcald\u00eda de \u00c1lvaro Obreg\u00f3n, la apertura de la [&hellip;]<\/p>\n","protected":false},"author":1,"featured_media":384041,"comment_status":"open","ping_status":"closed","sticky":false,"template":"","format":"standard","meta":{"om_disable_all_campaigns":false,"jnews-multi-image_gallery":[],"jnews_single_post":{"source_name":"","source_url":"","via_name":"","via_url":"","override_template":"0","override":[{"template":"1","single_blog_custom":"","parallax":"1","fullscreen":"1","layout":"right-sidebar","sidebar":"default-sidebar","second_sidebar":"default-sidebar","sticky_sidebar":"1","share_position":"top","share_float_style":"share-monocrhome","show_share_counter":"1","show_view_counter":"1","show_featured":"1","show_post_meta":"1","show_post_author":"1","show_post_author_image":"1","show_post_date":"1","post_date_format":"default","post_date_format_custom":"Y\/m\/d","show_post_category":"1","show_post_reading_time":"0","post_reading_time_wpm":"300","show_zoom_button":"0","zoom_button_out_step":"2","zoom_button_in_step":"3","show_post_tag":"1","show_prev_next_post":"1","show_popup_post":"1","number_popup_post":"1","show_author_box":"0","show_post_related":"0","show_inline_post_related":"0"}],"override_image_size":"0","image_override":[{"single_post_thumbnail_size":"crop-500","single_post_gallery_size":"crop-500"}],"trending_post":"0","trending_post_position":"meta","trending_post_label":"Trending","sponsored_post":"0","sponsored_post_label":"Sponsored by","sponsored_post_name":"","sponsored_post_url":"","sponsored_post_logo_enable":"0","sponsored_post_logo":"","sponsored_post_desc":"","disable_ad":"0"},"jnews_primary_category":{"id":""},"jnews_social_meta":{"fb_title":"","fb_description":"","fb_image":"","twitter_title":"","twitter_description":"","twitter_image":""},"footnotes":""},"categories":[39],"tags":[],"class_list":["post-384035","post","type-post","status-publish","format-standard","has-post-thumbnail","hentry","category-viajes"],"_links":{"self":[{"href":"https:\/\/dimensionturistica.com\/es\/wp-json\/wp\/v2\/posts\/384035","targetHints":{"allow":["GET"]}}],"collection":[{"href":"https:\/\/dimensionturistica.com\/es\/wp-json\/wp\/v2\/posts"}],"about":[{"href":"https:\/\/dimensionturistica.com\/es\/wp-json\/wp\/v2\/types\/post"}],"author":[{"embeddable":true,"href":"https:\/\/dimensionturistica.com\/es\/wp-json\/wp\/v2\/users\/1"}],"replies":[{"embeddable":true,"href":"https:\/\/dimensionturistica.com\/es\/wp-json\/wp\/v2\/comments?post=384035"}],"version-history":[{"count":0,"href":"https:\/\/dimensionturistica.com\/es\/wp-json\/wp\/v2\/posts\/384035\/revisions"}],"wp:featuredmedia":[{"embeddable":true,"href":"https:\/\/dimensionturistica.com\/es\/wp-json\/wp\/v2\/media\/384041"}],"wp:attachment":[{"href":"https:\/\/dimensionturistica.com\/es\/wp-json\/wp\/v2\/media?parent=384035"}],"wp:term":[{"taxonomy":"category","embeddable":true,"href":"https:\/\/dimensionturistica.com\/es\/wp-json\/wp\/v2\/categories?post=384035"},{"taxonomy":"post_tag","embeddable":true,"href":"https:\/\/dimensionturistica.com\/es\/wp-json\/wp\/v2\/tags?post=384035"}],"curies":[{"name":"wp","href":"https:\/\/api.w.org\/{rel}","templated":true}]}}