{"id":384020,"date":"2022-09-09T13:32:29","date_gmt":"2022-09-09T13:32:29","guid":{"rendered":"https:\/\/dimensionturistica.com\/es\/?p=384020"},"modified":"2022-09-09T13:32:29","modified_gmt":"2022-09-09T13:32:29","slug":"la-crisis-el-hambre-y-el-dia-de-la-beneficencia-en-america-latina","status":"publish","type":"post","link":"https:\/\/dimensionturistica.com\/es\/la-crisis-el-hambre-y-el-dia-de-la-beneficencia-en-america-latina\/","title":{"rendered":"La crisis, el hambre y el D\u00eda de la Beneficencia en Am\u00e9rica Latina"},"content":{"rendered":"<p>Por Michlle Ar\u00e9valo-Carpenter, VP Global de Impacto y Prop\u00f3sito de Betterfly<\/p>\n<p>Algunos efectos comienzan a sentirse en Am\u00e9rica Latina y hoy quisiera centrarme en el impacto, desde mi<img decoding=\"async\" class=\"size-medium wp-image-384027 alignright\" src=\"https:\/\/dimensionturistica.com\/es\/wp-content\/uploads\/2022\/09\/AREVALO-300x240.jpg\" alt=\"\" width=\"300\" height=\"240\" srcset=\"https:\/\/dimensionturistica.com\/es\/wp-content\/uploads\/2022\/09\/AREVALO-300x240.jpg 300w, https:\/\/dimensionturistica.com\/es\/wp-content\/uploads\/2022\/09\/AREVALO.jpg 450w\" sizes=\"(max-width: 300px) 100vw, 300px\" \/> perspectiva, m\u00e1s grave y duradero de todos: el hambre generalizada y la importancia que tiene adelantarnos a las potenciales consecuencias que puede traer, no s\u00f3lo para esta generaci\u00f3n, sino para la venidera.<br \/>\nEl tama\u00f1o del reto<br \/>\nNuestra memoria colectiva nos advierte sobre el golpe que sufren las personas en situaci\u00f3n de vulnerabilidad frente a contextos econ\u00f3micos similares en las \u00faltimas d\u00e9cadas. La recesi\u00f3n del 2008 y el alza de precios de alimentos y materias primas exacerbaron la crisis alimentaria. La FAO estim\u00f3 que la poblaci\u00f3n subnutrida se increment\u00f3 en 6 millones de personas, llegando a 53 millones en Am\u00e9rica Latina hacia la primera parte del 2008. Solo en el 2020, la pandemia COVID 19 aument\u00f3 la cantidad de personas en situaci\u00f3n de hambre, la cual, estimada por la FAO, lleg\u00f3 a los 52.3 millones, y para el 2021 se elev\u00f3 a 56.5 millones en la regi\u00f3n. Seg\u00fan la UNICEF, nuestra regi\u00f3n vi\u00f3 un aumento cr\u00edtico de casi el 70% de la poblaci\u00f3n que sufre hambre entre 2014 y 2020. Es decir, Latinoam\u00e9rica ha perdido d\u00e9cadas de lucha contra el hambre.<br \/>\nLa organizaci\u00f3n de ayuda alimentaria de las Naciones Unidas va m\u00e1s all\u00e1 de la coyuntura econ\u00f3mica. Es decir, reconoce que los conflictos, las perturbaciones clim\u00e1ticas, las pandemias e inestabilidad han generado una &#8220;combinaci\u00f3n mortal&#8221; para afrontar el hambre en los pr\u00f3ximos a\u00f1os. Esta situaci\u00f3n ha llevado al Representante Regional de la FAO, Julio Berdegu\u00e9, a hacer un llamado urgente:<br \/>\n\u201cLa situaci\u00f3n es extremadamente grave. En s\u00f3lo dos a\u00f1os, 13 millones de personas han ca\u00eddo en el hambre. Y cuatro de cada 10 personas viven con inseguridad alimentaria, mientras que todav\u00eda tenemos que prepararnos<img decoding=\"async\" class=\"size-medium wp-image-384026 alignright\" src=\"https:\/\/dimensionturistica.com\/es\/wp-content\/uploads\/2022\/09\/La-FA-300x199.jpg\" alt=\"\" width=\"300\" height=\"199\" srcset=\"https:\/\/dimensionturistica.com\/es\/wp-content\/uploads\/2022\/09\/La-FA-300x199.jpg 300w, https:\/\/dimensionturistica.com\/es\/wp-content\/uploads\/2022\/09\/La-FA.jpg 474w\" sizes=\"(max-width: 300px) 100vw, 300px\" \/> para los impactos de la crisis alimentaria actual\u201d.<br \/>\nFrente a una situaci\u00f3n ya complicada, y con la historia reciente tan presente, llega el momento de poner bajo la lupa las acciones y actores que se necesitan para afrontar la nueva ola de hambruna que se aproximar\u00eda, afectando a nuestra regi\u00f3n. M\u00e1s all\u00e1 de simplemente resaltarlos, es hora de asumir un rol activo, dejar de ser espectadores y formar parte de las acciones que urgen activarse contra el hambre, para que la suma de voluntades, bajo un mismo prop\u00f3sito, engrandezca el impacto que podemos generar.<br \/>\nRienda suelta a soluciones radicales para combatir el hambre<br \/>\nLa historia tambi\u00e9n nos recuerda que frente a las crisis de hambre m\u00e1s potentes, tambi\u00e9n surgen inmensas iniciativas en las que organizaciones, de todo los tama\u00f1os, sedes, giros de negocio, y m\u00e1s, realizan donaciones, comunidades que activan acciones caritativas y de individuos que participan, seg\u00fan sus posibilidades, para aliviar el hambre.<br \/>\nSin embargo, frente a retos como los que se proyectan, la coyuntura nos llama a hacer m\u00e1s que simplemente \u201caliviar\u201d el hambre. El momento llama a liderazgos visionarios que trasciendan a sus sectores y construyan<img decoding=\"async\" class=\"size-medium wp-image-384028 alignright\" src=\"https:\/\/dimensionturistica.com\/es\/wp-content\/uploads\/2022\/09\/UNICEF-300x180.jpg\" alt=\"\" width=\"300\" height=\"180\" srcset=\"https:\/\/dimensionturistica.com\/es\/wp-content\/uploads\/2022\/09\/UNICEF-300x180.jpg 300w, https:\/\/dimensionturistica.com\/es\/wp-content\/uploads\/2022\/09\/UNICEF.jpg 474w\" sizes=\"(max-width: 300px) 100vw, 300px\" \/> nuevas soluciones que nos permitan so\u00f1ar con un futuro sin hambre.<br \/>\nLiderando con el ejemplo, el Programa Mundial de Alimentos lanz\u00f3 el a\u00f1o 2017, una alianza con Singularity University, con la visi\u00f3n de \u201cdar rienda suelta al poder de la tecnolog\u00eda y la revoluci\u00f3n de la data para el bienestar\u201d. El empresario y fundador de Singularity University, Peter Diamandis comparti\u00f3 la visi\u00f3n de \u201cintegrar una red poderosa de empresarios innovadores y pensadores radicales junto con los expertos m\u00e1s conocedores en el campo de la alimentaci\u00f3n\u201d para identificar y apoyar innovaciones escalables.<br \/>\nEste es apenas un ejemplo de c\u00f3mo, a trav\u00e9s de la innovaci\u00f3n y la colaboraci\u00f3n audaz podremos luchar colectivamente, como sociedad, contra el hambre.<br \/>\nTodos podemos ser solidarios<br \/>\nEste D\u00eda Mundial de la Solidaridad es un gran momento para preguntarse si podemos prevenir esta crisis y cu\u00e1l ser\u00e1 el frente del que nos haremos cargo hoy. Las preguntas que, en lo individual y como parte de Betterfly, que propongo a quienes me leen hoy son \u00bfc\u00f3mo podemos ayudar?, \u00bfc\u00f3mo nos hacemos cargo?<br \/>\nEste es un llamado a actuar desde nuestras \u00e1reas de especializaci\u00f3n y conocimiento. Cuestionarnos y analizar el c\u00f3mo creamos alianzas y colaboraciones innovadoras que permitan, por ejemplo, a las empresas participar activamente para apoyar a los bancos de alimentos de sus pa\u00edses; a los agricultores, empoderar a las familias a<img decoding=\"async\" class=\"size-medium wp-image-384025 alignright\" src=\"https:\/\/dimensionturistica.com\/es\/wp-content\/uploads\/2022\/09\/Haiti.-300x168.jpg\" alt=\"\" width=\"300\" height=\"168\" srcset=\"https:\/\/dimensionturistica.com\/es\/wp-content\/uploads\/2022\/09\/Haiti.-300x168.jpg 300w, https:\/\/dimensionturistica.com\/es\/wp-content\/uploads\/2022\/09\/Haiti..jpg 474w\" sizes=\"(max-width: 300px) 100vw, 300px\" \/> tener soberan\u00eda alimentaria en sus hogares, a los educadores, a encontrar mejores maneras de construir nuevos h\u00e1bitos para prevenir la desnutrici\u00f3n cr\u00f3nica infantil; caminos para apoyar las labores de m\u00e9dicos y enfermeras que atienden a peque\u00f1os y madres con carencias indescriptibles, es que cierre el d\u00eda habiendo aportado y participado, de alguna manera, para que menos personas vayan a la cama sin haber comido.<br \/>\nEste D\u00eda Mundial de la Solidaridad, queremos celebrar el impacto de algunos de nuestros aliados regionales y locales que despliegan un compromiso constante para hacer frente al hambre.<br \/>\nA continuaci\u00f3n comparto algunas de las causas con las que trabajamos desde Betterfly y con las que estamos profundamente comprometidos para colaborar, visibilizar y continuar innovando para afrontar juntos la nueva ola de hambre que se viene.<br \/>\n1. Leche para Hait\u00ed<br \/>\nHait\u00ed es el pa\u00eds m\u00e1s pobre de Am\u00e9rica Latina y su poblaci\u00f3n sufre problemas severos de alimentaci\u00f3n, afectando directamente al desarrollo de ni\u00f1os y ni\u00f1as.<br \/>\nLeche para Hait\u00ed es una fundaci\u00f3n chilena que desde hace m\u00e1s de 10 a\u00f1os ayuda a combatir la superaci\u00f3n de la desnutrici\u00f3n infantil a trav\u00e9s de un trabajo en terreno en la ciudad de Puerto Pr\u00edncipe y sus cercan\u00edas.<br \/>\nEn lo que va del a\u00f1o los usuario de Betterfly han contribuido con m\u00e1s de 50.000 donaciones a esta causa logrando la meta para cubrir el tratamiento de 65 ni\u00f1os\/as por un periodo sostenido de 6 meses, que es el tiempo promedio necesario para sacar a un ni\u00f1o\/a de la desnutrici\u00f3n.<br \/>\n2. Grupo Murlota<br \/>\nGrupo Murlota nace el 2005 con el fin de empoderar a familias de comunidades rurales de escasos recursos en M\u00e9xico. El proyecto consiste en proveer a estas familias de lo necesario para llevar a cabo toda la cadena productiva del huevo, brindando capacitaciones para la implementaci\u00f3n de la producci\u00f3n de gallinas en sus casas, asistencia t\u00e9cnica especializada durante el proceso hasta el acopio del huevo y, finalmente, comercializar el producto, buscando clientes que deseen alimentos saludables y amigables con el medio ambiente.<br \/>\nLas donaciones realizadas por los usuarios de Betterfly impactan en la compra de gallinas para proveer 675 mil de huevos de aves de libre pastoreo a 270 familias de zonas rurales en M\u00e9xico, permiti\u00e9ndoles que puedan generar los ingresos suficientes para satisfacer sus necesidades alimentarias durante 18 meses. El proyecto les permite aumentar su consumo diario de prote\u00edna, a la vez que fomenta el consumo de huevos de ave criadas en condiciones dignas en la regi\u00f3n.<br \/>\nUn trabajo multisectorial orquestado y estrat\u00e9gico es indispensable para la construcci\u00f3n de sociedades m\u00e1s incluyentes y equitativas. Desde Betterfly hemos declarado un compromiso global para seguir innovando nuestra oferta y acompa\u00f1ar a las personas a transformarse en la mejor versi\u00f3n de s\u00ed mismos y, en el proceso, seguiremos creando puentes entre la tecnolog\u00eda y el prop\u00f3sito para traducir el auto-cuidado de nuestros usuarios en un impacto positivo para las personas y comunidades que enfrentan un reto tan duro como el hambre.<br \/>\nSo\u00f1ar con el #hambrecero es maravilloso, pero formar parte de la lucha para que ese sue\u00f1o ocurra, es indescriptible. La conmemoraci\u00f3n del D\u00eda Internacional Humanitario es una oportunidad para llamar a las voluntades, ingenios y recursos del sector privado a ser agentes del cambio que esperamos ver en el mundo.<\/p>\n","protected":false},"excerpt":{"rendered":"<p>Por Michlle Ar\u00e9valo-Carpenter, VP Global de Impacto y Prop\u00f3sito de Betterfly Algunos efectos comienzan a sentirse en Am\u00e9rica Latina y hoy quisiera centrarme en el impacto, desde mi perspectiva, m\u00e1s grave y duradero de todos: el hambre generalizada y la importancia que tiene adelantarnos a las potenciales consecuencias que puede traer, no s\u00f3lo para esta [&hellip;]<\/p>\n","protected":false},"author":1,"featured_media":384024,"comment_status":"open","ping_status":"closed","sticky":false,"template":"","format":"standard","meta":{"om_disable_all_campaigns":false,"jnews-multi-image_gallery":[],"jnews_single_post":{"source_name":"","source_url":"","via_name":"","via_url":"","override_template":"0","override":[{"template":"1","single_blog_custom":"","parallax":"1","fullscreen":"1","layout":"right-sidebar","sidebar":"default-sidebar","second_sidebar":"default-sidebar","sticky_sidebar":"1","share_position":"top","share_float_style":"share-monocrhome","show_share_counter":"1","show_view_counter":"1","show_featured":"1","show_post_meta":"1","show_post_author":"1","show_post_author_image":"1","show_post_date":"1","post_date_format":"default","post_date_format_custom":"Y\/m\/d","show_post_category":"1","show_post_reading_time":"0","post_reading_time_wpm":"300","show_zoom_button":"0","zoom_button_out_step":"2","zoom_button_in_step":"3","show_post_tag":"1","show_prev_next_post":"1","show_popup_post":"1","number_popup_post":"1","show_author_box":"0","show_post_related":"0","show_inline_post_related":"0"}],"override_image_size":"0","image_override":[{"single_post_thumbnail_size":"crop-500","single_post_gallery_size":"crop-500"}],"trending_post":"0","trending_post_position":"meta","trending_post_label":"Trending","sponsored_post":"0","sponsored_post_label":"Sponsored by","sponsored_post_name":"","sponsored_post_url":"","sponsored_post_logo_enable":"0","sponsored_post_logo":"","sponsored_post_desc":"","disable_ad":"0"},"jnews_primary_category":{"id":""},"jnews_social_meta":{"fb_title":"","fb_description":"","fb_image":"","twitter_title":"","twitter_description":"","twitter_image":""},"footnotes":""},"categories":[40],"tags":[],"class_list":["post-384020","post","type-post","status-publish","format-standard","has-post-thumbnail","hentry","category-industria"],"_links":{"self":[{"href":"https:\/\/dimensionturistica.com\/es\/wp-json\/wp\/v2\/posts\/384020","targetHints":{"allow":["GET"]}}],"collection":[{"href":"https:\/\/dimensionturistica.com\/es\/wp-json\/wp\/v2\/posts"}],"about":[{"href":"https:\/\/dimensionturistica.com\/es\/wp-json\/wp\/v2\/types\/post"}],"author":[{"embeddable":true,"href":"https:\/\/dimensionturistica.com\/es\/wp-json\/wp\/v2\/users\/1"}],"replies":[{"embeddable":true,"href":"https:\/\/dimensionturistica.com\/es\/wp-json\/wp\/v2\/comments?post=384020"}],"version-history":[{"count":0,"href":"https:\/\/dimensionturistica.com\/es\/wp-json\/wp\/v2\/posts\/384020\/revisions"}],"wp:featuredmedia":[{"embeddable":true,"href":"https:\/\/dimensionturistica.com\/es\/wp-json\/wp\/v2\/media\/384024"}],"wp:attachment":[{"href":"https:\/\/dimensionturistica.com\/es\/wp-json\/wp\/v2\/media?parent=384020"}],"wp:term":[{"taxonomy":"category","embeddable":true,"href":"https:\/\/dimensionturistica.com\/es\/wp-json\/wp\/v2\/categories?post=384020"},{"taxonomy":"post_tag","embeddable":true,"href":"https:\/\/dimensionturistica.com\/es\/wp-json\/wp\/v2\/tags?post=384020"}],"curies":[{"name":"wp","href":"https:\/\/api.w.org\/{rel}","templated":true}]}}