{"id":383995,"date":"2022-09-09T12:44:15","date_gmt":"2022-09-09T12:44:15","guid":{"rendered":"https:\/\/dimensionturistica.com\/es\/?p=383995"},"modified":"2022-09-09T12:44:16","modified_gmt":"2022-09-09T12:44:16","slug":"los-diez-mejores-paises-de-europa-para-viajar-en-coches-ecologicos","status":"publish","type":"post","link":"https:\/\/dimensionturistica.com\/es\/los-diez-mejores-paises-de-europa-para-viajar-en-coches-ecologicos\/","title":{"rendered":"Los diez mejores pa\u00edses de Europa para viajar en coches ecol\u00f3gicos"},"content":{"rendered":"<p> <br \/>\n<\/p>\n<div id=\"article-sumary\">\n<div class=\"article-txt ad-mobile-top\">\n<p>La movilidad sostenible ha pasado de ser una tendencia a convertirse en una realidad. En cuatro a\u00f1os, las b\u00fasquedas\u00a0de alquiler de coches sostenibles aumentaron alrededor de un 172% entre los espa\u00f1oles, y actualmente, Espa\u00f1a es el sexto pa\u00eds con m\u00e1s viajeros interesados en este modo de transporte. Pero, \u00bfqu\u00e9 destino es el id\u00f3neo para descubrir en un veh\u00edculo h\u00edbrido o el\u00e9ctrico? Con base en\u00a0factores como la contaminaci\u00f3n atmosf\u00e9rica, el tr\u00e1fico y el n\u00famero de estaciones de recarga, el buscador de web\u00a0<a rel=\"nofollow noopener\" target=\"_blank\" href=\"https:\/\/www.kayak.es\/c\/road-trip-index\/#sustainability\">KAYAK<\/a>\u00a0ha elaborado un rating con los diez mejores pa\u00edses europeos para viajar de forma sostenible por carretera.\u00a0<\/p>\n<p>\u00a0<\/p>\n<\/div>\n<\/div>\n\n<p><em> &#8221; Fuentes viajes.nationalgeographic.com.es &#8221; <\/em><\/p>\n","protected":false},"excerpt":{"rendered":"<p>La movilidad sostenible ha pasado de ser una tendencia a convertirse en una realidad. En cuatro a\u00f1os, las b\u00fasquedas\u00a0de alquiler de coches sostenibles aumentaron alrededor de un 172% entre los espa\u00f1oles, y actualmente, Espa\u00f1a es el sexto pa\u00eds con m\u00e1s viajeros interesados en este modo de transporte. Pero, \u00bfqu\u00e9 destino es el id\u00f3neo para descubrir [&hellip;]<\/p>\n","protected":false},"author":4,"featured_media":383996,"comment_status":"open","ping_status":"closed","sticky":false,"template":"","format":"standard","meta":{"om_disable_all_campaigns":false,"jnews-multi-image_gallery":[],"jnews_single_post":[],"jnews_primary_category":[],"jnews_social_meta":[],"footnotes":""},"categories":[39],"tags":[47258,47257],"class_list":["post-383995","post","type-post","status-publish","format-standard","has-post-thumbnail","hentry","category-viajes","tag-cargado-desde-el-fichero-de-recursos","tag-keywords-por-defecto"],"_links":{"self":[{"href":"https:\/\/dimensionturistica.com\/es\/wp-json\/wp\/v2\/posts\/383995","targetHints":{"allow":["GET"]}}],"collection":[{"href":"https:\/\/dimensionturistica.com\/es\/wp-json\/wp\/v2\/posts"}],"about":[{"href":"https:\/\/dimensionturistica.com\/es\/wp-json\/wp\/v2\/types\/post"}],"author":[{"embeddable":true,"href":"https:\/\/dimensionturistica.com\/es\/wp-json\/wp\/v2\/users\/4"}],"replies":[{"embeddable":true,"href":"https:\/\/dimensionturistica.com\/es\/wp-json\/wp\/v2\/comments?post=383995"}],"version-history":[{"count":0,"href":"https:\/\/dimensionturistica.com\/es\/wp-json\/wp\/v2\/posts\/383995\/revisions"}],"wp:featuredmedia":[{"embeddable":true,"href":"https:\/\/dimensionturistica.com\/es\/wp-json\/wp\/v2\/media\/383996"}],"wp:attachment":[{"href":"https:\/\/dimensionturistica.com\/es\/wp-json\/wp\/v2\/media?parent=383995"}],"wp:term":[{"taxonomy":"category","embeddable":true,"href":"https:\/\/dimensionturistica.com\/es\/wp-json\/wp\/v2\/categories?post=383995"},{"taxonomy":"post_tag","embeddable":true,"href":"https:\/\/dimensionturistica.com\/es\/wp-json\/wp\/v2\/tags?post=383995"}],"curies":[{"name":"wp","href":"https:\/\/api.w.org\/{rel}","templated":true}]}}