{"id":383816,"date":"2022-09-09T04:05:41","date_gmt":"2022-09-09T04:05:41","guid":{"rendered":"https:\/\/dimensionturistica.com\/es\/?p=383816"},"modified":"2022-09-09T04:05:41","modified_gmt":"2022-09-09T04:05:41","slug":"la-clavadista-paola-espinosa-recibe-homenaje-por-su-trayectoria-en-el-relanzamiento-de-su-fundacion","status":"publish","type":"post","link":"https:\/\/dimensionturistica.com\/es\/la-clavadista-paola-espinosa-recibe-homenaje-por-su-trayectoria-en-el-relanzamiento-de-su-fundacion\/","title":{"rendered":"La Clavadista Paola Espinosa recibe homenaje por su trayectoria en el relanzamiento de su fundaci\u00f3n"},"content":{"rendered":"<p>En el marco de la reactivaci\u00f3n de su fundaci\u00f3n,Paola Espinosa, destacada deportista y considerada una de las personas m\u00e1s influyentes en nuestro pa\u00eds, recibi\u00f3 un homenaje de manos del presidente del municipio Juan Jos\u00e9 Frangie Sade.<br \/>\nAl acto tambi\u00e9n asistieron autoridades como Salvador Villase\u00f1or Aldama, Coordinador general de desarrollo econ\u00f3mico y combate a la desigualdad de Zapopan, e Iv\u00e1n Bauista Vargas, Entrenador nacional y ol\u00edmpico de clavados.<br \/>\nPaola Espinosa, quien fue la madrina de esta reapertura, asegur\u00f3 sentirse emocionada por este reconocimiento<img decoding=\"async\" class=\" wp-image-383824 alignright\" src=\"https:\/\/dimensionturistica.com\/es\/wp-content\/uploads\/2022\/09\/unnamed-2-1-300x198.png\" alt=\"\" width=\"395\" height=\"261\" srcset=\"https:\/\/dimensionturistica.com\/es\/wp-content\/uploads\/2022\/09\/unnamed-2-1-300x198.png 300w, https:\/\/dimensionturistica.com\/es\/wp-content\/uploads\/2022\/09\/unnamed-2-1.png 609w\" sizes=\"(max-width: 395px) 100vw, 395px\" \/> por su trayectoria e impulso al deporte.<br \/>\n\u201cMuchas gracias por abrirme las puertas para este relanzamiento, gracias por esta oportunidad. Es un gusto poder estar aqu\u00ed en esta activaci\u00f3n que ya la hemos esperado por mucho tiempo. Zapopan es un ejemplo en el deporte y COMUDE apoya a los atletas para que tengan recursos y sigan con sus entrenamientos, llevan 4 millones de pesos en apoyo. Los sue\u00f1os se pueden cumplir y los hacen realidad\u201d.<br \/>\nRespecto a su Fundaci\u00f3n que apoya al mejor desarrollo de los ni\u00f1os asegur\u00f3 estar muy contenta de esta labor.<br \/>\n\u201cEstoy muy orgullosa de mi fundaci\u00f3n porque combatimos la obesidad, el sobrepeso y el bullying infantil a trav\u00e9s de la activaci\u00f3n f\u00edsica. Platicando con Salvador Villase\u00f1or coincidimos que queremos enamorar a los ni\u00f1os del ejercicio, cambiar h\u00e1bitos en las familias para as\u00ed tener una sociedad mucho m\u00e1s sana en nuestro M\u00e9xico. A trav\u00e9s del deporte podemos cambiarle la vida a los ni\u00f1os. En un futuro podremos erradicar muchas otras problem\u00e1ticas en todo M\u00e9xico, gracias por abrirme las puertas. Con esta activaci\u00f3n f\u00edsica relanzamos la fundaci\u00f3n con el programa Juega Limpio, Act\u00edvate ya\u201d, destac\u00f3 la clavadista.<br \/>\nPor su parte, el Presidente Municipal de Zapopan Juan Jos\u00e9 Frangie coment\u00f3: \u201cEn Zapopan, un ni\u00f1o o ni\u00f1a que est\u00e1 en el deporte, que toma un bal\u00f3n, que hace gimnasia, que practica clavados o nataci\u00f3n, esa ni\u00f1a o ni\u00f1o jam\u00e1s tendr\u00e1 un arma en su mano, lo sumamos a la cultura y a la educaci\u00f3n y eso es lo que nos va a sacar a M\u00e9xico para poderle dar esta vuelta. Paola cuentas con Zapopan en todo lo que necesite tu fundaci\u00f3n, porque uno de los ejes principales es el deporte. Si tenemos ni\u00f1os sanos podemos tener las mejores unidades deportivas\u201d, asegur\u00f3.<br \/>\nA favor de la ni\u00f1ez mexicana<br \/>\nAsistieron m\u00e1s de 250 ni\u00f1os, cada uno recibi\u00f3 kit que incluy\u00f3 una gorra conmemorativa, una gymbag, una medalla, una bebida para hidratarse y un box lunch, que disfrutaron despu\u00e9s de jugar en las instalaciones.<br \/>\nEntre las actividades que los ni\u00f1os tuvieron oportunidad de realizar estuvieron partidos de futbolito, skate, basquetbol y de b\u00e9isbol. Quienes no estuvieron en estos juegos se ejercitaron en la Cl\u00ednica Act\u00edvate YA con la Fundaci\u00f3n Paola Espinosa A.C. y en la Feria del deporte COMUDE.<img decoding=\"async\" class=\" wp-image-383825 alignright\" src=\"https:\/\/dimensionturistica.com\/es\/wp-content\/uploads\/2022\/09\/unnamed-1-1-300x196.png\" alt=\"\" width=\"496\" height=\"324\" srcset=\"https:\/\/dimensionturistica.com\/es\/wp-content\/uploads\/2022\/09\/unnamed-1-1-300x196.png 300w, https:\/\/dimensionturistica.com\/es\/wp-content\/uploads\/2022\/09\/unnamed-1-1.png 707w\" sizes=\"(max-width: 496px) 100vw, 496px\" \/><br \/>\nConsiderada como la mejor clavadista de la historia de M\u00e9xico y la primera mujer mexicana en ser medallista ol\u00edmpica, as\u00ed como campeona mundial, panamericana y centroamericana, Paola Espinosa mostr\u00f3 durante los 28 a\u00f1os de su trayectoria profesional disciplina y compromiso. Hace poco anunci\u00f3 su retiro de los trampolines y actualmente es una l\u00edder de opini\u00f3n que hace la diferencia en la conversaci\u00f3n de algunos de los temas m\u00e1s importantes de nuestro pa\u00eds.<br \/>\nEn abril de 2013 cre\u00f3 la Fundaci\u00f3n Paola Espinosa A.C. A la fecha ha dedicado tiempo para promover el deporte y as\u00ed combatir la obesidad, sobrepeso y bullying en los ni\u00f1os. La misi\u00f3n ha evolucionado y a la fecha tambi\u00e9n se apoya a personas en situaci\u00f3n de vulnerabilidad, para que tengan una mejor calidad de vida, as\u00ed como mejores condiciones y oportunidades.<\/p>\n","protected":false},"excerpt":{"rendered":"<p>En el marco de la reactivaci\u00f3n de su fundaci\u00f3n,Paola Espinosa, destacada deportista y considerada una de las personas m\u00e1s influyentes en nuestro pa\u00eds, recibi\u00f3 un homenaje de manos del presidente del municipio Juan Jos\u00e9 Frangie Sade. Al acto tambi\u00e9n asistieron autoridades como Salvador Villase\u00f1or Aldama, Coordinador general de desarrollo econ\u00f3mico y combate a la desigualdad [&hellip;]<\/p>\n","protected":false},"author":1,"featured_media":383820,"comment_status":"open","ping_status":"closed","sticky":false,"template":"","format":"standard","meta":{"om_disable_all_campaigns":false,"jnews-multi-image_gallery":[],"jnews_single_post":{"source_name":"","source_url":"","via_name":"","via_url":"","override_template":"0","override":[{"template":"1","single_blog_custom":"","parallax":"1","fullscreen":"1","layout":"right-sidebar","sidebar":"default-sidebar","second_sidebar":"default-sidebar","sticky_sidebar":"1","share_position":"top","share_float_style":"share-monocrhome","show_share_counter":"1","show_view_counter":"1","show_featured":"1","show_post_meta":"1","show_post_author":"1","show_post_author_image":"1","show_post_date":"1","post_date_format":"default","post_date_format_custom":"Y\/m\/d","show_post_category":"1","show_post_reading_time":"0","post_reading_time_wpm":"300","show_zoom_button":"0","zoom_button_out_step":"2","zoom_button_in_step":"3","show_post_tag":"1","show_prev_next_post":"1","show_popup_post":"1","number_popup_post":"1","show_author_box":"0","show_post_related":"0","show_inline_post_related":"0"}],"override_image_size":"0","image_override":[{"single_post_thumbnail_size":"crop-500","single_post_gallery_size":"crop-500"}],"trending_post":"0","trending_post_position":"meta","trending_post_label":"Trending","sponsored_post":"0","sponsored_post_label":"Sponsored by","sponsored_post_name":"","sponsored_post_url":"","sponsored_post_logo_enable":"0","sponsored_post_logo":"","sponsored_post_desc":"","disable_ad":"0"},"jnews_primary_category":{"id":""},"jnews_social_meta":{"fb_title":"","fb_description":"","fb_image":"","twitter_title":"","twitter_description":"","twitter_image":""},"footnotes":""},"categories":[40],"tags":[],"class_list":["post-383816","post","type-post","status-publish","format-standard","has-post-thumbnail","hentry","category-industria"],"_links":{"self":[{"href":"https:\/\/dimensionturistica.com\/es\/wp-json\/wp\/v2\/posts\/383816","targetHints":{"allow":["GET"]}}],"collection":[{"href":"https:\/\/dimensionturistica.com\/es\/wp-json\/wp\/v2\/posts"}],"about":[{"href":"https:\/\/dimensionturistica.com\/es\/wp-json\/wp\/v2\/types\/post"}],"author":[{"embeddable":true,"href":"https:\/\/dimensionturistica.com\/es\/wp-json\/wp\/v2\/users\/1"}],"replies":[{"embeddable":true,"href":"https:\/\/dimensionturistica.com\/es\/wp-json\/wp\/v2\/comments?post=383816"}],"version-history":[{"count":0,"href":"https:\/\/dimensionturistica.com\/es\/wp-json\/wp\/v2\/posts\/383816\/revisions"}],"wp:featuredmedia":[{"embeddable":true,"href":"https:\/\/dimensionturistica.com\/es\/wp-json\/wp\/v2\/media\/383820"}],"wp:attachment":[{"href":"https:\/\/dimensionturistica.com\/es\/wp-json\/wp\/v2\/media?parent=383816"}],"wp:term":[{"taxonomy":"category","embeddable":true,"href":"https:\/\/dimensionturistica.com\/es\/wp-json\/wp\/v2\/categories?post=383816"},{"taxonomy":"post_tag","embeddable":true,"href":"https:\/\/dimensionturistica.com\/es\/wp-json\/wp\/v2\/tags?post=383816"}],"curies":[{"name":"wp","href":"https:\/\/api.w.org\/{rel}","templated":true}]}}