{"id":383810,"date":"2022-09-09T03:57:12","date_gmt":"2022-09-09T03:57:12","guid":{"rendered":"https:\/\/dimensionturistica.com\/es\/?p=383810"},"modified":"2022-09-09T03:57:12","modified_gmt":"2022-09-09T03:57:12","slug":"emirates-transporto-mas-de-10-millones-de-pasajeros-este-verano","status":"publish","type":"post","link":"https:\/\/dimensionturistica.com\/es\/emirates-transporto-mas-de-10-millones-de-pasajeros-este-verano\/","title":{"rendered":"Emirates transport\u00f3 m\u00e1s de 10 millones de pasajeros este verano"},"content":{"rendered":"<p>Emirates, la aerol\u00ednea m\u00e1s grande del mundo, transport\u00f3 en este verano m\u00e1s de 10 millones de pasajeros en casi 35,000 vuelos a 130 destinos.<br \/>\nAnticipando el fuerte retorno de la demanda de viajes, Emirates trabaj\u00f3 de cerca con sus socios aeroportuarios<img decoding=\"async\" class=\"size-medium wp-image-383811 alignright\" src=\"https:\/\/dimensionturistica.com\/es\/wp-content\/uploads\/2022\/09\/TELAVID-300x178.jpg\" alt=\"\" width=\"300\" height=\"178\" srcset=\"https:\/\/dimensionturistica.com\/es\/wp-content\/uploads\/2022\/09\/TELAVID-300x178.jpg 300w, https:\/\/dimensionturistica.com\/es\/wp-content\/uploads\/2022\/09\/TELAVID.jpg 474w\" sizes=\"(max-width: 300px) 100vw, 300px\" \/> para operar seg\u00fan lo previsto, minimizar las interrupciones de los viajes, y llevar a los clientes a sus vacaciones y viajes planeados para ver a sus amigos y familiares en todo el mundo durante el verano.<br \/>\nLa aerol\u00ednea tambi\u00e9n reforz\u00f3 sus operaciones para atender la demanda de los clientes durante este periodo tan solicitado, restableciendo los servicios diarios a Londres Stansted y aumentando los vuelos a 33 ciudades en rutas populares de Europa, Asia y Oriente Medio, as\u00ed como a lugares de vacaciones favoritos como las Seychelles, las Maldivas, M\u00e9xico y Miami.<br \/>\nAdem\u00e1s, en junio, Emirates a\u00f1adi\u00f3 Tel Aviv a su red global y en julio agreg\u00f3 un tercer vuelo diario a Londres Gatwick para atender a los viajeros afectados por los recortes de capacidad en Heathrow.<br \/>\nEl emblem\u00e1tico A380 de Emirates, el avi\u00f3n comercial m\u00e1s grande del mundo, tambi\u00e9n se despleg\u00f3 para atender la gran demanda de los clientes en m\u00e1s de 30 ciudades de su red.<br \/>\nEn tierra, la aerol\u00ednea reabri\u00f3 y puso en funcionamiento 32 salones exclusivos de Emirates, incluidos 25 salones exclusivos en los principales aeropuertos de su red, para ofrecer a los pasajeros frecuentes y a los viajeros premium un c\u00f3modo refugio para descansar y refrescarse durante su viaje. La aerol\u00ednea tambi\u00e9n ha remarcado sus caracter\u00edsticos traslados al aeropuerto con ch\u00f3fer de cortes\u00eda para los clientes de Primera Clase y Clase Business en casi todas las ciudades en las que opera.<br \/>\nEl aeropuerto internacional de Dub\u00e1i (DXB) es el m\u00e1s activo del mundo. Con millones de clientes de Emirates que llegan, salen y transitan por DXB cada mes, la aerol\u00ednea garantiz\u00f3 un funcionamiento fluido en su centro de<img decoding=\"async\" class=\"size-medium wp-image-383812 alignright\" src=\"https:\/\/dimensionturistica.com\/es\/wp-content\/uploads\/2022\/09\/DUBAI-300x157.jpg\" alt=\"\" width=\"300\" height=\"157\" srcset=\"https:\/\/dimensionturistica.com\/es\/wp-content\/uploads\/2022\/09\/DUBAI-300x157.jpg 300w, https:\/\/dimensionturistica.com\/es\/wp-content\/uploads\/2022\/09\/DUBAI.jpg 474w\" sizes=\"(max-width: 300px) 100vw, 300px\" \/> operaciones 24\/7, con una estrecha coordinaci\u00f3n y recursos adicionales desplegados en todo el ecosistema del aeropuerto.<br \/>\nLos viajeros se beneficiaron de las inversiones de la aerol\u00ednea en servicios e iniciativas digitales para reducir los tiempos de espera en el aeropuerto y facilitar la fluidez de los clientes para completar sus tr\u00e1mites y llegar a su destino.<br \/>\nDurante los meses de verano:<br \/>\n\u00b7 M\u00e1s de 3.8 millones de viajeros en toda la red hicieron check-in c\u00f3modamente en l\u00ednea a trav\u00e9s de emirates.com y la aplicaci\u00f3n de Emirates<br \/>\n\u00b7 M\u00e1s de 500,000 viajeros utilizaron los 22 m\u00f3dulos check-in de autoservicio y las 38 instalaciones de entrega de equipaje de la Terminal 3 de Dub\u00e1i<br \/>\n\u00b7 M\u00e1s de 11,000 viajeros utilizaron los servicios de check-in en casa de Emirates, que son gratuitos para los pasajeros de Primera Clase que salen de Dub\u00e1i, salt\u00e1ndose por completo la fila de check-in del aeropuerto y pasando directamente a inmigraci\u00f3n.<br \/>\nEmirates sigue reconstruyendo su red y su capacidad a medida que se reducen las restricciones a los viajes. Actualmente opera al 74% de su red\/capacidad anterior a la pandemia y tiene previsto aumentar al 80% para finales de a\u00f1o. Adem\u00e1s, la aerol\u00ednea iniciar\u00e1 en noviembre un programa de modernizaci\u00f3n de 2,000 millones de d\u00f3lares para equipar 120 aviones con sus \u00faltimos productos a bordo.<\/p>\n","protected":false},"excerpt":{"rendered":"<p>Emirates, la aerol\u00ednea m\u00e1s grande del mundo, transport\u00f3 en este verano m\u00e1s de 10 millones de pasajeros en casi 35,000 vuelos a 130 destinos. Anticipando el fuerte retorno de la demanda de viajes, Emirates trabaj\u00f3 de cerca con sus socios aeroportuarios para operar seg\u00fan lo previsto, minimizar las interrupciones de los viajes, y llevar a [&hellip;]<\/p>\n","protected":false},"author":1,"featured_media":383813,"comment_status":"open","ping_status":"closed","sticky":false,"template":"","format":"standard","meta":{"om_disable_all_campaigns":false,"jnews-multi-image_gallery":[],"jnews_single_post":{"source_name":"","source_url":"","via_name":"","via_url":"","override_template":"0","override":[{"template":"1","single_blog_custom":"","parallax":"1","fullscreen":"1","layout":"right-sidebar","sidebar":"default-sidebar","second_sidebar":"default-sidebar","sticky_sidebar":"1","share_position":"top","share_float_style":"share-monocrhome","show_share_counter":"1","show_view_counter":"1","show_featured":"1","show_post_meta":"1","show_post_author":"1","show_post_author_image":"1","show_post_date":"1","post_date_format":"default","post_date_format_custom":"Y\/m\/d","show_post_category":"1","show_post_reading_time":"0","post_reading_time_wpm":"300","show_zoom_button":"0","zoom_button_out_step":"2","zoom_button_in_step":"3","show_post_tag":"1","show_prev_next_post":"1","show_popup_post":"1","number_popup_post":"1","show_author_box":"0","show_post_related":"0","show_inline_post_related":"0"}],"override_image_size":"0","image_override":[{"single_post_thumbnail_size":"crop-500","single_post_gallery_size":"crop-500"}],"trending_post":"0","trending_post_position":"meta","trending_post_label":"Trending","sponsored_post":"0","sponsored_post_label":"Sponsored by","sponsored_post_name":"","sponsored_post_url":"","sponsored_post_logo_enable":"0","sponsored_post_logo":"","sponsored_post_desc":"","disable_ad":"0"},"jnews_primary_category":{"id":""},"jnews_social_meta":{"fb_title":"","fb_description":"","fb_image":"","twitter_title":"","twitter_description":"","twitter_image":""},"footnotes":""},"categories":[39],"tags":[],"class_list":["post-383810","post","type-post","status-publish","format-standard","has-post-thumbnail","hentry","category-viajes"],"_links":{"self":[{"href":"https:\/\/dimensionturistica.com\/es\/wp-json\/wp\/v2\/posts\/383810","targetHints":{"allow":["GET"]}}],"collection":[{"href":"https:\/\/dimensionturistica.com\/es\/wp-json\/wp\/v2\/posts"}],"about":[{"href":"https:\/\/dimensionturistica.com\/es\/wp-json\/wp\/v2\/types\/post"}],"author":[{"embeddable":true,"href":"https:\/\/dimensionturistica.com\/es\/wp-json\/wp\/v2\/users\/1"}],"replies":[{"embeddable":true,"href":"https:\/\/dimensionturistica.com\/es\/wp-json\/wp\/v2\/comments?post=383810"}],"version-history":[{"count":0,"href":"https:\/\/dimensionturistica.com\/es\/wp-json\/wp\/v2\/posts\/383810\/revisions"}],"wp:featuredmedia":[{"embeddable":true,"href":"https:\/\/dimensionturistica.com\/es\/wp-json\/wp\/v2\/media\/383813"}],"wp:attachment":[{"href":"https:\/\/dimensionturistica.com\/es\/wp-json\/wp\/v2\/media?parent=383810"}],"wp:term":[{"taxonomy":"category","embeddable":true,"href":"https:\/\/dimensionturistica.com\/es\/wp-json\/wp\/v2\/categories?post=383810"},{"taxonomy":"post_tag","embeddable":true,"href":"https:\/\/dimensionturistica.com\/es\/wp-json\/wp\/v2\/tags?post=383810"}],"curies":[{"name":"wp","href":"https:\/\/api.w.org\/{rel}","templated":true}]}}