{"id":383795,"date":"2022-09-09T03:27:19","date_gmt":"2022-09-09T03:27:19","guid":{"rendered":"https:\/\/dimensionturistica.com\/es\/?p=383795"},"modified":"2022-09-09T03:27:19","modified_gmt":"2022-09-09T03:27:19","slug":"bcd-travel-se-fortalece-con-el-nombramiento-de-rene-villareal-como-director-de-operaciones","status":"publish","type":"post","link":"https:\/\/dimensionturistica.com\/es\/bcd-travel-se-fortalece-con-el-nombramiento-de-rene-villareal-como-director-de-operaciones\/","title":{"rendered":"BCD Travel se fortalece con el nombramiento de Rene Villareal como director de Operaciones"},"content":{"rendered":"<p>A fin de seguir generando m\u00e1s y mejores estrategias para ayudar a las empresas a aprovechar al m\u00e1ximo sus gastos en viajes, BCD Travel ha nombrado a Rene Villarreal como director de Operaciones M\u00e9xico, quien cuenta con una amplia experiencia en estrategias claves para atenci\u00f3n a clientes corporativos.<br \/>\nRene Villarreal tiene una trayectoria profesional de m\u00e1s de 20 a\u00f1os en \u00e1reas comerciales y operativas. En los \u00faltimos a\u00f1os, ha tenido la responsabilidad de liderear al equipo de Program Management de BCD Travel con base en Monterrey y Saltillo, desarrollando de manera muy exitosa la comunicaci\u00f3n, consultor\u00eda y entregables para las cuentas corporativas.<img decoding=\"async\" class=\" wp-image-383796 alignright\" src=\"https:\/\/dimensionturistica.com\/es\/wp-content\/uploads\/2022\/09\/BCD-Travel-ha-nombrado-a-Rene-Villarrea.jpg\" alt=\"\" width=\"290\" height=\"290\" srcset=\"https:\/\/dimensionturistica.com\/es\/wp-content\/uploads\/2022\/09\/BCD-Travel-ha-nombrado-a-Rene-Villarrea.jpg 144w, https:\/\/dimensionturistica.com\/es\/wp-content\/uploads\/2022\/09\/BCD-Travel-ha-nombrado-a-Rene-Villarrea-75x75.jpg 75w\" sizes=\"(max-width: 290px) 100vw, 290px\" \/><br \/>\n\u201cEn BCD Travel, nos mantenemos comprometidos en brindar los m\u00e1s altos niveles de servicio, seguridad e innovaciones tecnol\u00f3gicas, para que nuestros viajeros optimicen en su totalidad su programa de viaje. Estamos seguros de que el nombramiento de Rene nos permitir\u00e1 cumplir con ese compromiso\u201d, coment\u00f3, Juan Garcia director general en M\u00e9xico<br \/>\n\u201cSimplificamos los procesos y la administraci\u00f3n de los viajes de negocios de nuestros clientes, mostr\u00e1ndoles c\u00f3mo combinar capacidades y servicios para cumplir los objetivos de programa. Mi objetivo es que esta experiencia del viajero cada d\u00eda sea mejor\u201d, dice Rene Villarreal.<\/p>\n","protected":false},"excerpt":{"rendered":"<p>A fin de seguir generando m\u00e1s y mejores estrategias para ayudar a las empresas a aprovechar al m\u00e1ximo sus gastos en viajes, BCD Travel ha nombrado a Rene Villarreal como director de Operaciones M\u00e9xico, quien cuenta con una amplia experiencia en estrategias claves para atenci\u00f3n a clientes corporativos. Rene Villarreal tiene una trayectoria profesional de [&hellip;]<\/p>\n","protected":false},"author":1,"featured_media":383797,"comment_status":"open","ping_status":"closed","sticky":false,"template":"","format":"standard","meta":{"om_disable_all_campaigns":false,"jnews-multi-image_gallery":[],"jnews_single_post":{"source_name":"","source_url":"","via_name":"","via_url":"","override_template":"0","override":[{"template":"1","single_blog_custom":"","parallax":"1","fullscreen":"1","layout":"right-sidebar","sidebar":"default-sidebar","second_sidebar":"default-sidebar","sticky_sidebar":"1","share_position":"top","share_float_style":"share-monocrhome","show_share_counter":"1","show_view_counter":"1","show_featured":"1","show_post_meta":"1","show_post_author":"1","show_post_author_image":"1","show_post_date":"1","post_date_format":"default","post_date_format_custom":"Y\/m\/d","show_post_category":"1","show_post_reading_time":"0","post_reading_time_wpm":"300","show_zoom_button":"0","zoom_button_out_step":"2","zoom_button_in_step":"3","show_post_tag":"1","show_prev_next_post":"1","show_popup_post":"1","number_popup_post":"1","show_author_box":"0","show_post_related":"0","show_inline_post_related":"0"}],"override_image_size":"0","image_override":[{"single_post_thumbnail_size":"crop-500","single_post_gallery_size":"crop-500"}],"trending_post":"0","trending_post_position":"meta","trending_post_label":"Trending","sponsored_post":"0","sponsored_post_label":"Sponsored by","sponsored_post_name":"","sponsored_post_url":"","sponsored_post_logo_enable":"0","sponsored_post_logo":"","sponsored_post_desc":"","disable_ad":"0"},"jnews_primary_category":{"id":""},"jnews_social_meta":{"fb_title":"","fb_description":"","fb_image":"","twitter_title":"","twitter_description":"","twitter_image":""},"footnotes":""},"categories":[39],"tags":[],"class_list":["post-383795","post","type-post","status-publish","format-standard","has-post-thumbnail","hentry","category-viajes"],"_links":{"self":[{"href":"https:\/\/dimensionturistica.com\/es\/wp-json\/wp\/v2\/posts\/383795","targetHints":{"allow":["GET"]}}],"collection":[{"href":"https:\/\/dimensionturistica.com\/es\/wp-json\/wp\/v2\/posts"}],"about":[{"href":"https:\/\/dimensionturistica.com\/es\/wp-json\/wp\/v2\/types\/post"}],"author":[{"embeddable":true,"href":"https:\/\/dimensionturistica.com\/es\/wp-json\/wp\/v2\/users\/1"}],"replies":[{"embeddable":true,"href":"https:\/\/dimensionturistica.com\/es\/wp-json\/wp\/v2\/comments?post=383795"}],"version-history":[{"count":0,"href":"https:\/\/dimensionturistica.com\/es\/wp-json\/wp\/v2\/posts\/383795\/revisions"}],"wp:featuredmedia":[{"embeddable":true,"href":"https:\/\/dimensionturistica.com\/es\/wp-json\/wp\/v2\/media\/383797"}],"wp:attachment":[{"href":"https:\/\/dimensionturistica.com\/es\/wp-json\/wp\/v2\/media?parent=383795"}],"wp:term":[{"taxonomy":"category","embeddable":true,"href":"https:\/\/dimensionturistica.com\/es\/wp-json\/wp\/v2\/categories?post=383795"},{"taxonomy":"post_tag","embeddable":true,"href":"https:\/\/dimensionturistica.com\/es\/wp-json\/wp\/v2\/tags?post=383795"}],"curies":[{"name":"wp","href":"https:\/\/api.w.org\/{rel}","templated":true}]}}