{"id":383770,"date":"2022-09-09T03:06:05","date_gmt":"2022-09-09T03:06:05","guid":{"rendered":"https:\/\/dimensionturistica.com\/es\/?p=383770"},"modified":"2022-09-09T03:06:05","modified_gmt":"2022-09-09T03:06:05","slug":"aeromexico-y-delta-reinician-su-vuelo-entre-monterrey-y-detroit","status":"publish","type":"post","link":"https:\/\/dimensionturistica.com\/es\/aeromexico-y-delta-reinician-su-vuelo-entre-monterrey-y-detroit\/","title":{"rendered":"Aerom\u00e9xico y Delta reinician su vuelo entre Monterrey y Detroit"},"content":{"rendered":"<p><img decoding=\"async\" class=\"size-medium wp-image-383771 alignright\" src=\"https:\/\/dimensionturistica.com\/es\/wp-content\/uploads\/2022\/09\/MNOTERREY-NL-300x170.jpg\" alt=\"\" width=\"300\" height=\"170\" srcset=\"https:\/\/dimensionturistica.com\/es\/wp-content\/uploads\/2022\/09\/MNOTERREY-NL-300x170.jpg 300w, https:\/\/dimensionturistica.com\/es\/wp-content\/uploads\/2022\/09\/MNOTERREY-NL.jpg 474w\" sizes=\"(max-width: 300px) 100vw, 300px\" \/> Aerom\u00e9xico y Delta, la principal alianza transfronteriza entre M\u00e9xico y Estados Unidos, anunciaron el reinicio de servicio entre Monterrey y Detroit con cuatro vuelos semanales a partir del 6 de septiembre.<br \/>\nDe esta manera, Aerom\u00e9xico y Delta volver\u00e1n a conectar estos dos importantes mercados de negocios, ofreciendo m\u00e1s de 790 asientos por semana y elevando el n\u00famero total de rutas ofrecidas por la alianza hasta 47.<br \/>\nEl Vicepresidente de Ventas M\u00e9xico de Aerom\u00e9xico, Jos\u00e9 Zapata, dijo: &#8220;Es muy relevante para Aerom\u00e9xico volver a conectar estas importantes ciudades en coordinaci\u00f3n con nuestro socio estrat\u00e9gico Delta Air Lines. Esto nos permitir\u00e1 seguir captando la preferencia del creciente n\u00famero de viajeros de placer y negocios entre ambos pa\u00edses, ofreci\u00e9ndoles la mejor experiencia de viaje.&#8221;<br \/>\n&#8220;Esperamos reanudar esta importante ruta para nuestros clientes, y volver a presentarles todos los beneficios que Delta y Aerom\u00e9xico ofrecemos como resultado de nuestra asociaci\u00f3n estrat\u00e9gica&#8221;, dijo Luciano Macagno, Director General de Am\u00e9rica Latina, el Caribe y el Sur de Florida de Delta. &#8220;Al viajar a trav\u00e9s del hub de Delta en Detroit, nuestros clientes podr\u00e1n elegir entre cinco diferentes Delta Sky Clubs, y tendr\u00e1n oportunidades de<img decoding=\"async\" class=\" wp-image-383772 alignright\" src=\"https:\/\/dimensionturistica.com\/es\/wp-content\/uploads\/2022\/09\/DETROIT-300x100.jpg\" alt=\"\" width=\"414\" height=\"138\" srcset=\"https:\/\/dimensionturistica.com\/es\/wp-content\/uploads\/2022\/09\/DETROIT-300x100.jpg 300w, https:\/\/dimensionturistica.com\/es\/wp-content\/uploads\/2022\/09\/DETROIT.jpg 474w\" sizes=\"(max-width: 414px) 100vw, 414px\" \/> conexi\u00f3n f\u00e1ciles y convenientes con la red de Delta en todo Estados Unidos&#8221;.<br \/>\nAerom\u00e9xico y Delta celebraron en mayo cinco a\u00f1os de su Acuerdo de Colaboraci\u00f3n Conjunta. A lo largo de la asociaci\u00f3n, la alianza ha transportado a m\u00e1s de 28 millones de clientes, adem\u00e1s de que ha trabajado estrechamente para desarrollar productos y servicios integrales que garanticen a sus clientes una experiencia consistente, incluyendo:<br \/>\nDocumentaci\u00f3n homologada impulsada por la tecnolog\u00eda de SkyTeam, que permite el check-in digital de los vuelos operados por los socios a trav\u00e9s de las aplicaciones o sitios web existentes de Delta y Aerom\u00e9xico.<br \/>\nMensajer\u00eda gratuita a bordo a trav\u00e9s de Wi-Fi (seg\u00fan disponibilidad).<br \/>\nPol\u00edticas estandarizadas de equipaje documentado y de mano.<br \/>\nLos clientes pueden realizar sus reservas para la ruta Monterrey-Detroit en aeromexico.com o delta.com.<\/p>\n<p>&nbsp;<\/p>\n","protected":false},"excerpt":{"rendered":"<p>Aerom\u00e9xico y Delta, la principal alianza transfronteriza entre M\u00e9xico y Estados Unidos, anunciaron el reinicio de servicio entre Monterrey y Detroit con cuatro vuelos semanales a partir del 6 de septiembre. De esta manera, Aerom\u00e9xico y Delta volver\u00e1n a conectar estos dos importantes mercados de negocios, ofreciendo m\u00e1s de 790 asientos por semana y elevando [&hellip;]<\/p>\n","protected":false},"author":1,"featured_media":383773,"comment_status":"open","ping_status":"closed","sticky":false,"template":"","format":"standard","meta":{"om_disable_all_campaigns":false,"jnews-multi-image_gallery":[],"jnews_single_post":{"source_name":"","source_url":"","via_name":"","via_url":"","override_template":"0","override":[{"template":"1","single_blog_custom":"","parallax":"1","fullscreen":"1","layout":"right-sidebar","sidebar":"default-sidebar","second_sidebar":"default-sidebar","sticky_sidebar":"1","share_position":"top","share_float_style":"share-monocrhome","show_share_counter":"1","show_view_counter":"1","show_featured":"1","show_post_meta":"1","show_post_author":"1","show_post_author_image":"1","show_post_date":"1","post_date_format":"default","post_date_format_custom":"Y\/m\/d","show_post_category":"1","show_post_reading_time":"0","post_reading_time_wpm":"300","show_zoom_button":"0","zoom_button_out_step":"2","zoom_button_in_step":"3","show_post_tag":"1","show_prev_next_post":"1","show_popup_post":"1","number_popup_post":"1","show_author_box":"0","show_post_related":"0","show_inline_post_related":"0"}],"override_image_size":"0","image_override":[{"single_post_thumbnail_size":"crop-500","single_post_gallery_size":"crop-500"}],"trending_post":"0","trending_post_position":"meta","trending_post_label":"Trending","sponsored_post":"0","sponsored_post_label":"Sponsored by","sponsored_post_name":"","sponsored_post_url":"","sponsored_post_logo_enable":"0","sponsored_post_logo":"","sponsored_post_desc":"","disable_ad":"0"},"jnews_primary_category":{"id":""},"jnews_social_meta":{"fb_title":"","fb_description":"","fb_image":"","twitter_title":"","twitter_description":"","twitter_image":""},"footnotes":""},"categories":[39],"tags":[],"class_list":["post-383770","post","type-post","status-publish","format-standard","has-post-thumbnail","hentry","category-viajes"],"_links":{"self":[{"href":"https:\/\/dimensionturistica.com\/es\/wp-json\/wp\/v2\/posts\/383770","targetHints":{"allow":["GET"]}}],"collection":[{"href":"https:\/\/dimensionturistica.com\/es\/wp-json\/wp\/v2\/posts"}],"about":[{"href":"https:\/\/dimensionturistica.com\/es\/wp-json\/wp\/v2\/types\/post"}],"author":[{"embeddable":true,"href":"https:\/\/dimensionturistica.com\/es\/wp-json\/wp\/v2\/users\/1"}],"replies":[{"embeddable":true,"href":"https:\/\/dimensionturistica.com\/es\/wp-json\/wp\/v2\/comments?post=383770"}],"version-history":[{"count":0,"href":"https:\/\/dimensionturistica.com\/es\/wp-json\/wp\/v2\/posts\/383770\/revisions"}],"wp:featuredmedia":[{"embeddable":true,"href":"https:\/\/dimensionturistica.com\/es\/wp-json\/wp\/v2\/media\/383773"}],"wp:attachment":[{"href":"https:\/\/dimensionturistica.com\/es\/wp-json\/wp\/v2\/media?parent=383770"}],"wp:term":[{"taxonomy":"category","embeddable":true,"href":"https:\/\/dimensionturistica.com\/es\/wp-json\/wp\/v2\/categories?post=383770"},{"taxonomy":"post_tag","embeddable":true,"href":"https:\/\/dimensionturistica.com\/es\/wp-json\/wp\/v2\/tags?post=383770"}],"curies":[{"name":"wp","href":"https:\/\/api.w.org\/{rel}","templated":true}]}}