{"id":383760,"date":"2022-09-09T02:49:39","date_gmt":"2022-09-09T02:49:39","guid":{"rendered":"https:\/\/dimensionturistica.com\/es\/?p=383760"},"modified":"2022-09-09T02:49:39","modified_gmt":"2022-09-09T02:49:39","slug":"sectur-y-universidad-anahuac-mexico-estrechan-lazos-para-impulsar-la-investigacion-capacitacion-y-profesionalizacion-en-el-sector-turistico","status":"publish","type":"post","link":"https:\/\/dimensionturistica.com\/es\/sectur-y-universidad-anahuac-mexico-estrechan-lazos-para-impulsar-la-investigacion-capacitacion-y-profesionalizacion-en-el-sector-turistico\/","title":{"rendered":"Sectur y Universidad An\u00e1huac M\u00e9xico estrechan lazos para impulsar la investigaci\u00f3n, capacitaci\u00f3n y profesionalizaci\u00f3n en el sector tur\u00edstico"},"content":{"rendered":"<p><img decoding=\"async\" class=\"size-medium wp-image-383761 alignright\" src=\"https:\/\/dimensionturistica.com\/es\/wp-content\/uploads\/2022\/09\/Convenio-de-Colaboracion-Sectur-Anahuac-9-300x200.jpeg\" alt=\"\" width=\"300\" height=\"200\" srcset=\"https:\/\/dimensionturistica.com\/es\/wp-content\/uploads\/2022\/09\/Convenio-de-Colaboracion-Sectur-Anahuac-9-300x200.jpeg 300w, https:\/\/dimensionturistica.com\/es\/wp-content\/uploads\/2022\/09\/Convenio-de-Colaboracion-Sectur-Anahuac-9-768x512.jpeg 768w, https:\/\/dimensionturistica.com\/es\/wp-content\/uploads\/2022\/09\/Convenio-de-Colaboracion-Sectur-Anahuac-9-750x500.jpeg 750w, https:\/\/dimensionturistica.com\/es\/wp-content\/uploads\/2022\/09\/Convenio-de-Colaboracion-Sectur-Anahuac-9.jpeg 1024w\" sizes=\"(max-width: 300px) 100vw, 300px\" \/>La Secretar\u00eda de Turismo del Gobierno de M\u00e9xico (Sectur) y la Universidad An\u00e1huac M\u00e9xico firmaron un Convenio de Colaboraci\u00f3n mediante el cual emprender\u00e1n acciones conjuntas que impulsar\u00e1n la investigaci\u00f3n acad\u00e9mica, la capacitaci\u00f3n y la profesionalizaci\u00f3n de quienes integran la cadena de valor del sector tur\u00edstico.<br \/>\nEl secretario de Turismo, Miguel Torruco Marqu\u00e9s, y el rector de la Universidad An\u00e1huac M\u00e9xico, Cipriano \u00c1ngel S\u00e1nchez Garc\u00eda, encabezaron la firma de este convenio que coadyuvar\u00e1 en el fortalecimiento de la competitividad de la actividad tur\u00edstica.<br \/>\nTorruco Marqu\u00e9s destac\u00f3 que la academia siempre ha sido una gran aliada para el sector p\u00fablico que contribuye a la profesionalizaci\u00f3n de nuestro sector, y con ello a su potencializaci\u00f3n, y agreg\u00f3 que el programa sectorial 2019-2024 tiene como una de sus estrategias prioritarias impulsar la formaci\u00f3n y profesionalizaci\u00f3n de<img decoding=\"async\" class=\"size-medium wp-image-383763 alignright\" src=\"https:\/\/dimensionturistica.com\/es\/wp-content\/uploads\/2022\/09\/Convenio-de-Colaboracion-Sectur-Anahuac-7-300x200.jpeg\" alt=\"\" width=\"300\" height=\"200\" srcset=\"https:\/\/dimensionturistica.com\/es\/wp-content\/uploads\/2022\/09\/Convenio-de-Colaboracion-Sectur-Anahuac-7-300x200.jpeg 300w, https:\/\/dimensionturistica.com\/es\/wp-content\/uploads\/2022\/09\/Convenio-de-Colaboracion-Sectur-Anahuac-7-768x512.jpeg 768w, https:\/\/dimensionturistica.com\/es\/wp-content\/uploads\/2022\/09\/Convenio-de-Colaboracion-Sectur-Anahuac-7-750x500.jpeg 750w, https:\/\/dimensionturistica.com\/es\/wp-content\/uploads\/2022\/09\/Convenio-de-Colaboracion-Sectur-Anahuac-7.jpeg 1024w\" sizes=\"(max-width: 300px) 100vw, 300px\" \/> recursos humanos para generar oportunidades de bienestar y elevar la calidad en los servicios asociados al turismo.<br \/>\n\u201cPor esta raz\u00f3n, es necesario hacer sinergia entre los sectores gubernamental, social, acad\u00e9mico y empresarial, en favor de la competitividad y educaci\u00f3n integral tanto de los prestadores de servicios, como de los estudiantes y egresados en turismo y carreras afines\u201d, coment\u00f3.<br \/>\nResalt\u00f3 que el Convenio de Colaboraci\u00f3n que hoy se firm\u00f3 es de gran importancia, pues establecer\u00e1 las bases para llevar a cabo actividades de planeaci\u00f3n, programaci\u00f3n e intercambio en \u00e1reas de inter\u00e9s tur\u00edstico, de tal forma que ambas partes se vean<br \/>\nbeneficiadas.<br \/>\nIndic\u00f3 que desde hace 10 a\u00f1os aproximadamente, entre Sectur y la Universidad An\u00e1huac M\u00e9xico ha existido una estrecha colaboraci\u00f3n y coordinaci\u00f3n en el desarrollo de estudios e investigaciones en materia de turismo,<img decoding=\"async\" class=\"size-medium wp-image-383764 alignright\" src=\"https:\/\/dimensionturistica.com\/es\/wp-content\/uploads\/2022\/09\/Convenio-de-Colaboracion-Sectur-Anahuac-6-300x200.jpeg\" alt=\"\" width=\"300\" height=\"200\" srcset=\"https:\/\/dimensionturistica.com\/es\/wp-content\/uploads\/2022\/09\/Convenio-de-Colaboracion-Sectur-Anahuac-6-300x200.jpeg 300w, https:\/\/dimensionturistica.com\/es\/wp-content\/uploads\/2022\/09\/Convenio-de-Colaboracion-Sectur-Anahuac-6-768x512.jpeg 768w, https:\/\/dimensionturistica.com\/es\/wp-content\/uploads\/2022\/09\/Convenio-de-Colaboracion-Sectur-Anahuac-6-750x500.jpeg 750w, https:\/\/dimensionturistica.com\/es\/wp-content\/uploads\/2022\/09\/Convenio-de-Colaboracion-Sectur-Anahuac-6.jpeg 1024w\" sizes=\"(max-width: 300px) 100vw, 300px\" \/> tendientes a generar informaci\u00f3n relevante para el sector.<br \/>\n\u201cHoy en d\u00eda necesitamos m\u00e1s instituciones educativas con excelencia acad\u00e9mica en el \u00e1mbito tur\u00edstico, como la Universidad An\u00e1huac, que ofrezcan una formaci\u00f3n de alto nivel, con un equilibrio en el \u00e1mbito te\u00f3rico-pr\u00e1ctico. De esta manera, se lograr\u00e1 que los egresados tengan una mejor inserci\u00f3n en el mercado laboral, respondiendo a los requerimientos de una actividad tur\u00edstica en constante cambio, con turistas cada vez m\u00e1s informados y exigentes\u201d, declar\u00f3.<br \/>\nEl secretario de Turismo subray\u00f3 que entre las acciones que se llevar\u00e1n a cabo por parte de Sectur, a trav\u00e9s de la Direcci\u00f3n General de Profesionalizaci\u00f3n y Competitividad Tur\u00edstica y la Universidad An\u00e1huac M\u00e9xico, ser\u00e1n realizar programas de investigaci\u00f3n y estudios para la creaci\u00f3n de nuevos productos con base en las necesidades y expectativas del turista para<br \/>\nel desarrollo y beneficio econ\u00f3mico de las comunidades.<br \/>\nTambi\u00e9n se impulsar\u00e1 la vocaci\u00f3n cient\u00edfica en temas de turismo; y permitir\u00e1 el intercambio de material<img decoding=\"async\" class=\"size-medium wp-image-383765 alignright\" src=\"https:\/\/dimensionturistica.com\/es\/wp-content\/uploads\/2022\/09\/Convenio-de-Colaboracion-Sectur-Anahuac-5-300x200.jpeg\" alt=\"\" width=\"300\" height=\"200\" srcset=\"https:\/\/dimensionturistica.com\/es\/wp-content\/uploads\/2022\/09\/Convenio-de-Colaboracion-Sectur-Anahuac-5-300x200.jpeg 300w, https:\/\/dimensionturistica.com\/es\/wp-content\/uploads\/2022\/09\/Convenio-de-Colaboracion-Sectur-Anahuac-5-768x512.jpeg 768w, https:\/\/dimensionturistica.com\/es\/wp-content\/uploads\/2022\/09\/Convenio-de-Colaboracion-Sectur-Anahuac-5-750x500.jpeg 750w, https:\/\/dimensionturistica.com\/es\/wp-content\/uploads\/2022\/09\/Convenio-de-Colaboracion-Sectur-Anahuac-5.jpeg 1024w\" sizes=\"(max-width: 300px) 100vw, 300px\" \/> bibliogr\u00e1fico y audiovisual, as\u00ed como acceso rec\u00edproco a banco de datos Asimismo, se fomentar\u00e1 la formaci\u00f3n y especializaci\u00f3n de recursos humanos a trav\u00e9s de estrategias de capacitaci\u00f3n en modalidades presencial y virtual; y se dar\u00e1 difusi\u00f3n y divulgaci\u00f3n de las actividades realizadas.<br \/>\nTorruco Marqu\u00e9s detall\u00f3 que en M\u00e9xico, actualmente existe una matr\u00edcula de 120 mil estudiantes que cursan carreras de turismo o similares, de los cuales, 50% son mujeres y 50% hombres; mil 224 programas educativos de tipo superior, cuyo 79% corresponde a instituciones privadas y 21% a instituciones p\u00fablicas; y alrededor de 140 nombres de carreras<br \/>\nrelacionadas con el sector.<br \/>\nPor \u00faltimo, resalt\u00f3 que gracias a las pol\u00edticas implementadas por el presidente, Andr\u00e9s Manuel L\u00f3pez Obrador, durante la pandemia, de no restringir vuelos internacionales; la pronta aplicaci\u00f3n de protocolos biosanitarios, dise\u00f1ados en conjunto entre la Sectur, la Secretar\u00eda de Salud y el sector privado; as\u00ed como la r\u00e1pida compra, distribuci\u00f3n y aplicaci\u00f3n de vacunas, el turismo en M\u00e9xico present\u00f3 una ca\u00edda del 46%, considerablemente<img decoding=\"async\" class=\"size-medium wp-image-383766 alignright\" src=\"https:\/\/dimensionturistica.com\/es\/wp-content\/uploads\/2022\/09\/Convenio-de-Colaboracion-Sectur-Anahuac-4-300x184.jpeg\" alt=\"\" width=\"300\" height=\"184\" srcset=\"https:\/\/dimensionturistica.com\/es\/wp-content\/uploads\/2022\/09\/Convenio-de-Colaboracion-Sectur-Anahuac-4-300x184.jpeg 300w, https:\/\/dimensionturistica.com\/es\/wp-content\/uploads\/2022\/09\/Convenio-de-Colaboracion-Sectur-Anahuac-4-768x472.jpeg 768w, https:\/\/dimensionturistica.com\/es\/wp-content\/uploads\/2022\/09\/Convenio-de-Colaboracion-Sectur-Anahuac-4-750x461.jpeg 750w, https:\/\/dimensionturistica.com\/es\/wp-content\/uploads\/2022\/09\/Convenio-de-Colaboracion-Sectur-Anahuac-4.jpeg 1024w\" sizes=\"(max-width: 300px) 100vw, 300px\" \/> menor a la ca\u00edda de otras potencias tur\u00edsticas, que fue de hasta un 84%.<br \/>\nPor su parte, el rector de la Universidad An\u00e1huac M\u00e9xico, Cipriano \u00c1ngel S\u00e1nchez Garc\u00eda, puntualiz\u00f3 que este convenio contribuir\u00e1 con el desarrollo profesional e integral de los l\u00edderes que se forman en sus aulas, comprometi\u00e9ndose a contribuir a construir un mejor futuro para el sector tur\u00edstico y de M\u00e9xico.<br \/>\nEn su oportunidad, el director de la Facultad de Turismo de la Universidad An\u00e1huac M\u00e9xico, Jos\u00e9 \u00c1ngel D\u00edaz Rebolledo, afirm\u00f3 que entre sus fortalezas institucionales se encuentran las alianzas estrat\u00e9gicas con empresas y<img decoding=\"async\" class=\"size-medium wp-image-383767 alignleft\" src=\"https:\/\/dimensionturistica.com\/es\/wp-content\/uploads\/2022\/09\/Convenio-de-Colaboracion-Sectur-Anahuac-1-300x200.jpeg\" alt=\"\" width=\"300\" height=\"200\" srcset=\"https:\/\/dimensionturistica.com\/es\/wp-content\/uploads\/2022\/09\/Convenio-de-Colaboracion-Sectur-Anahuac-1-300x200.jpeg 300w, https:\/\/dimensionturistica.com\/es\/wp-content\/uploads\/2022\/09\/Convenio-de-Colaboracion-Sectur-Anahuac-1-768x512.jpeg 768w, https:\/\/dimensionturistica.com\/es\/wp-content\/uploads\/2022\/09\/Convenio-de-Colaboracion-Sectur-Anahuac-1-750x500.jpeg 750w, https:\/\/dimensionturistica.com\/es\/wp-content\/uploads\/2022\/09\/Convenio-de-Colaboracion-Sectur-Anahuac-1.jpeg 1024w\" sizes=\"(max-width: 300px) 100vw, 300px\" \/> dependencias del sector, que se traducen en generaci\u00f3n de oportunidades de aprendizaje y laborales para sus alumnos.<br \/>\nEn la firma de este Convenio tambi\u00e9n estuvieron presentes el subsecretario de Turismo, Humberto Hern\u00e1ndez Haddad; Alejandro Aguilera G\u00f3mez, titular de la Unidad de Informaci\u00f3n y Seguimiento; el director general de Profesionalizaci\u00f3n y Competitividad<br \/>\nTur\u00edstica, Ram\u00f3n Mart\u00ednez Gasca; y por parte de la Universidad An\u00e1huac M\u00e9xico, Hazael Cer\u00f3n Monroy, coordinador de Investigaci\u00f3n; Luz Mar\u00eda Moyano Castolo, Coordinadora de Vinculaci\u00f3n y Pr\u00e1cticas; Ver\u00f3nica Palavicini Palafox, Coordinadora Acad\u00e9mica; entre otros.<\/p>\n","protected":false},"excerpt":{"rendered":"<p>La Secretar\u00eda de Turismo del Gobierno de M\u00e9xico (Sectur) y la Universidad An\u00e1huac M\u00e9xico firmaron un Convenio de Colaboraci\u00f3n mediante el cual emprender\u00e1n acciones conjuntas que impulsar\u00e1n la investigaci\u00f3n acad\u00e9mica, la capacitaci\u00f3n y la profesionalizaci\u00f3n de quienes integran la cadena de valor del sector tur\u00edstico. El secretario de Turismo, Miguel Torruco Marqu\u00e9s, y el rector [&hellip;]<\/p>\n","protected":false},"author":1,"featured_media":383762,"comment_status":"open","ping_status":"closed","sticky":false,"template":"","format":"standard","meta":{"om_disable_all_campaigns":false,"jnews-multi-image_gallery":[],"jnews_single_post":{"source_name":"","source_url":"","via_name":"","via_url":"","override_template":"0","override":[{"template":"1","single_blog_custom":"","parallax":"1","fullscreen":"1","layout":"right-sidebar","sidebar":"default-sidebar","second_sidebar":"default-sidebar","sticky_sidebar":"1","share_position":"top","share_float_style":"share-monocrhome","show_share_counter":"1","show_view_counter":"1","show_featured":"1","show_post_meta":"1","show_post_author":"1","show_post_author_image":"1","show_post_date":"1","post_date_format":"default","post_date_format_custom":"Y\/m\/d","show_post_category":"1","show_post_reading_time":"0","post_reading_time_wpm":"300","show_zoom_button":"0","zoom_button_out_step":"2","zoom_button_in_step":"3","show_post_tag":"1","show_prev_next_post":"1","show_popup_post":"1","number_popup_post":"1","show_author_box":"0","show_post_related":"0","show_inline_post_related":"0"}],"override_image_size":"0","image_override":[{"single_post_thumbnail_size":"crop-500","single_post_gallery_size":"crop-500"}],"trending_post":"0","trending_post_position":"meta","trending_post_label":"Trending","sponsored_post":"0","sponsored_post_label":"Sponsored by","sponsored_post_name":"","sponsored_post_url":"","sponsored_post_logo_enable":"0","sponsored_post_logo":"","sponsored_post_desc":"","disable_ad":"0"},"jnews_primary_category":{"id":""},"jnews_social_meta":{"fb_title":"","fb_description":"","fb_image":"","twitter_title":"","twitter_description":"","twitter_image":""},"footnotes":""},"categories":[39],"tags":[],"class_list":["post-383760","post","type-post","status-publish","format-standard","has-post-thumbnail","hentry","category-viajes"],"_links":{"self":[{"href":"https:\/\/dimensionturistica.com\/es\/wp-json\/wp\/v2\/posts\/383760","targetHints":{"allow":["GET"]}}],"collection":[{"href":"https:\/\/dimensionturistica.com\/es\/wp-json\/wp\/v2\/posts"}],"about":[{"href":"https:\/\/dimensionturistica.com\/es\/wp-json\/wp\/v2\/types\/post"}],"author":[{"embeddable":true,"href":"https:\/\/dimensionturistica.com\/es\/wp-json\/wp\/v2\/users\/1"}],"replies":[{"embeddable":true,"href":"https:\/\/dimensionturistica.com\/es\/wp-json\/wp\/v2\/comments?post=383760"}],"version-history":[{"count":0,"href":"https:\/\/dimensionturistica.com\/es\/wp-json\/wp\/v2\/posts\/383760\/revisions"}],"wp:featuredmedia":[{"embeddable":true,"href":"https:\/\/dimensionturistica.com\/es\/wp-json\/wp\/v2\/media\/383762"}],"wp:attachment":[{"href":"https:\/\/dimensionturistica.com\/es\/wp-json\/wp\/v2\/media?parent=383760"}],"wp:term":[{"taxonomy":"category","embeddable":true,"href":"https:\/\/dimensionturistica.com\/es\/wp-json\/wp\/v2\/categories?post=383760"},{"taxonomy":"post_tag","embeddable":true,"href":"https:\/\/dimensionturistica.com\/es\/wp-json\/wp\/v2\/tags?post=383760"}],"curies":[{"name":"wp","href":"https:\/\/api.w.org\/{rel}","templated":true}]}}