{"id":383562,"date":"2022-09-08T18:23:34","date_gmt":"2022-09-08T18:23:34","guid":{"rendered":"https:\/\/dimensionturistica.com\/es\/?p=383562"},"modified":"2022-09-08T18:23:34","modified_gmt":"2022-09-08T18:23:34","slug":"ee-uu-misfits-market-adquirira-imperfect-foods","status":"publish","type":"post","link":"https:\/\/dimensionturistica.com\/es\/ee-uu-misfits-market-adquirira-imperfect-foods\/","title":{"rendered":"EE.UU.: Misfits Market adquirir\u00e1 Imperfect Foods"},"content":{"rendered":"<p> <br \/>\n<\/p>\n<div>\n<p>La plataforma de comestibles en l\u00ednea Misfits Market, con sede en Filadelfia, anunci\u00f3 la adquisici\u00f3n del supermercado en l\u00ednea Imperfect Meals.<\/p>\n<div class=\"sgp-banner sgp-mobile mt-6 mb-6\" line_item_id=\"62e1ea8d826795001e37d603\" id=\"sgp-631a3321e042a\">\n            <a target=\"_blank\" href=\"https:\/\/territorioaguacate.com\/\" style=\"width: 320px; height:100px; display: inline-block;\" rel=\"noopener\"><br \/>\n                <img decoding=\"async\" src=\"https:\/\/sgp-cdn.yentzengroup.com\/uploads%2Fbanner%2Fsource_mobile%2F6304e0c7911efd001ec32cb5%2Fsource_mobile_1661264107.gif\" width=\"100%\" height=\"100%\" style=\"object-fit: cover;\"\/><br \/>\n            <\/a>\n        <\/div>\n<p>La empresa coment\u00f3 que \u00a0la adquisici\u00f3n unir\u00e1 ambas marcas para ofrecer una experiencia de comestibles mejor y m\u00e1s sostenible y pondr\u00e1 el negocio combinado en el camino para cruzar USD 1 mil millones en ventas y alcanzar la rentabilidad a principios de 2024.<\/p>\n<p>Imperfect Meals, fundada para construir un mejor sistema alimentario y luchar contra el desperdicio de alimentos, trae redes de entrega complementarias y dise\u00f1adas de manera sostenible a la marca Misfits Market.<\/p>\n<p>Como resultado de la adquisici\u00f3n, Misfits Market, que ha recaudado m\u00e1s de USD 525 millones en fondos, la firma dijo \u201cque estar\u00e1 bien posicionada para continuar construyendo una cadena de suministro que aborde la ineficiencia, reduzca los precios y contin\u00fae mejorando fundamentalmente la forma en que los consumidores compran alimentos. en l\u00ednea\u201d<\/p>\n<div class=\"sgp-banner sgp-desktop mt-6 mb-6\" line_item_id=\"629fdfec0218340020c12d42\" id=\"sgp-631a3321e02a8\">\n            <a target=\"_blank\" href=\"https:\/\/www.paceint.com\/scla\/cultivos\/citricos\/\" style=\"width: 728px; height:90px; display: inline-block;\" rel=\"noopener\"><br \/>\n                <img decoding=\"async\" src=\"https:\/\/sgp-cdn.yentzengroup.com\/uploads%2Fbanner%2Fsource%2F629fe3220218340020c13346%2Fsource_1654645538.gif\" width=\"100%\" height=\"100%\" style=\"object-fit: cover;\"\/><br \/>\n            <\/a>\n        <\/div>\n<p>Si bien las marcas continuar\u00e1n operando por separado en el corto plazo, el fundador y director ejecutivo de Misfits Market, Abhi Ramesh, se desempe\u00f1ar\u00e1 como director ejecutivo de la compa\u00f1\u00eda combinada, y los ejecutivos de Imperfect Meals se unir\u00e1n al equipo de liderazgo de Misfits Market.<\/p>\n<p>\u201cTenemos una gran oportunidad de avanzar en la misi\u00f3n compartida de ambas marcas, que es nada menos que una reinvenci\u00f3n fundamental tanto de la categor\u00eda de comestibles como del sistema alimentario quebrado de EE.UU.\u201d, dijo Abhi Ramesh, director ejecutivo y fundador de Misfits Market.<\/p>\n<p>&#8220;Las fortalezas de la organizaci\u00f3n Imperfect Foods, desde su flota de entrega interna y su s\u00f3lido programa de marca privada hasta sus compromisos de sustentabilidad e innovaci\u00f3n, agregan escala y profundidad inmediatas a lo que estamos construyendo en Misfits Market&#8221;.<\/p>\n<p>\u201cLa escala es importante en los supermercados, y esta combinaci\u00f3n nos convierte en un disruptor verdaderamente significativo en el espacio\u201d, afirm\u00f3 el director ejecutivo de Imperfect Meals, Dan Park.<\/p>\n<p>\u201cAmbas organizaciones han logrado un progreso significativo como marcas individuales: juntos ya hemos rescatado casi 500 millones de libras de alimentos que de otro modo se habr\u00edan desperdiciado e impulsado la innovaci\u00f3n en una categor\u00eda respaldada por tecnolog\u00eda y pensamiento anticuados. La experiencia y los conocimientos combinados de este equipo reci\u00e9n fusionado aumentar\u00e1n exponencialmente nuestra capacidad para enfrentarnos a jugadores establecidos en el espacio tradicional de las tiendas de comestibles\u201d.<\/p>\n<\/p><\/div>\n<div>\n<p><h4>Suscr\u00edbete a nuestro Publication<\/h4>\n<\/p><\/div>\n\n<p><em> \u2018 The preceding article may include information circulated by third parties \u2019 <\/em><\/p>\n<p><em> \u2018 Some details of this article were extracted from the following source www.portalfruticola.com \u2019 <\/em><\/p>\n","protected":false},"excerpt":{"rendered":"<p>La plataforma de comestibles en l\u00ednea Misfits Market, con sede en Filadelfia, anunci\u00f3 la adquisici\u00f3n del supermercado en l\u00ednea Imperfect Meals. La empresa coment\u00f3 que \u00a0la adquisici\u00f3n unir\u00e1 ambas marcas para ofrecer una experiencia de comestibles mejor y m\u00e1s sostenible y pondr\u00e1 el negocio combinado en el camino para cruzar USD 1 mil millones en [&hellip;]<\/p>\n","protected":false},"author":2,"featured_media":383563,"comment_status":"open","ping_status":"closed","sticky":false,"template":"","format":"standard","meta":{"om_disable_all_campaigns":false,"jnews-multi-image_gallery":[],"jnews_single_post":[],"jnews_primary_category":[],"jnews_social_meta":[],"footnotes":""},"categories":[43],"tags":[],"class_list":["post-383562","post","type-post","status-publish","format-standard","has-post-thumbnail","hentry","category-gourmet"],"_links":{"self":[{"href":"https:\/\/dimensionturistica.com\/es\/wp-json\/wp\/v2\/posts\/383562","targetHints":{"allow":["GET"]}}],"collection":[{"href":"https:\/\/dimensionturistica.com\/es\/wp-json\/wp\/v2\/posts"}],"about":[{"href":"https:\/\/dimensionturistica.com\/es\/wp-json\/wp\/v2\/types\/post"}],"author":[{"embeddable":true,"href":"https:\/\/dimensionturistica.com\/es\/wp-json\/wp\/v2\/users\/2"}],"replies":[{"embeddable":true,"href":"https:\/\/dimensionturistica.com\/es\/wp-json\/wp\/v2\/comments?post=383562"}],"version-history":[{"count":0,"href":"https:\/\/dimensionturistica.com\/es\/wp-json\/wp\/v2\/posts\/383562\/revisions"}],"wp:featuredmedia":[{"embeddable":true,"href":"https:\/\/dimensionturistica.com\/es\/wp-json\/wp\/v2\/media\/383563"}],"wp:attachment":[{"href":"https:\/\/dimensionturistica.com\/es\/wp-json\/wp\/v2\/media?parent=383562"}],"wp:term":[{"taxonomy":"category","embeddable":true,"href":"https:\/\/dimensionturistica.com\/es\/wp-json\/wp\/v2\/categories?post=383562"},{"taxonomy":"post_tag","embeddable":true,"href":"https:\/\/dimensionturistica.com\/es\/wp-json\/wp\/v2\/tags?post=383562"}],"curies":[{"name":"wp","href":"https:\/\/api.w.org\/{rel}","templated":true}]}}