{"id":383559,"date":"2022-09-08T18:17:22","date_gmt":"2022-09-08T18:17:22","guid":{"rendered":"https:\/\/dimensionturistica.com\/es\/?p=383559"},"modified":"2022-09-08T18:17:22","modified_gmt":"2022-09-08T18:17:22","slug":"la-piramide-mas-alta-de-america","status":"publish","type":"post","link":"https:\/\/dimensionturistica.com\/es\/la-piramide-mas-alta-de-america\/","title":{"rendered":"La pir\u00e1mide m\u00e1s alta de Am\u00e9rica"},"content":{"rendered":"<p> <br \/>\n<\/p>\n<div>\n<p class=\"date\"> <time itemprop=\"dateModified\" datetime=\"2022-09-08T07:00:00+02:00\" data-timestamp=\"1662620400\">&#13;08 de septiembre de 2022 \u00b7 07:00<\/time>&#13;<\/p>\n<\/div>\n<div id=\"article-text\">\n<div class=\"txt\">\n<aside class=\"subscription-highlighted\">\n<div class=\"subscription-container\">\n<div class=\"non-subscribed\">\n<p class=\"description\">Somos de rutas, no de rutinas. Descubre Viajes Nationwide Geographic<\/p>\n<p><a rel=\"nofollow noopener\" target=\"_blank\" href=\"https:\/\/tienda.rbarevistas.com\/por-que-viajes-national-geographic.html?rba_source=viajes.nationalgeographic.com.es&amp;rba_medium=referral&amp;rba_campaign=NGMV&amp;rba_content=frase-articulo\" class=\"more-link\">SABER M\u00c1S<\/a><\/div>\n<\/div>\n<\/aside>\n<p style=\"display: none;\"><img decoding=\"async\" id=\"ctl01_ctl00_phMain_phMain_ctl00_ctl02_ctl17_ctl01_imgContent\" src=\"https:\/\/viajes.nationalgeographic.com.es\/medio\/2022\/09\/07\/la-danta_abe7ed9d_800x800.jpg\" alt=\"La Danta\" style=\"border-width:0px;\"\/><\/p>\n<aside class=\"add300x250 publi-interior-top ad-container-r1 ad-inline\"\/>\n<p>El yacimiento arqueol\u00f3gico de El Mirador, en Guatemala, sigue siendo un secreto para muchos viajeros y curiosos de todo el planeta. Su ubicaci\u00f3n, cerca de la frontera norte con M\u00e9xico, en lo m\u00e1s frondoso de la selva maya, le ha ayudado durante siglos a mantener este secretismo, burlando al progreso y, en cierto modo, a los arque\u00f3logos. No es que este lugar se resisitiera a ser descubierto (las primeras investigaciones y excavaciones tuvieron lugar hace casi 100 a\u00f1os), sino que los diversos factores econ\u00f3micos y pol\u00edticos de este hallazgo en la provincia de Pet\u00e9n. De hecho, la primera vez que fue intuido fue en 1926 cuando unos exploradores de una empresa chiclera otearon en el horizonte unas estructuras que superaban las copas de los \u00e1rboles.<\/p>\n<p>Desde esta an\u00e9cdota el lugar fue bautizado como El Mirador, comenzando as\u00ed la leyenda de un lugar \u00fanico en el mundo. Y es que, cuando los expertos decidieron medir sus edificaciones, dieron con un hito: la pir\u00e1mide bautizada como La Danta se alza hasta alcanzar los 72 metros de altura. O, lo que es lo mismo, es la m\u00e1s alta de todas las construcciones de este estilo del continente, superando a otros yacimientos como Chichen Itz\u00e1 o Teotihuac\u00e1n.<\/p>\n<p><iframe loading=\"lazy\" class=\"qualifio_iframe_tag\" frameborder=\"0\" height=\"1200\" hspace=\"0\" id=\"qualifio767025\" scrolling=\"auto\" src=\"https:\/\/participa.nationalgeographic.com.es\/20\/A682334E-DA7E-494D-81E6-2F595C02AC3A\/v1.cfm?id=A682334E-DA7E-494D-81E6-2F595C02AC3A\" style=\"overflow-x: hidden;max-width:1000px\" vspace=\"0\" width=\"100%\"><\/iframe><\/p>\n<aside class=\"add300x600 publi-interior-bot ad-inline ad-container-r2\"\/><\/div>\n<p><!-- START:toolbar --><!-- END:toolbar --><\/div>\n\n<p><em> &#8221; Fuentes viajes.nationalgeographic.com.es &#8221; <\/em><\/p>\n","protected":false},"excerpt":{"rendered":"<p>&#13;08 de septiembre de 2022 \u00b7 07:00&#13; Somos de rutas, no de rutinas. Descubre Viajes Nationwide Geographic SABER M\u00c1S El yacimiento arqueol\u00f3gico de El Mirador, en Guatemala, sigue siendo un secreto para muchos viajeros y curiosos de todo el planeta. Su ubicaci\u00f3n, cerca de la frontera norte con M\u00e9xico, en lo m\u00e1s frondoso de la [&hellip;]<\/p>\n","protected":false},"author":4,"featured_media":383560,"comment_status":"open","ping_status":"closed","sticky":false,"template":"","format":"standard","meta":{"om_disable_all_campaigns":false,"jnews-multi-image_gallery":[],"jnews_single_post":[],"jnews_primary_category":[],"jnews_social_meta":[],"footnotes":""},"categories":[39],"tags":[47258,47257],"class_list":["post-383559","post","type-post","status-publish","format-standard","has-post-thumbnail","hentry","category-viajes","tag-cargado-desde-el-fichero-de-recursos","tag-keywords-por-defecto"],"_links":{"self":[{"href":"https:\/\/dimensionturistica.com\/es\/wp-json\/wp\/v2\/posts\/383559","targetHints":{"allow":["GET"]}}],"collection":[{"href":"https:\/\/dimensionturistica.com\/es\/wp-json\/wp\/v2\/posts"}],"about":[{"href":"https:\/\/dimensionturistica.com\/es\/wp-json\/wp\/v2\/types\/post"}],"author":[{"embeddable":true,"href":"https:\/\/dimensionturistica.com\/es\/wp-json\/wp\/v2\/users\/4"}],"replies":[{"embeddable":true,"href":"https:\/\/dimensionturistica.com\/es\/wp-json\/wp\/v2\/comments?post=383559"}],"version-history":[{"count":0,"href":"https:\/\/dimensionturistica.com\/es\/wp-json\/wp\/v2\/posts\/383559\/revisions"}],"wp:featuredmedia":[{"embeddable":true,"href":"https:\/\/dimensionturistica.com\/es\/wp-json\/wp\/v2\/media\/383560"}],"wp:attachment":[{"href":"https:\/\/dimensionturistica.com\/es\/wp-json\/wp\/v2\/media?parent=383559"}],"wp:term":[{"taxonomy":"category","embeddable":true,"href":"https:\/\/dimensionturistica.com\/es\/wp-json\/wp\/v2\/categories?post=383559"},{"taxonomy":"post_tag","embeddable":true,"href":"https:\/\/dimensionturistica.com\/es\/wp-json\/wp\/v2\/tags?post=383559"}],"curies":[{"name":"wp","href":"https:\/\/api.w.org\/{rel}","templated":true}]}}