{"id":383381,"date":"2022-09-08T13:17:44","date_gmt":"2022-09-08T13:17:44","guid":{"rendered":"https:\/\/dimensionturistica.com\/es\/?p=383381"},"modified":"2022-09-08T13:17:44","modified_gmt":"2022-09-08T13:17:44","slug":"tendencias-del-mercado-digital-metaverso-y-experiencias-inmersivas-realidades-a-tratar-en-vtex-connect-latam-2","status":"publish","type":"post","link":"https:\/\/dimensionturistica.com\/es\/tendencias-del-mercado-digital-metaverso-y-experiencias-inmersivas-realidades-a-tratar-en-vtex-connect-latam-2\/","title":{"rendered":"Tendencias del mercado digital, metaverso y experiencias inmersivas; realidades a tratar en \u2018VTEX CONNECT LATAM\u2019"},"content":{"rendered":"<p><img decoding=\"async\" class=\"size-medium wp-image-383387 alignright\" src=\"https:\/\/dimensionturistica.com\/es\/wp-content\/uploads\/2022\/09\/VTEX11-300x199.jpg\" alt=\"\" width=\"300\" height=\"199\" srcset=\"https:\/\/dimensionturistica.com\/es\/wp-content\/uploads\/2022\/09\/VTEX11-300x199.jpg 300w, https:\/\/dimensionturistica.com\/es\/wp-content\/uploads\/2022\/09\/VTEX11.jpg 450w\" sizes=\"(max-width: 300px) 100vw, 300px\" \/> Derivado de que la realidad virtual y aumentada, experiencias inmersivas, as\u00ed como el metaverso, el blockchain y las nuevas tendencias en el mercado digital son algunos de los temas que est\u00e1n transformando los mercados y negocios, VTEX CONNECT LATAM, cumbre pionera en tecnol\u00f3gica empresarial en comercio digital de la regi\u00f3n, contar\u00e1 con ponencias y casos de \u00e9xitos reales de dichos t\u00f3picos, en la jornada de actividades a realizarse el 7 de septiembre en el World Trade Center (WTC), ubicado en la Ciudad de M\u00e9xico.<br \/>\n<img decoding=\"async\" class=\"size-medium wp-image-383390 alignleft\" src=\"https:\/\/dimensionturistica.com\/es\/wp-content\/uploads\/2022\/09\/VTEX7-225x300.jpg\" alt=\"\" width=\"225\" height=\"300\" srcset=\"https:\/\/dimensionturistica.com\/es\/wp-content\/uploads\/2022\/09\/VTEX7-225x300.jpg 225w, https:\/\/dimensionturistica.com\/es\/wp-content\/uploads\/2022\/09\/VTEX7.jpg 450w\" sizes=\"(max-width: 225px) 100vw, 225px\" \/>En dicha sede, se reunir\u00e1 una veintena de conferencistas de M\u00e9xico, Brasil, Colombia, Argentina y Estados<img decoding=\"async\" class=\"size-medium wp-image-383389 alignright\" src=\"https:\/\/dimensionturistica.com\/es\/wp-content\/uploads\/2022\/09\/VTEX8-225x300.jpg\" alt=\"\" width=\"225\" height=\"300\" srcset=\"https:\/\/dimensionturistica.com\/es\/wp-content\/uploads\/2022\/09\/VTEX8-225x300.jpg 225w, https:\/\/dimensionturistica.com\/es\/wp-content\/uploads\/2022\/09\/VTEX8.jpg 450w\" sizes=\"(max-width: 225px) 100vw, 225px\" \/> Unidos, quienes dar\u00e1n a conocer la traves\u00eda que siguieron sus respectivas organizaciones, para alcanzar el crecimiento exponencial dentro del ecosistema digital tanto Business to Business (B2B) como Business to Consumer (B2C), aplicado en los diferentes mercados en los que operan.<br \/>\nA trav\u00e9s de casos reales en el sector farmac\u00e9utico, financiero y retail, por mencionar algunos, los empresarios asistentes obtendr\u00e1n informaci\u00f3n y <img decoding=\"async\" class=\"size-medium wp-image-383393 alignleft\" src=\"https:\/\/dimensionturistica.com\/es\/wp-content\/uploads\/2022\/09\/VTEX1-225x300.jpg\" alt=\"\" width=\"225\" height=\"300\" srcset=\"https:\/\/dimensionturistica.com\/es\/wp-content\/uploads\/2022\/09\/VTEX1-225x300.jpg 225w, https:\/\/dimensionturistica.com\/es\/wp-content\/uploads\/2022\/09\/VTEX1.jpg 450w\" sizes=\"(max-width: 225px) 100vw, 225px\" \/>estrategias de primera mano, que les ayudar\u00e1n a tomar mejores decisiones para robustecer sus herramientas y procesos de comercio electr\u00f3nico y acelerar su transformaci\u00f3n digital con la visi\u00f3n de ser altamente<img decoding=\"async\" class=\"size-medium wp-image-383391 alignright\" src=\"https:\/\/dimensionturistica.com\/es\/wp-content\/uploads\/2022\/09\/VTEX6-225x300.jpg\" alt=\"\" width=\"225\" height=\"300\" srcset=\"https:\/\/dimensionturistica.com\/es\/wp-content\/uploads\/2022\/09\/VTEX6-225x300.jpg 225w, https:\/\/dimensionturistica.com\/es\/wp-content\/uploads\/2022\/09\/VTEX6.jpg 450w\" sizes=\"(max-width: 225px) 100vw, 225px\" \/> competitivos.<br \/>\n\u201cPor primera vez en M\u00e9xico se mostrar\u00e1 lo que hay tras bambalinas de un marketplace exitoso para entregar una experiencia unificada a los clientes finales. Se profundizar\u00e1 en todo lo relacionado con las tendencias del mercado digital, el concepto de metaverso, de la realidad virtual como tecnolog\u00eda del futuro, as\u00ed como del Business Intelligence (BI), personalizaci\u00f3n y marketing predictivo para aumentar la rentabilidad de un retail o una marca.<br \/>\n\u201cEs el momento id\u00f3neo para estar al d\u00eda con estos conceptos que agregan valor a las estrategias de negocio del ecosistema digital de las empresas\u201d, dijo Santiago Naranjo, Chief Revenue Officer (CRO) de VTEX.<br \/>\nA lo anterior se suma el c\u00f3mo ampliar y profundizar en el desarrollo de cat\u00e1logos de productos mediante estrategias de canales de abastecimiento local (sourcing), as\u00ed como marketplaces y modelos de negocio en los que se incorporen de<img decoding=\"async\" class=\"size-medium wp-image-383392 alignright\" src=\"https:\/\/dimensionturistica.com\/es\/wp-content\/uploads\/2022\/09\/VTEX5-225x300.jpg\" alt=\"\" width=\"225\" height=\"300\" srcset=\"https:\/\/dimensionturistica.com\/es\/wp-content\/uploads\/2022\/09\/VTEX5-225x300.jpg 225w, https:\/\/dimensionturistica.com\/es\/wp-content\/uploads\/2022\/09\/VTEX5.jpg 450w\" sizes=\"(max-width: 225px) 100vw, 225px\" \/> manera coordinada vendedores locales y globales.<br \/>\n<img decoding=\"async\" class=\"size-medium wp-image-383394 alignleft\" src=\"https:\/\/dimensionturistica.com\/es\/wp-content\/uploads\/2022\/09\/VTEX2-225x300.jpg\" alt=\"\" width=\"225\" height=\"300\" srcset=\"https:\/\/dimensionturistica.com\/es\/wp-content\/uploads\/2022\/09\/VTEX2-225x300.jpg 225w, https:\/\/dimensionturistica.com\/es\/wp-content\/uploads\/2022\/09\/VTEX2.jpg 450w\" sizes=\"(max-width: 225px) 100vw, 225px\" \/>Ejecutivos, empresarios, tomadores de decisi\u00f3n de grandes compa\u00f1\u00edas, as\u00ed como p\u00fablico en general pueden consultar la disponibilidad de entradas y la agenda completa en www.vtexconnect.vtex.com donde ubicar\u00e1n las conferencias magistrales que se llevar\u00e1n a cabo simult\u00e1neamente en los escenarios Track Business y Track Tech, respectivamente. Adem\u00e1s de un tercer espacio destinado para las pl\u00e1ticas plenarias del d\u00eda.<br \/>\n\u201cCon esta cumbre tambi\u00e9n contribuimos en promover el desarrollo y profesionalizaci\u00f3n del talento de Am\u00e9rica Latina, y en espec\u00edfico de M\u00e9xico que, aunado a la actualizaci\u00f3n tecnol\u00f3gica continua, lograr\u00e1 marcar realmente un antes y un despu\u00e9s en el comercio digital de la regi\u00f3n\u201d, explic\u00f3 Aldo Zerecero, vicepresidente de ventas y mercadotecnia en VTEX.<br \/>\nFinalmente, los asistentes tendr\u00e1n la oportunidad de ampliar su red de contactos durante este foro, al que se estima acudan m\u00e1s de dos mil visitantes de M\u00e9xico y el extranjero.<\/p>\n","protected":false},"excerpt":{"rendered":"<p>Derivado de que la realidad virtual y aumentada, experiencias inmersivas, as\u00ed como el metaverso, el blockchain y las nuevas tendencias en el mercado digital son algunos de los temas que est\u00e1n transformando los mercados y negocios, VTEX CONNECT LATAM, cumbre pionera en tecnol\u00f3gica empresarial en comercio digital de la regi\u00f3n, contar\u00e1 con ponencias y casos [&hellip;]<\/p>\n","protected":false},"author":1,"featured_media":383388,"comment_status":"open","ping_status":"closed","sticky":false,"template":"","format":"standard","meta":{"om_disable_all_campaigns":false,"jnews-multi-image_gallery":[],"jnews_single_post":{"source_name":"","source_url":"","via_name":"","via_url":"","override_template":"0","override":[{"template":"1","single_blog_custom":"","parallax":"1","fullscreen":"1","layout":"right-sidebar","sidebar":"default-sidebar","second_sidebar":"default-sidebar","sticky_sidebar":"1","share_position":"top","share_float_style":"share-monocrhome","show_share_counter":"1","show_view_counter":"1","show_featured":"1","show_post_meta":"1","show_post_author":"1","show_post_author_image":"1","show_post_date":"1","post_date_format":"default","post_date_format_custom":"Y\/m\/d","show_post_category":"1","show_post_reading_time":"0","post_reading_time_wpm":"300","show_zoom_button":"0","zoom_button_out_step":"2","zoom_button_in_step":"3","show_post_tag":"1","show_prev_next_post":"1","show_popup_post":"1","number_popup_post":"1","show_author_box":"0","show_post_related":"0","show_inline_post_related":"0"}],"override_image_size":"0","image_override":[{"single_post_thumbnail_size":"crop-500","single_post_gallery_size":"crop-500"}],"trending_post":"0","trending_post_position":"meta","trending_post_label":"Trending","sponsored_post":"0","sponsored_post_label":"Sponsored by","sponsored_post_name":"","sponsored_post_url":"","sponsored_post_logo_enable":"0","sponsored_post_logo":"","sponsored_post_desc":"","disable_ad":"0"},"jnews_primary_category":{"id":""},"jnews_social_meta":{"fb_title":"","fb_description":"","fb_image":"","twitter_title":"","twitter_description":"","twitter_image":""},"footnotes":""},"categories":[40],"tags":[],"class_list":["post-383381","post","type-post","status-publish","format-standard","has-post-thumbnail","hentry","category-industria"],"_links":{"self":[{"href":"https:\/\/dimensionturistica.com\/es\/wp-json\/wp\/v2\/posts\/383381","targetHints":{"allow":["GET"]}}],"collection":[{"href":"https:\/\/dimensionturistica.com\/es\/wp-json\/wp\/v2\/posts"}],"about":[{"href":"https:\/\/dimensionturistica.com\/es\/wp-json\/wp\/v2\/types\/post"}],"author":[{"embeddable":true,"href":"https:\/\/dimensionturistica.com\/es\/wp-json\/wp\/v2\/users\/1"}],"replies":[{"embeddable":true,"href":"https:\/\/dimensionturistica.com\/es\/wp-json\/wp\/v2\/comments?post=383381"}],"version-history":[{"count":0,"href":"https:\/\/dimensionturistica.com\/es\/wp-json\/wp\/v2\/posts\/383381\/revisions"}],"wp:featuredmedia":[{"embeddable":true,"href":"https:\/\/dimensionturistica.com\/es\/wp-json\/wp\/v2\/media\/383388"}],"wp:attachment":[{"href":"https:\/\/dimensionturistica.com\/es\/wp-json\/wp\/v2\/media?parent=383381"}],"wp:term":[{"taxonomy":"category","embeddable":true,"href":"https:\/\/dimensionturistica.com\/es\/wp-json\/wp\/v2\/categories?post=383381"},{"taxonomy":"post_tag","embeddable":true,"href":"https:\/\/dimensionturistica.com\/es\/wp-json\/wp\/v2\/tags?post=383381"}],"curies":[{"name":"wp","href":"https:\/\/api.w.org\/{rel}","templated":true}]}}