{"id":383268,"date":"2022-09-08T07:47:40","date_gmt":"2022-09-08T07:47:40","guid":{"rendered":"https:\/\/dimensionturistica.com\/es\/?p=383268"},"modified":"2022-09-08T07:47:41","modified_gmt":"2022-09-08T07:47:41","slug":"la-historica-marca-viajes-2000-propiedad-de-avoris-es-rebautizada-como-opteam","status":"publish","type":"post","link":"https:\/\/dimensionturistica.com\/es\/la-historica-marca-viajes-2000-propiedad-de-avoris-es-rebautizada-como-opteam\/","title":{"rendered":"La hist\u00f3rica marca Viajes 2000, propiedad de \u00c1voris, es rebautizada como Opteam"},"content":{"rendered":"<p> <br \/>\n<\/p>\n<div>\n<p><strong>La hist\u00f3rica marca Viajes 2000, <\/strong>que cuenta con m\u00e1s de 50 a\u00f1os de experiencia en el sector en los que el rigor, la atenci\u00f3n y la escucha al cliente han sido sus se\u00f1as de identidad,\u00a0pasa a llamarse ahora <strong>OPTEAM.<\/strong><\/p>\n<p>Durante todo este tiempo le ha distinguido su compromiso social ya que cuenta con un Centro Especial de Empleo que permite a sus clientes cumplir con las medidas alternativas de la Ley Common de Discapacidad.<\/p>\n<p><strong>En 2015 el Grupo Barcel\u00f3, ahora \u00c1voris Corporaci\u00f3n Empresarial, un referente en el sector tur\u00edstico nacional e internacional, adquiere Viajes 2000 <\/strong>y la integra en una estructura marcada por la solidez y la fuerza de uno de los principales grupos tur\u00edsticos mundiales, con una completa oferta de recursos para garantizar el \u00e9xito del proyecto.<\/p>\n<p>Actualmente, Viajes 2000 renace con el nombre de OPTEAM y destaca dentro de la estructura de \u00c1voris Corporaci\u00f3n Empresarial como la <strong>agencia especializada en viajes y eventos de empresa a medida<\/strong>. Como explica\u00a0<strong>Carmen Gonz\u00e1lez Aznar, managing director de OPTEAM,<\/strong> \u201cContigo de principio a fin\u00a0es nuestro nuevo lema porque existimos para acompa\u00f1ar a nuestros clientes en cada etapa de su viaje y evento\u201d.<\/p>\n<p>Como explica\u00a0<strong>Juan Carlos Gonz\u00e1lez, director basic de la divisi\u00f3n de distribuci\u00f3n de \u00c1voris,\u00a0<\/strong>ahora\u00a0OPTEAM:\u00a0\u201cM\u00e1s all\u00e1 del nuevo nombre y la nueva identidad visible que ha evolucionado a un concepto m\u00e1s moderno e innovador, esta transformaci\u00f3n significa una evoluci\u00f3n de sentimiento y percepci\u00f3n de la marca desde dentro hacia fuera&#8221;.<\/p>\n<p>Gonz\u00e1lez asegura que\u00a0 &#8220;si tuvi\u00e9ramos que definir nuestra nueva personalidad de marca afirmar\u00edamos que OPTEAM es cercana, \u00e1gil, precise, comprometida y confiable. Esto implica replantearnos desde la forma en que respondemos al tel\u00e9fono hasta nuestra actitud en el d\u00eda a d\u00eda. Es lo que nos distingue de todos los dem\u00e1s. Lo que marca la diferencia de forma positiva\u201d.<\/p>\n<\/div>\n\n<p><em> &#8221; Fuentes www.economiademallorca.com &#8221; <\/em><\/p>\n","protected":false},"excerpt":{"rendered":"<p>La hist\u00f3rica marca Viajes 2000, que cuenta con m\u00e1s de 50 a\u00f1os de experiencia en el sector en los que el rigor, la atenci\u00f3n y la escucha al cliente han sido sus se\u00f1as de identidad,\u00a0pasa a llamarse ahora OPTEAM. Durante todo este tiempo le ha distinguido su compromiso social ya que cuenta con un Centro [&hellip;]<\/p>\n","protected":false},"author":4,"featured_media":383269,"comment_status":"open","ping_status":"closed","sticky":false,"template":"","format":"standard","meta":{"om_disable_all_campaigns":false,"jnews-multi-image_gallery":[],"jnews_single_post":[],"jnews_primary_category":[],"jnews_social_meta":[],"footnotes":""},"categories":[39],"tags":[634,544],"class_list":["post-383268","post","type-post","status-publish","format-standard","has-post-thumbnail","hentry","category-viajes","tag-empresas","tag-turismo"],"_links":{"self":[{"href":"https:\/\/dimensionturistica.com\/es\/wp-json\/wp\/v2\/posts\/383268","targetHints":{"allow":["GET"]}}],"collection":[{"href":"https:\/\/dimensionturistica.com\/es\/wp-json\/wp\/v2\/posts"}],"about":[{"href":"https:\/\/dimensionturistica.com\/es\/wp-json\/wp\/v2\/types\/post"}],"author":[{"embeddable":true,"href":"https:\/\/dimensionturistica.com\/es\/wp-json\/wp\/v2\/users\/4"}],"replies":[{"embeddable":true,"href":"https:\/\/dimensionturistica.com\/es\/wp-json\/wp\/v2\/comments?post=383268"}],"version-history":[{"count":0,"href":"https:\/\/dimensionturistica.com\/es\/wp-json\/wp\/v2\/posts\/383268\/revisions"}],"wp:featuredmedia":[{"embeddable":true,"href":"https:\/\/dimensionturistica.com\/es\/wp-json\/wp\/v2\/media\/383269"}],"wp:attachment":[{"href":"https:\/\/dimensionturistica.com\/es\/wp-json\/wp\/v2\/media?parent=383268"}],"wp:term":[{"taxonomy":"category","embeddable":true,"href":"https:\/\/dimensionturistica.com\/es\/wp-json\/wp\/v2\/categories?post=383268"},{"taxonomy":"post_tag","embeddable":true,"href":"https:\/\/dimensionturistica.com\/es\/wp-json\/wp\/v2\/tags?post=383268"}],"curies":[{"name":"wp","href":"https:\/\/api.w.org\/{rel}","templated":true}]}}