{"id":383152,"date":"2022-09-08T00:08:03","date_gmt":"2022-09-08T00:08:03","guid":{"rendered":"https:\/\/dimensionturistica.com\/es\/?p=383152"},"modified":"2022-09-08T00:08:03","modified_gmt":"2022-09-08T00:08:03","slug":"la-ocupacion-de-asientos-en-vuelos-internacionales-a-mexico-logra-su-mayor-nivel-en-julio-de-2022-al-alcanzar-85-de-la-oferta-programada","status":"publish","type":"post","link":"https:\/\/dimensionturistica.com\/es\/la-ocupacion-de-asientos-en-vuelos-internacionales-a-mexico-logra-su-mayor-nivel-en-julio-de-2022-al-alcanzar-85-de-la-oferta-programada\/","title":{"rendered":"La ocupaci\u00f3n de asientos en vuelos internacionales a M\u00e9xico logra su mayor nivel en julio de 2022 al alcanzar 85% de la oferta programada"},"content":{"rendered":"<p><img decoding=\"async\" class=\"size-medium wp-image-383159 alignright\" src=\"https:\/\/dimensionturistica.com\/es\/wp-content\/uploads\/2022\/09\/Ocupacion-de-asientos-en-vuelos-internacionales-300x225.jpeg\" alt=\"\" width=\"300\" height=\"225\" srcset=\"https:\/\/dimensionturistica.com\/es\/wp-content\/uploads\/2022\/09\/Ocupacion-de-asientos-en-vuelos-internacionales-300x225.jpeg 300w, https:\/\/dimensionturistica.com\/es\/wp-content\/uploads\/2022\/09\/Ocupacion-de-asientos-en-vuelos-internacionales-1024x768.jpeg 1024w, https:\/\/dimensionturistica.com\/es\/wp-content\/uploads\/2022\/09\/Ocupacion-de-asientos-en-vuelos-internacionales-768x576.jpeg 768w, https:\/\/dimensionturistica.com\/es\/wp-content\/uploads\/2022\/09\/Ocupacion-de-asientos-en-vuelos-internacionales-750x563.jpeg 750w, https:\/\/dimensionturistica.com\/es\/wp-content\/uploads\/2022\/09\/Ocupacion-de-asientos-en-vuelos-internacionales-1140x855.jpeg 1140w, https:\/\/dimensionturistica.com\/es\/wp-content\/uploads\/2022\/09\/Ocupacion-de-asientos-en-vuelos-internacionales.jpeg 1280w\" sizes=\"(max-width: 300px) 100vw, 300px\" \/>El secretario de Turismo del Gobierno de M\u00e9xico, Miguel Torruco Marqu\u00e9s, dio a conocer que, con cifras de la Agencia Federal de Aviaci\u00f3n Civil (AFAC) en julio de 2022, el flujo de pasajeros en vuelos internacionales a M\u00e9xico fue de 2 millones 374 mil 238 pasajeros, lo que represent\u00f3 85% del total de asientos programados en ese mes, que fue de 2 millones 802 mil 254 asientos, el mayor nivel alcanzado en lo que va de enero a julio de 2022.<br \/>\nEl titular de la Secretar\u00eda de Turismo (Sectur) destac\u00f3 que la proporci\u00f3n de pasajeros internacionales transportados contra la oferta de asientos programados en el mes de julio 2022, supera en un punto porcentual el 84% logrado en junio de 2022.<br \/>\nDetall\u00f3 que la proporci\u00f3n de pasajeros internacionales transportados hacia M\u00e9xico contra la oferta de asientos<img decoding=\"async\" class=\"size-medium wp-image-383161 alignright\" src=\"https:\/\/dimensionturistica.com\/es\/wp-content\/uploads\/2022\/09\/AEROKMEXICXO-300x168.jpg\" alt=\"\" width=\"300\" height=\"168\" srcset=\"https:\/\/dimensionturistica.com\/es\/wp-content\/uploads\/2022\/09\/AEROKMEXICXO-300x168.jpg 300w, https:\/\/dimensionturistica.com\/es\/wp-content\/uploads\/2022\/09\/AEROKMEXICXO.jpg 474w\" sizes=\"(max-width: 300px) 100vw, 300px\" \/> programados en los meses previos de 2022 fue de 78% en mayo, 76% en abril, 77% en marzo, 70% en febrero y 62% en enero de 2022 respectivamente.<br \/>\nCon base en informaci\u00f3n de la Official Airline Guide (OAG) para el a\u00f1o 2022 se tiene una programaci\u00f3n de 32 millones 457 mil 845 asientos a M\u00e9xico procedentes de las diferentes regiones del mundo, lo que representa 27.9% m\u00e1s que lo programado en 2021, que fue de 25 millones 377 mil 406 asientos.<br \/>\nTorruco Marqu\u00e9s indic\u00f3 que de enero a julio de 2022 el flujo de pasajeros en vuelos internacionales a M\u00e9xico fue de 14 millones 501 mil 727. Por regi\u00f3n, Norteam\u00e9rica represent\u00f3 el 76.9% con 11 millones 152 mil 5 pasajeros, seguido de la regi\u00f3n Caribe, Centro y Sudam\u00e9rica con un mill\u00f3n 935 mil 712 pasajeros transportados, esto es, 13.3% del total; de Europa, llegaron un mill\u00f3n 376 mil 856 pasajeros, lo que represent\u00f3 9.5% del total, y de Asia, se transportaron 37 mil 154 pasajeros, con una participaci\u00f3n del 0.3% del total de pasajeros en vuelos internacionales que llegaron a M\u00e9xico.<img decoding=\"async\" class=\"size-medium wp-image-383162 alignright\" src=\"https:\/\/dimensionturistica.com\/es\/wp-content\/uploads\/2022\/09\/CANCUN-300x199.jpg\" alt=\"\" width=\"300\" height=\"199\" srcset=\"https:\/\/dimensionturistica.com\/es\/wp-content\/uploads\/2022\/09\/CANCUN-300x199.jpg 300w, https:\/\/dimensionturistica.com\/es\/wp-content\/uploads\/2022\/09\/CANCUN.jpg 474w\" sizes=\"(max-width: 300px) 100vw, 300px\" \/><br \/>\nSubray\u00f3 que de enero a diciembre de 2022, los asientos programados a M\u00e9xico provenientes de la regi\u00f3n Norteam\u00e9rica son 24 millones 785 mil 694 asientos, lo que representa una participaci\u00f3n del 76.4% del total.<br \/>\nTorruco Marqu\u00e9s puntualiz\u00f3 que para 2022, las aerol\u00edneas con la mayor participaci\u00f3n en asientos programados son: American Airlines con el 15.3% del total, Aerom\u00e9xico con el 12.4% y United Airlines con el 11.2%, que en conjunto suman 12 millones 598 mil asientos.<br \/>\n<img decoding=\"async\" class=\"size-medium wp-image-383160 alignleft\" src=\"https:\/\/dimensionturistica.com\/es\/wp-content\/uploads\/2022\/09\/aicm-300x122.jpg\" alt=\"\" width=\"300\" height=\"122\" srcset=\"https:\/\/dimensionturistica.com\/es\/wp-content\/uploads\/2022\/09\/aicm-300x122.jpg 300w, https:\/\/dimensionturistica.com\/es\/wp-content\/uploads\/2022\/09\/aicm.jpg 640w\" sizes=\"(max-width: 300px) 100vw, 300px\" \/>Afirm\u00f3 que para 2022 los aeropuertos con el mayor n\u00famero de asientos programados en vuelos internacionales a M\u00e9xico son Canc\u00fan, el Aeropuerto Internacional de la Ciudad de M\u00e9xico (AICM) y Guadalajara, sumando 23 millones 852 mil asientos, que representa el 73.5% del total.<br \/>\nAgreg\u00f3 que para 2022 las rutas internacionales a M\u00e9xico con el mayor n\u00famero de asientos programados son: Dallas \u2013 Canc\u00fan con 736 mil 180 asientos, Houston &#8211; Ciudad de M\u00e9xico con 609 mil 782 asientos y Los \u00c1ngeles \u2013 Guadalajara con 561 mil asientos.<br \/>\nEl secretario de Turismo puntualiz\u00f3 que para este 2022, se ofertan 73 millones 976 mil 523 asientos programados en vuelos nacionales entre los diferentes destinos del pa\u00eds, esto representa el 26.6% m\u00e1s de los 58 millones 455 mil 611 asientos programados en 2021.<br \/>\nSostuvo que, en vuelos nacionales, julio de 2022 fue el mes con mayor n\u00famero de pasajeros transportados con 5 millones 319 mil 187 pasajeros, lo que represent\u00f3 el 79% de la oferta de asientos programados para ese mes, que fue de 6 millones 749 mil.<br \/>\nAdicionalmente el secretario de Turismo detall\u00f3 que, para 2022, las aerol\u00edneas con la mayor participaci\u00f3n en<img decoding=\"async\" class=\"size-medium wp-image-383163 alignright\" src=\"https:\/\/dimensionturistica.com\/es\/wp-content\/uploads\/2022\/09\/GUADALAJARA-300x150.jpg\" alt=\"\" width=\"300\" height=\"150\" srcset=\"https:\/\/dimensionturistica.com\/es\/wp-content\/uploads\/2022\/09\/GUADALAJARA-300x150.jpg 300w, https:\/\/dimensionturistica.com\/es\/wp-content\/uploads\/2022\/09\/GUADALAJARA-360x180.jpg 360w, https:\/\/dimensionturistica.com\/es\/wp-content\/uploads\/2022\/09\/GUADALAJARA.jpg 474w\" sizes=\"(max-width: 300px) 100vw, 300px\" \/> asientos programados son: Volaris con el 40.3% del total, Viva Aerobus con el 30.4% y Aerom\u00e9xico con el 26.5%, que en conjunto suman 71 millones 907 mil asientos, con el 97.2% de participaci\u00f3n en el mercado nacional.<br \/>\nAsimismo, que para 2022, las principales rutas nacionales con el mayor n\u00famero de asientos programados son: AICM \u2013 Canc\u00fan con 3 millones 89 mil asientos, Canc\u00fan &#8211; AICM con 2 millones 839 mil asientos y AICM \u2013 Monterrey con 2 millones 257 mil asientos.<\/p>\n","protected":false},"excerpt":{"rendered":"<p>El secretario de Turismo del Gobierno de M\u00e9xico, Miguel Torruco Marqu\u00e9s, dio a conocer que, con cifras de la Agencia Federal de Aviaci\u00f3n Civil (AFAC) en julio de 2022, el flujo de pasajeros en vuelos internacionales a M\u00e9xico fue de 2 millones 374 mil 238 pasajeros, lo que represent\u00f3 85% del total de asientos programados [&hellip;]<\/p>\n","protected":false},"author":1,"featured_media":367680,"comment_status":"open","ping_status":"closed","sticky":false,"template":"","format":"standard","meta":{"om_disable_all_campaigns":false,"jnews-multi-image_gallery":[],"jnews_single_post":{"source_name":"","source_url":"","via_name":"","via_url":"","override_template":"0","override":[{"template":"1","single_blog_custom":"","parallax":"1","fullscreen":"1","layout":"right-sidebar","sidebar":"default-sidebar","second_sidebar":"default-sidebar","sticky_sidebar":"1","share_position":"top","share_float_style":"share-monocrhome","show_share_counter":"1","show_view_counter":"1","show_featured":"1","show_post_meta":"1","show_post_author":"1","show_post_author_image":"1","show_post_date":"1","post_date_format":"default","post_date_format_custom":"Y\/m\/d","show_post_category":"1","show_post_reading_time":"0","post_reading_time_wpm":"300","show_zoom_button":"0","zoom_button_out_step":"2","zoom_button_in_step":"3","show_post_tag":"1","show_prev_next_post":"1","show_popup_post":"1","number_popup_post":"1","show_author_box":"0","show_post_related":"0","show_inline_post_related":"0"}],"override_image_size":"0","image_override":[{"single_post_thumbnail_size":"crop-500","single_post_gallery_size":"crop-500"}],"trending_post":"0","trending_post_position":"meta","trending_post_label":"Trending","sponsored_post":"0","sponsored_post_label":"Sponsored by","sponsored_post_name":"","sponsored_post_url":"","sponsored_post_logo_enable":"0","sponsored_post_logo":"","sponsored_post_desc":"","disable_ad":"0"},"jnews_primary_category":{"id":""},"jnews_social_meta":{"fb_title":"","fb_description":"","fb_image":"","twitter_title":"","twitter_description":"","twitter_image":""},"footnotes":""},"categories":[39],"tags":[],"class_list":["post-383152","post","type-post","status-publish","format-standard","has-post-thumbnail","hentry","category-viajes"],"_links":{"self":[{"href":"https:\/\/dimensionturistica.com\/es\/wp-json\/wp\/v2\/posts\/383152","targetHints":{"allow":["GET"]}}],"collection":[{"href":"https:\/\/dimensionturistica.com\/es\/wp-json\/wp\/v2\/posts"}],"about":[{"href":"https:\/\/dimensionturistica.com\/es\/wp-json\/wp\/v2\/types\/post"}],"author":[{"embeddable":true,"href":"https:\/\/dimensionturistica.com\/es\/wp-json\/wp\/v2\/users\/1"}],"replies":[{"embeddable":true,"href":"https:\/\/dimensionturistica.com\/es\/wp-json\/wp\/v2\/comments?post=383152"}],"version-history":[{"count":0,"href":"https:\/\/dimensionturistica.com\/es\/wp-json\/wp\/v2\/posts\/383152\/revisions"}],"wp:featuredmedia":[{"embeddable":true,"href":"https:\/\/dimensionturistica.com\/es\/wp-json\/wp\/v2\/media\/367680"}],"wp:attachment":[{"href":"https:\/\/dimensionturistica.com\/es\/wp-json\/wp\/v2\/media?parent=383152"}],"wp:term":[{"taxonomy":"category","embeddable":true,"href":"https:\/\/dimensionturistica.com\/es\/wp-json\/wp\/v2\/categories?post=383152"},{"taxonomy":"post_tag","embeddable":true,"href":"https:\/\/dimensionturistica.com\/es\/wp-json\/wp\/v2\/tags?post=383152"}],"curies":[{"name":"wp","href":"https:\/\/api.w.org\/{rel}","templated":true}]}}