{"id":383135,"date":"2022-09-07T23:41:44","date_gmt":"2022-09-07T23:41:44","guid":{"rendered":"https:\/\/dimensionturistica.com\/es\/?p=383135"},"modified":"2022-09-07T23:41:44","modified_gmt":"2022-09-07T23:41:44","slug":"tabasco-puerta-de-entrada-del-mundo-maya","status":"publish","type":"post","link":"https:\/\/dimensionturistica.com\/es\/tabasco-puerta-de-entrada-del-mundo-maya\/","title":{"rendered":"Tabasco, puerta de entrada del Mundo Maya"},"content":{"rendered":"<p><img decoding=\"async\" class=\"size-medium wp-image-383144 alignright\" src=\"https:\/\/dimensionturistica.com\/es\/wp-content\/uploads\/2022\/09\/Gira-de-trabajo-por-el-estado-de-Tabasco-7-300x169.jpeg\" alt=\"\" width=\"300\" height=\"169\" srcset=\"https:\/\/dimensionturistica.com\/es\/wp-content\/uploads\/2022\/09\/Gira-de-trabajo-por-el-estado-de-Tabasco-7-300x169.jpeg 300w, https:\/\/dimensionturistica.com\/es\/wp-content\/uploads\/2022\/09\/Gira-de-trabajo-por-el-estado-de-Tabasco-7-1024x576.jpeg 1024w, https:\/\/dimensionturistica.com\/es\/wp-content\/uploads\/2022\/09\/Gira-de-trabajo-por-el-estado-de-Tabasco-7-768x432.jpeg 768w, https:\/\/dimensionturistica.com\/es\/wp-content\/uploads\/2022\/09\/Gira-de-trabajo-por-el-estado-de-Tabasco-7-1536x864.jpeg 1536w, https:\/\/dimensionturistica.com\/es\/wp-content\/uploads\/2022\/09\/Gira-de-trabajo-por-el-estado-de-Tabasco-7-750x422.jpeg 750w, https:\/\/dimensionturistica.com\/es\/wp-content\/uploads\/2022\/09\/Gira-de-trabajo-por-el-estado-de-Tabasco-7-1140x641.jpeg 1140w, https:\/\/dimensionturistica.com\/es\/wp-content\/uploads\/2022\/09\/Gira-de-trabajo-por-el-estado-de-Tabasco-7.jpeg 1599w\" sizes=\"(max-width: 300px) 100vw, 300px\" \/>El secretario de Turismo del Gobierno de M\u00e9xico, Miguel Torruco Marqu\u00e9s, y el gobernador de Tabasco, Carlos Manuel Merino Campos, dieron a conocer las acciones que detonen la actividad tur\u00edstica en la entidad como la puerta de entrada al Mundo Maya, en coordinaci\u00f3n entre los tres \u00f3rdenes de gobierno y la iniciativa privada.<br \/>\nDe gira de trabajo por Tabasco, el titular de la secretar\u00eda de Turismo (Sectur) y el mandatario estatal acordaron sumar esfuerzos para hacer del estado un destino tur\u00edstico que aproveche la gran oportunidad que representar\u00e1 el Tren Maya, obra que ser\u00e1 inaugurada en diciembre de 2023, y que en sus 1,525 kil\u00f3metros de recorrido conectar\u00e1 con 190 atractivos tur\u00edsticos de alto impacto.<img decoding=\"async\" class=\"size-medium wp-image-383145 alignright\" src=\"https:\/\/dimensionturistica.com\/es\/wp-content\/uploads\/2022\/09\/Gira-de-trabajo-por-el-estado-de-Tabasco-12-300x169.jpeg\" alt=\"\" width=\"300\" height=\"169\" srcset=\"https:\/\/dimensionturistica.com\/es\/wp-content\/uploads\/2022\/09\/Gira-de-trabajo-por-el-estado-de-Tabasco-12-300x169.jpeg 300w, https:\/\/dimensionturistica.com\/es\/wp-content\/uploads\/2022\/09\/Gira-de-trabajo-por-el-estado-de-Tabasco-12-1024x576.jpeg 1024w, https:\/\/dimensionturistica.com\/es\/wp-content\/uploads\/2022\/09\/Gira-de-trabajo-por-el-estado-de-Tabasco-12-768x432.jpeg 768w, https:\/\/dimensionturistica.com\/es\/wp-content\/uploads\/2022\/09\/Gira-de-trabajo-por-el-estado-de-Tabasco-12-1536x864.jpeg 1536w, https:\/\/dimensionturistica.com\/es\/wp-content\/uploads\/2022\/09\/Gira-de-trabajo-por-el-estado-de-Tabasco-12-750x422.jpeg 750w, https:\/\/dimensionturistica.com\/es\/wp-content\/uploads\/2022\/09\/Gira-de-trabajo-por-el-estado-de-Tabasco-12-1140x641.jpeg 1140w, https:\/\/dimensionturistica.com\/es\/wp-content\/uploads\/2022\/09\/Gira-de-trabajo-por-el-estado-de-Tabasco-12.jpeg 1599w\" sizes=\"(max-width: 300px) 100vw, 300px\" \/><br \/>\nAcompa\u00f1ado del secretario de Turismo de Tabasco, Jos\u00e9 Antonio Nieves Rodr\u00edguez, Torruco Marqu\u00e9s destac\u00f3 que es el momento de romper el c\u00edrculo vicioso en los que no hab\u00eda conectividad por falta de productos ancla, y que \u00e9stos no se desarrollaban por la falta de conectividad; por lo que reconoci\u00f3 la disposici\u00f3n de las autoridades estatales, municipales y los empresarios al apostar por el turismo como un motor del desarrollo econ\u00f3mico que dignifique a las comunidades, acorde con la instrucci\u00f3n del presidente Andr\u00e9s Manuel L\u00f3pez Obrador, de hacer del turismo una herramienta de reconciliaci\u00f3n social.<br \/>\nReiter\u00f3 que, gracias a las pol\u00edticas del titular del Ejecutivo federal de no restringir los vuelos internacionales,<img decoding=\"async\" class=\"size-medium wp-image-383146 alignright\" src=\"https:\/\/dimensionturistica.com\/es\/wp-content\/uploads\/2022\/09\/Gira-de-trabajo-por-el-estado-de-Tabasco-6-300x169.jpeg\" alt=\"\" width=\"300\" height=\"169\" srcset=\"https:\/\/dimensionturistica.com\/es\/wp-content\/uploads\/2022\/09\/Gira-de-trabajo-por-el-estado-de-Tabasco-6-300x169.jpeg 300w, https:\/\/dimensionturistica.com\/es\/wp-content\/uploads\/2022\/09\/Gira-de-trabajo-por-el-estado-de-Tabasco-6-1024x576.jpeg 1024w, https:\/\/dimensionturistica.com\/es\/wp-content\/uploads\/2022\/09\/Gira-de-trabajo-por-el-estado-de-Tabasco-6-768x432.jpeg 768w, https:\/\/dimensionturistica.com\/es\/wp-content\/uploads\/2022\/09\/Gira-de-trabajo-por-el-estado-de-Tabasco-6-1536x864.jpeg 1536w, https:\/\/dimensionturistica.com\/es\/wp-content\/uploads\/2022\/09\/Gira-de-trabajo-por-el-estado-de-Tabasco-6-750x422.jpeg 750w, https:\/\/dimensionturistica.com\/es\/wp-content\/uploads\/2022\/09\/Gira-de-trabajo-por-el-estado-de-Tabasco-6-1140x641.jpeg 1140w, https:\/\/dimensionturistica.com\/es\/wp-content\/uploads\/2022\/09\/Gira-de-trabajo-por-el-estado-de-Tabasco-6.jpeg 1599w\" sizes=\"(max-width: 300px) 100vw, 300px\" \/> implementar los protocolos biosanitarios elaborados entre la Secretar\u00eda de Salud y Sectur, en coordinaci\u00f3n con el sector privado, y la estrategia de vacunaci\u00f3n, M\u00e9xico tuvo una ca\u00edda de solo 43% en turismo en 2020, mientras que las grandes potencias cayeron hasta 84%.<br \/>\nEnfatiz\u00f3 tambi\u00e9n que esto contribuy\u00f3 a que llegaran a M\u00e9xico turistas que antes no viajaban a nuestro pa\u00eds, provenientes de diferentes naciones y con un fuerte nivel de gasto, interesados en disfrutar de destinos de naturaleza, cultura e historia, oferta tur\u00edstica con la que cuenta Tabasco.<br \/>\nPrecis\u00f3 la importancia de promover y fortalecer los importantes sitios tur\u00edsticos de la entidad, como el gran Parque Museo La Venta y el Pueblo M\u00e1gico de Tapijulapa, mediante el programa Rutas M\u00e1gicas de Color, entre otras acciones que incentivar\u00e1n la llegada de turistas nacionales y extranjeros.<img decoding=\"async\" class=\"size-medium wp-image-383147 alignright\" src=\"https:\/\/dimensionturistica.com\/es\/wp-content\/uploads\/2022\/09\/Gira-de-trabajo-por-el-estado-de-Tabasco-4-300x200.jpeg\" alt=\"\" width=\"300\" height=\"200\" srcset=\"https:\/\/dimensionturistica.com\/es\/wp-content\/uploads\/2022\/09\/Gira-de-trabajo-por-el-estado-de-Tabasco-4-300x200.jpeg 300w, https:\/\/dimensionturistica.com\/es\/wp-content\/uploads\/2022\/09\/Gira-de-trabajo-por-el-estado-de-Tabasco-4-1024x683.jpeg 1024w, https:\/\/dimensionturistica.com\/es\/wp-content\/uploads\/2022\/09\/Gira-de-trabajo-por-el-estado-de-Tabasco-4-768x512.jpeg 768w, https:\/\/dimensionturistica.com\/es\/wp-content\/uploads\/2022\/09\/Gira-de-trabajo-por-el-estado-de-Tabasco-4-1536x1024.jpeg 1536w, https:\/\/dimensionturistica.com\/es\/wp-content\/uploads\/2022\/09\/Gira-de-trabajo-por-el-estado-de-Tabasco-4-750x500.jpeg 750w, https:\/\/dimensionturistica.com\/es\/wp-content\/uploads\/2022\/09\/Gira-de-trabajo-por-el-estado-de-Tabasco-4-1140x760.jpeg 1140w, https:\/\/dimensionturistica.com\/es\/wp-content\/uploads\/2022\/09\/Gira-de-trabajo-por-el-estado-de-Tabasco-4.jpeg 1560w\" sizes=\"(max-width: 300px) 100vw, 300px\" \/><br \/>\nEl secretario de Turismo, junto con el gobernador Merino Campos, sostuvieron un encuentro con parte del gabinete estatal, en donde convers\u00f3 sobre la relevancia del trabajo interinstitucional para lograr mejores resultados en materia tur\u00edstica y que estos permeen en la econom\u00eda y en la sociedad.<br \/>\nEn esta reuni\u00f3n estuvieron presentes los titulares estatales de Turismo, Jos\u00e9 Antonio Nieves; Finanzas, Luis Romeo Gurr\u00eda; Energ\u00eda, Mar\u00eda Luisa Somellera; Cultura, Ramiro Ch\u00e1vez Gochicoa; Ordenamiento Territorial y Obras P\u00fablicas, Gildardo Lanestosa; as\u00ed como la presidenta municipal de Centro, Yolanda Osuna Huerta; y el director del Centro INAH-Tabasco, Carlos Giordano S\u00e1nchez.<br \/>\nAl reunirse con presidentas y presidentes municipales de Tabasco, Torruco Marqu\u00e9s les inform\u00f3 que Sectur apoyar\u00e1 con capacitaci\u00f3n y asesor\u00eda para profesionalizar el sector tur\u00edstico de cada una de las localidades.<img decoding=\"async\" class=\"size-medium wp-image-383148 alignright\" src=\"https:\/\/dimensionturistica.com\/es\/wp-content\/uploads\/2022\/09\/Gira-de-trabajo-por-el-estado-de-Tabasco-3-300x200.jpeg\" alt=\"\" width=\"300\" height=\"200\" srcset=\"https:\/\/dimensionturistica.com\/es\/wp-content\/uploads\/2022\/09\/Gira-de-trabajo-por-el-estado-de-Tabasco-3-300x200.jpeg 300w, https:\/\/dimensionturistica.com\/es\/wp-content\/uploads\/2022\/09\/Gira-de-trabajo-por-el-estado-de-Tabasco-3-1024x682.jpeg 1024w, https:\/\/dimensionturistica.com\/es\/wp-content\/uploads\/2022\/09\/Gira-de-trabajo-por-el-estado-de-Tabasco-3-768x512.jpeg 768w, https:\/\/dimensionturistica.com\/es\/wp-content\/uploads\/2022\/09\/Gira-de-trabajo-por-el-estado-de-Tabasco-3-750x500.jpeg 750w, https:\/\/dimensionturistica.com\/es\/wp-content\/uploads\/2022\/09\/Gira-de-trabajo-por-el-estado-de-Tabasco-3-1140x760.jpeg 1140w, https:\/\/dimensionturistica.com\/es\/wp-content\/uploads\/2022\/09\/Gira-de-trabajo-por-el-estado-de-Tabasco-3.jpeg 1280w\" sizes=\"(max-width: 300px) 100vw, 300px\" \/><br \/>\nPor su parte, el gobernador de Tabasco, Carlos Manuel Merino Campos, reconoci\u00f3 que la entidad est\u00e1 en un gran momento por la oportunidad que representar\u00e1 el Tren Maya, para impulsar los atractivos tur\u00edsticos que haya en su ruta, y precis\u00f3 que la visita del secretario Miguel Torruco Marqu\u00e9s permitir\u00e1 reforzar las estrategias en las que ya se trabaja para impulsar el turismo en la entidad.<br \/>\nEn su oportunidad, el secretario de Turismo estatal, Jos\u00e9 Antonio Nieves, agradeci\u00f3 el apoyo del titular de Sectur federal para poner a Tabasco en el mapa de los viajeros internacionales, fortalecer el mercado nacional, y as\u00ed incrementar la derrama econ\u00f3mica de la entidad.<br \/>\nDurante su gira por Tabasco, el secretario de Turismo tuvo una reuni\u00f3n con empresarios del ramo con quienes intercambi\u00f3 propuestas y experiencias que contribuir\u00e1n en el desarrollo del sector. En este sentido, les extern\u00f3 la invitaci\u00f3n para participar en el programa Toca Puertas, en el que se promueven los destinos de M\u00e9xico en los principales mercados emisores de turistas a nuestro pa\u00eds.<br \/>\nAnte los representantes de c\u00e1maras y asociaciones, subray\u00f3 el destacado papel de la iniciativa privada al enfatizar que en el primer semestre del 2022, la Inversi\u00f3n Extranjera Directa Tur\u00edstica (IEDT) fue de 2,779.3 millones de d\u00f3lares, lo que supera todo lo captado en 2019, que fue de 1,254.9 millones de d\u00f3lares.<br \/>\nLos representantes del sector empresarial reconocieron que el turismo representa una oportunidad para el desarrollo econ\u00f3mico y la generaci\u00f3n de empleos en Tabasco. Agradecieron al secretario de Turismo por su disposici\u00f3n a escucharlos y trabajar de la mano en beneficio del sector.<br \/>\nEn este encuentro tambi\u00e9n estuvieron presentes, entre otros, Fernando Mayans, director general del Instituto de Seguridad Social del Estado de Tabasco (ISSET); El\u00edas Vera Aguayo, subsecretario de Planeaci\u00f3n y Desarrollo; Rodrigo E. Calvario Ceballos, encargado del Despacho de la Subsecretar\u00eda de Promoci\u00f3n Tur\u00edstica; y Juan Carlos Calder\u00f3n Alipi, director de la Oficina de Convenciones y Visitantes.<\/p>\n","protected":false},"excerpt":{"rendered":"<p>El secretario de Turismo del Gobierno de M\u00e9xico, Miguel Torruco Marqu\u00e9s, y el gobernador de Tabasco, Carlos Manuel Merino Campos, dieron a conocer las acciones que detonen la actividad tur\u00edstica en la entidad como la puerta de entrada al Mundo Maya, en coordinaci\u00f3n entre los tres \u00f3rdenes de gobierno y la iniciativa privada. De gira [&hellip;]<\/p>\n","protected":false},"author":1,"featured_media":383149,"comment_status":"open","ping_status":"closed","sticky":false,"template":"","format":"standard","meta":{"om_disable_all_campaigns":false,"jnews-multi-image_gallery":[],"jnews_single_post":{"source_name":"","source_url":"","via_name":"","via_url":"","override_template":"0","override":[{"template":"1","single_blog_custom":"","parallax":"1","fullscreen":"1","layout":"right-sidebar","sidebar":"default-sidebar","second_sidebar":"default-sidebar","sticky_sidebar":"1","share_position":"top","share_float_style":"share-monocrhome","show_share_counter":"1","show_view_counter":"1","show_featured":"1","show_post_meta":"1","show_post_author":"1","show_post_author_image":"1","show_post_date":"1","post_date_format":"default","post_date_format_custom":"Y\/m\/d","show_post_category":"1","show_post_reading_time":"0","post_reading_time_wpm":"300","show_zoom_button":"0","zoom_button_out_step":"2","zoom_button_in_step":"3","show_post_tag":"1","show_prev_next_post":"1","show_popup_post":"1","number_popup_post":"1","show_author_box":"0","show_post_related":"0","show_inline_post_related":"0"}],"override_image_size":"0","image_override":[{"single_post_thumbnail_size":"crop-500","single_post_gallery_size":"crop-500"}],"trending_post":"0","trending_post_position":"meta","trending_post_label":"Trending","sponsored_post":"0","sponsored_post_label":"Sponsored by","sponsored_post_name":"","sponsored_post_url":"","sponsored_post_logo_enable":"0","sponsored_post_logo":"","sponsored_post_desc":"","disable_ad":"0"},"jnews_primary_category":{"id":""},"jnews_social_meta":{"fb_title":"","fb_description":"","fb_image":"","twitter_title":"","twitter_description":"","twitter_image":""},"footnotes":""},"categories":[39],"tags":[],"class_list":["post-383135","post","type-post","status-publish","format-standard","has-post-thumbnail","hentry","category-viajes"],"_links":{"self":[{"href":"https:\/\/dimensionturistica.com\/es\/wp-json\/wp\/v2\/posts\/383135","targetHints":{"allow":["GET"]}}],"collection":[{"href":"https:\/\/dimensionturistica.com\/es\/wp-json\/wp\/v2\/posts"}],"about":[{"href":"https:\/\/dimensionturistica.com\/es\/wp-json\/wp\/v2\/types\/post"}],"author":[{"embeddable":true,"href":"https:\/\/dimensionturistica.com\/es\/wp-json\/wp\/v2\/users\/1"}],"replies":[{"embeddable":true,"href":"https:\/\/dimensionturistica.com\/es\/wp-json\/wp\/v2\/comments?post=383135"}],"version-history":[{"count":0,"href":"https:\/\/dimensionturistica.com\/es\/wp-json\/wp\/v2\/posts\/383135\/revisions"}],"wp:featuredmedia":[{"embeddable":true,"href":"https:\/\/dimensionturistica.com\/es\/wp-json\/wp\/v2\/media\/383149"}],"wp:attachment":[{"href":"https:\/\/dimensionturistica.com\/es\/wp-json\/wp\/v2\/media?parent=383135"}],"wp:term":[{"taxonomy":"category","embeddable":true,"href":"https:\/\/dimensionturistica.com\/es\/wp-json\/wp\/v2\/categories?post=383135"},{"taxonomy":"post_tag","embeddable":true,"href":"https:\/\/dimensionturistica.com\/es\/wp-json\/wp\/v2\/tags?post=383135"}],"curies":[{"name":"wp","href":"https:\/\/api.w.org\/{rel}","templated":true}]}}