{"id":383112,"date":"2022-09-07T23:22:18","date_gmt":"2022-09-07T23:22:18","guid":{"rendered":"https:\/\/dimensionturistica.com\/es\/?p=383112"},"modified":"2022-09-07T23:22:18","modified_gmt":"2022-09-07T23:22:18","slug":"regresa-el-sustainable-social-tourism-summit-en-el-2023","status":"publish","type":"post","link":"https:\/\/dimensionturistica.com\/es\/regresa-el-sustainable-social-tourism-summit-en-el-2023\/","title":{"rendered":"Regresa el \u201cSustainable &#038; Social Tourism Summit\u201d en el 2023"},"content":{"rendered":"<p>El Estado de Guanajuato volver\u00e1 a ser sede del \u201cSustainable &amp; Social Tourism Summit\u201d en el 2023, evento de<img decoding=\"async\" class=\"size-medium wp-image-383127 alignright\" src=\"https:\/\/dimensionturistica.com\/es\/wp-content\/uploads\/2022\/09\/IMG_6445-300x200.jpg\" alt=\"\" width=\"300\" height=\"200\" srcset=\"https:\/\/dimensionturistica.com\/es\/wp-content\/uploads\/2022\/09\/IMG_6445-300x200.jpg 300w, https:\/\/dimensionturistica.com\/es\/wp-content\/uploads\/2022\/09\/IMG_6445.jpg 450w\" sizes=\"(max-width: 300px) 100vw, 300px\" \/> turismo sustentable y socialmente responsable m\u00e1s importante de Iberoam\u00e9rica que convoca cada a\u00f1o a un \u201cej\u00e9rcito\u201d de l\u00edderes de opini\u00f3n, acci\u00f3n y cambio.<br \/>\n\u201cGuanajuato sigue creciendo y marcando pauta en la sustentabilidad tur\u00edstica en M\u00e9xico. Este Estado maravilloso donde se viven grandes historias, en donde naci\u00f3 M\u00e9xico independiente, volver\u00e1 a ser sede de este gran evento que lleg\u00f3 este a\u00f1o por primera vez a Le\u00f3n y que hoy volvemos a hacer acuerdo de ser sede para el pr\u00f3ximo a\u00f1o\u201d, pact\u00f3 Juan Jos\u00e9 \u00c1lvarez Brunel, secretario de Turismo del Estado de Guanajuato.<br \/>\nEsta edici\u00f3n \u201cfue una cumbre muy humana, hemos convivido, y nos volvimos m\u00e1s conscientes de lo que significa<img decoding=\"async\" class=\"size-medium wp-image-383125 alignright\" src=\"https:\/\/dimensionturistica.com\/es\/wp-content\/uploads\/2022\/09\/IMG_6365-300x200.jpg\" alt=\"\" width=\"300\" height=\"200\" srcset=\"https:\/\/dimensionturistica.com\/es\/wp-content\/uploads\/2022\/09\/IMG_6365-300x200.jpg 300w, https:\/\/dimensionturistica.com\/es\/wp-content\/uploads\/2022\/09\/IMG_6365.jpg 450w\" sizes=\"(max-width: 300px) 100vw, 300px\" \/> este gran reto lleno de oportunidades; lo m\u00e1s relevante es que la palabra sustentabilidad no es una moda, es una responsabilidad y obligaci\u00f3n. Hoy consideramos que hemos iniciado un gran trayecto y continuaremos sumando voluntades y tomar acciones adicionales\u201d, aplaudi\u00f3 el maestro \u00c1lvarez Brunel.<br \/>\nEn este SUMMIT se reflexion\u00f3 que el turista es el beneficiario secundario, y la comunidad, lo local, el territorio, es lo primario.<br \/>\nLos ponentes que llegaron a Guanajuato a crear esta consciencia socialmente responsable y ambiental fueron de la talla de: Dirk Glaesser, director de Turismo Sostenible UNWTO; Jeremy Sampsom, CEO The Travel Foundation; Phillip Schukat, coordinador de Cl\u00faster<img decoding=\"async\" class=\"size-medium wp-image-383126 alignright\" src=\"https:\/\/dimensionturistica.com\/es\/wp-content\/uploads\/2022\/09\/IMG_6390-300x200.jpg\" alt=\"\" width=\"300\" height=\"200\" srcset=\"https:\/\/dimensionturistica.com\/es\/wp-content\/uploads\/2022\/09\/IMG_6390-300x200.jpg 300w, https:\/\/dimensionturistica.com\/es\/wp-content\/uploads\/2022\/09\/IMG_6390.jpg 450w\" sizes=\"(max-width: 300px) 100vw, 300px\" \/> Cambio Clim\u00e1tico de GIZ; Lorena Gudi\u00f1o Valdez, del proyecto ADAPTUR-GIZ; Megan Morikawa, Global Sustainability Office DirectorIberostar; y Jorge Moller, representante GSTC Latinoam\u00e9rica.<br \/>\n\u201cSustainable &amp; Social Tourism Summit\u201d, que concluy\u00f3 actividades hoy en Poliforum Le\u00f3n, registr\u00f3 en 3 d\u00edas, del 31 de agosto al 02 de septiembre, una asistencia presencial de m\u00e1s de 350 personas presenciales; casi 690 personas virtuales, entre ellos, 100 en ingl\u00e9s; 35 speakers de 12 pa\u00edses en este Summit; un alcance en Facebook de 600 mil personas de 10 pa\u00edses y m\u00e1s de 100 mil Impresiones en Twitter, Linkedin e Instagram.<br \/>\n\u201cM\u00e1s all\u00e1 de los n\u00fameros, nos llevamos un gran aprendizaje y compromiso. Este Summit se volvi\u00f3 fraternal,<img decoding=\"async\" class=\"size-medium wp-image-383124 alignright\" src=\"https:\/\/dimensionturistica.com\/es\/wp-content\/uploads\/2022\/09\/IMG_4934-300x200.jpg\" alt=\"\" width=\"300\" height=\"200\" srcset=\"https:\/\/dimensionturistica.com\/es\/wp-content\/uploads\/2022\/09\/IMG_4934-300x200.jpg 300w, https:\/\/dimensionturistica.com\/es\/wp-content\/uploads\/2022\/09\/IMG_4934.jpg 450w\" sizes=\"(max-width: 300px) 100vw, 300px\" \/> gracias por confiar en Guanajuato. Esta edici\u00f3n nos deja en la memoria Grandes Historias\u201d, dijo el secretario de Turismo en compa\u00f1\u00eda de Maria Isabel Ortiz Mantilla, secretaria de la SMAOT.<br \/>\nFernando Mandri Bellot, presidente del comit\u00e9 organizador del Sustainable &amp; Social Tourism Summit, que esta edici\u00f3n -con tema central \u201cEl Cambio\u201d- logr\u00f3 uni\u00f3n, colaboraci\u00f3n, trabajo en equipo, compromiso, perseverancia y acciones.<br \/>\nEn el Summit 2023 \u201cvamos a lograr muchas cosas m\u00e1s. Este evento es simplemente un veh\u00edculo para que las cosas sucedan y que, junto con ustedes, los profesionales, llegaremos a m\u00e1s acuerdos de acciones porque somos agentes de cambio\u201d, subray\u00f3 Fernando Mandri.<br \/>\nEl comit\u00e9 organizador agradeci\u00f3 a la SECTUR y a la Secretar\u00eda de Medio Ambiente y Ordenamiento Territorial<img decoding=\"async\" class=\"size-medium wp-image-383123 alignright\" src=\"https:\/\/dimensionturistica.com\/es\/wp-content\/uploads\/2022\/09\/IMG_3680-300x200.jpg\" alt=\"\" width=\"300\" height=\"200\" srcset=\"https:\/\/dimensionturistica.com\/es\/wp-content\/uploads\/2022\/09\/IMG_3680-300x200.jpg 300w, https:\/\/dimensionturistica.com\/es\/wp-content\/uploads\/2022\/09\/IMG_3680.jpg 450w\" sizes=\"(max-width: 300px) 100vw, 300px\" \/> (SMAOT), a la ciudad de Le\u00f3n, a todo el equipo involucrado, y a los asistentes por aliarse en generar cambios en la sociedad.<br \/>\nEste a\u00f1o en Guanajuato se llev\u00f3 a cabo el siguiente programa: Reuniones de organizaciones nacionales e internacionales: ISTO Am\u00e9ricas, Asociaci\u00f3n Nacional de Cadenas Hoteleras, Proyecto Kuxatur, Proyecto ADAPTUR, Y Proyecto COBEN; Entrega del Premio al Turismo Sustentable y Social en Iberoam\u00e9rica; Curso de actualizaci\u00f3n Interpretaci\u00f3n del Patrimonio y Turismos Sostenible, a cargo de Fernando Ramos Garc\u00eda, INECO, Espa\u00f1a.<br \/>\nInauguraci\u00f3n de Expo fotogr\u00e1fica FRAGILE; Conferencia Magistral: \u201cAdapto r die, tourism in a changing world, impartida por Jeremy Sampson, CEO The Travel Foundation; Firma colectiva del sector tur\u00edstico mexicano de la Declaraci\u00f3n de Glasgow sobre la Acci\u00f3n Clim\u00e1tica en el Turismo; Espacio de networking e integraci\u00f3n dirigida<img decoding=\"async\" class=\" wp-image-383122 alignright\" src=\"https:\/\/dimensionturistica.com\/es\/wp-content\/uploads\/2022\/09\/SUMMITTR-300x118.jpg\" alt=\"\" width=\"389\" height=\"153\" srcset=\"https:\/\/dimensionturistica.com\/es\/wp-content\/uploads\/2022\/09\/SUMMITTR-300x118.jpg 300w, https:\/\/dimensionturistica.com\/es\/wp-content\/uploads\/2022\/09\/SUMMITTR.jpg 450w\" sizes=\"(max-width: 389px) 100vw, 389px\" \/> por La Mano del Mono; Expo Turismo Sustentable.<br \/>\nPanel el Turismo y la lucha contra el cambio clim\u00e1tico, con Dirk Gaesser, director de Turismo Sostenible de la Organizaci\u00f3n Mundial de Turismo-Madrid; Phillip Schukat, coordinador de Cl\u00faster Cambio Clim\u00e1tico de GIZ, moderando Miriam Adame, de SECTUR Guanajuato; Presentaci\u00f3n Summit Carbono Neutral compensado con los esfuerzos del Grupo Ecol\u00f3gico Sierra Gorda.<br \/>\nPresentaci\u00f3n del Proyecto Emblema: financiamiento para adaptaci\u00f3n al cambio clim\u00e1tico, con Lorena Gudi\u00f1o Valdez (Adaptur -GIZ), Juan Jos\u00e9 \u00c1lvarez Brunel (SECTUR), Mar\u00eda Isabel Ortiz Mantilla (SMAOT), Alejandro Quintana (Reforestamos M\u00e9xico), y representantes del sector privado; La acci\u00f3n subnacional y el turismo sustentable: Alianza ASETUR-ANAAE.<br \/>\nInnovando en la formaci\u00f3n de capacidades en turismo sustentable: Sustentur Academy, a cargo de Vicente<img decoding=\"async\" class=\"size-medium wp-image-383129 alignright\" src=\"https:\/\/dimensionturistica.com\/es\/wp-content\/uploads\/2022\/09\/IMG_6514-300x183.jpg\" alt=\"\" width=\"300\" height=\"183\" srcset=\"https:\/\/dimensionturistica.com\/es\/wp-content\/uploads\/2022\/09\/IMG_6514-300x183.jpg 300w, https:\/\/dimensionturistica.com\/es\/wp-content\/uploads\/2022\/09\/IMG_6514.jpg 450w\" sizes=\"(max-width: 300px) 100vw, 300px\" \/> Ferreyra Acosta, vicepresidente de Turismo Sustentable y director de Sustentur; Panel Financiamiento para un turismo sustentable y social, el caso de la International Finance Corporation, con Juan Gonzalo Flores (Country Manager M\u00e9xico), Joel S\u00e1nchez Brise\u00f1o (l\u00edder de construcci\u00f3n sostenible) y moderado por Gerardo Corona Gonz\u00e1lez (CEO GC Intelligi).<br \/>\nPanel Soluciones financieras innovadoras para un turismo sostenible -eco.business fund y Banco Promerica Costa Rica, con Gabriela Barzuna Venegas (gerente de An\u00e1lisis de Cr\u00e9dito del Banco Promerica), Antonio Wills Wiesner ( senior Officer, eco bussiness fund); Modelo Guanajuato y su Pol\u00edtica Medio Ambiental, con Mar\u00eda Isabel Ortiz Mantilla, SMAOT; Presentaci\u00f3n Yucat\u00e1n y la apuesta por la Sustentabilidad, con Michell Fridman Hirsch, secretaria de Fomento Tur\u00edstic de Yucat\u00e1n; Sayda Rodr\u00edguez G\u00f3mez, secretaria de Desarrollo Sustentable de Yucat\u00e1n; y Jos\u00e9 Cen Canch\u00e9, de Aldea Maya Xbat\u00fan.<\/p>\n<p>Talleres simult\u00e1neos: Cambio clim\u00e1tico y turismo, por Jeremy Sampson, The Travel Foundation, Estados Unidos; Desarrollo de experiencias universales, por Isaac Padr\u00f3s, Multicapacitas, Espa\u00f1a; Turismo Social: Oportunidades del sector privado, por Isabel Novoa, Organizaci\u00f3n Internacional de Turismo Social ISTO, B\u00e9lgica; Enodestinos y capital natural, por la En\u00f3loga Victoria Brond, de Bodega Alpamanta Mendoza; y Daniel Vel\u00e1squez, ByWine CEO Experience, Mendoza, Argentina.<\/p>\n<p>Talleres simult\u00e1neos: Emprendimiento e innovaci\u00f3n en turismo sustentable, por Marisol Herrera de Rutop\u00eda, Mauricio Mart\u00ednez Miramontes de La Mano del Mono, y C\u00e9sar Ricas Valdivia de Fundaci\u00f3n Azteca; Phygital, las 6 llaves digitales de la sostenibilidad, por Minsait; Financiamiento para turismo sostenible, por Antonio Wiesner, Senior Officer, eco.business Fund.<\/p>\n<p>Reuni\u00f3n de alto nivel para la integraci\u00f3n de la Biodiversidad en el turismo en M\u00e9xico, Proyecto Kuxatur \u2013 SECTUR Federal \u2013 PNUD M\u00e9xico; Networking dirigido por La Mano del Mono; El futuro del turismo: entrevista grabada de tema Turismo, comunidades y bienestar con Bruce Poon Tip, CEO de G Adventures; y Entrevista con Vicente Ferreyra, vicepresidente de Turismo Sustentable del SUMMIT.<\/p>\n<p>Masterclass: Una nueva visi\u00f3n de los negocios y el turismo, por Megan Morikawa, de Global Sustainability Oficce Director Iberostar; Visita a Centro de Interpretaci\u00f3n Ambiental Explora-La Lib\u00e9lula; Carrera por el turismo sustentable y social en Explora; Presentaci\u00f3n Cooperativa Flores del Viento, Ojo Seco, Paseos Ecotur\u00edsticos: Conservaci\u00f3n, rescate e inclusi\u00f3n, por la directora Jinna Herrera Mart\u00ednez.<\/p>\n<p>Panel \u2013 M\u00e9xico, hacia un nuevo Modelo de Desarrollo de Turismo Sustentable, por Marco Antonio Espinosa Maga\u00f1a, director de Sustentabilidad Tur\u00edstica de la SECTUR; Liliana Garc\u00eda Ram\u00edrez, directora de Programas Amigos de Sian Ka\u00b4an; Virginia Hern\u00e1ndez, coordinadora del proyecto Kuxatur en la Costa de Oaxaca- World Wildlife Fund; Mar\u00eda Elena Mart\u00ednez, presidenta ejecutiva de Conservaci\u00f3n de Territorio Insular Mexicano, moderando Tiahora Ruge, coordinadora del proyecto Kuxatur.<\/p>\n<p>Conferencia Encuentros Humanos y Regeneraci\u00f3n, por Jorge Moller, representante de GSTC Latinoam\u00e9rcia y fundador de Regenera; Entrega del Certificado de Membres\u00eda del SUMMIT al Global Sustainable Tourism Council; Presentaci\u00f3n Cielito Lindo Sustainable EcoRanch, de la fundadora Kerry O\u00b4Neil; Presentaci\u00f3n Quer\u00e9taro Sostenible, por Mariela Mor\u00e1n, secretaria de Turismo de Quer\u00e9taro.<\/p>\n<p>Panel Ganadores del Premio al Turismo Sustentable, moderado por Gustavo P\u00e9rez Berianga, director de Responsabilidad Social en Grupo Restaurantero Gigante; Presentaci\u00f3n Poliforum Le\u00f3n: Gesti\u00f3n de un recinto responsable, por el director Alejandro Guti\u00e9rrez de Velasco; Presentaci\u00f3n Irapuato, por Lorena Alfaro Garc\u00eda, alcaldesa; Conferencia magistral Dise\u00f1o de experiencias para personas con discapacidad, por Isaac Padr\u00f3s, presidente de Multicapacitats, Espa\u00f1a.<\/p>\n<p>Panel Turismo Sostenible y Social en Centroam\u00e9rica y Rep\u00fablica Dominicana, por Jair Urriola Quiroz, secretario ejecutivo de la Comisi\u00f3n Centroamericana de Ambiente y Desarrollo; Katherine Vado, secretaria interina de la Secretar\u00eda de Integraci\u00f3n Tur\u00edstica de Centroam\u00e9rica; Mara Stotti, responsable de la Direcci\u00f3n de Desarrollo Tur\u00edstico del Instituto Nicag\u00fcarense de Turismo; Luis Ch\u00e9vez Contreras, sub secretario de Estado de Despacho de Turismo de Honduras; Gustavo Alvarado, director de Gesti\u00f3n Tur\u00edstica del Instituto Costarricense de Turismo; y \u00c1ngel Lavarreda, Viceministro de Ambiente de Guatemala.<\/p>\n<p>Panel Enoturismo Sustentable y Regenrativo, impartido por Victoria Brond, En\u00f3loga Bodegas Alpamanta; Daniel Vel\u00e1zquez, By Wine CEO Experience; Juan Manch\u00f3n, En\u00f3logo Cuna de Tierra; y moderado por Javier ValverdePoli, encargado de la Direcci\u00f3n de Desarrollo Tur\u00edstico de la SECTUR Guanajuato.<\/p>\n","protected":false},"excerpt":{"rendered":"<p>El Estado de Guanajuato volver\u00e1 a ser sede del \u201cSustainable &amp; Social Tourism Summit\u201d en el 2023, evento de turismo sustentable y socialmente responsable m\u00e1s importante de Iberoam\u00e9rica que convoca cada a\u00f1o a un \u201cej\u00e9rcito\u201d de l\u00edderes de opini\u00f3n, acci\u00f3n y cambio. \u201cGuanajuato sigue creciendo y marcando pauta en la sustentabilidad tur\u00edstica en M\u00e9xico. Este [&hellip;]<\/p>\n","protected":false},"author":1,"featured_media":383128,"comment_status":"open","ping_status":"closed","sticky":false,"template":"","format":"standard","meta":{"om_disable_all_campaigns":false,"jnews-multi-image_gallery":[],"jnews_single_post":{"source_name":"","source_url":"","via_name":"","via_url":"","override_template":"0","override":[{"template":"1","single_blog_custom":"","parallax":"1","fullscreen":"1","layout":"right-sidebar","sidebar":"default-sidebar","second_sidebar":"default-sidebar","sticky_sidebar":"1","share_position":"top","share_float_style":"share-monocrhome","show_share_counter":"1","show_view_counter":"1","show_featured":"1","show_post_meta":"1","show_post_author":"1","show_post_author_image":"1","show_post_date":"1","post_date_format":"default","post_date_format_custom":"Y\/m\/d","show_post_category":"1","show_post_reading_time":"0","post_reading_time_wpm":"300","show_zoom_button":"0","zoom_button_out_step":"2","zoom_button_in_step":"3","show_post_tag":"1","show_prev_next_post":"1","show_popup_post":"1","number_popup_post":"1","show_author_box":"0","show_post_related":"0","show_inline_post_related":"0"}],"override_image_size":"0","image_override":[{"single_post_thumbnail_size":"crop-500","single_post_gallery_size":"crop-500"}],"trending_post":"0","trending_post_position":"meta","trending_post_label":"Trending","sponsored_post":"0","sponsored_post_label":"Sponsored by","sponsored_post_name":"","sponsored_post_url":"","sponsored_post_logo_enable":"0","sponsored_post_logo":"","sponsored_post_desc":"","disable_ad":"0"},"jnews_primary_category":{"id":""},"jnews_social_meta":{"fb_title":"","fb_description":"","fb_image":"","twitter_title":"","twitter_description":"","twitter_image":""},"footnotes":""},"categories":[39],"tags":[],"class_list":["post-383112","post","type-post","status-publish","format-standard","has-post-thumbnail","hentry","category-viajes"],"_links":{"self":[{"href":"https:\/\/dimensionturistica.com\/es\/wp-json\/wp\/v2\/posts\/383112","targetHints":{"allow":["GET"]}}],"collection":[{"href":"https:\/\/dimensionturistica.com\/es\/wp-json\/wp\/v2\/posts"}],"about":[{"href":"https:\/\/dimensionturistica.com\/es\/wp-json\/wp\/v2\/types\/post"}],"author":[{"embeddable":true,"href":"https:\/\/dimensionturistica.com\/es\/wp-json\/wp\/v2\/users\/1"}],"replies":[{"embeddable":true,"href":"https:\/\/dimensionturistica.com\/es\/wp-json\/wp\/v2\/comments?post=383112"}],"version-history":[{"count":0,"href":"https:\/\/dimensionturistica.com\/es\/wp-json\/wp\/v2\/posts\/383112\/revisions"}],"wp:featuredmedia":[{"embeddable":true,"href":"https:\/\/dimensionturistica.com\/es\/wp-json\/wp\/v2\/media\/383128"}],"wp:attachment":[{"href":"https:\/\/dimensionturistica.com\/es\/wp-json\/wp\/v2\/media?parent=383112"}],"wp:term":[{"taxonomy":"category","embeddable":true,"href":"https:\/\/dimensionturistica.com\/es\/wp-json\/wp\/v2\/categories?post=383112"},{"taxonomy":"post_tag","embeddable":true,"href":"https:\/\/dimensionturistica.com\/es\/wp-json\/wp\/v2\/tags?post=383112"}],"curies":[{"name":"wp","href":"https:\/\/api.w.org\/{rel}","templated":true}]}}