{"id":382982,"date":"2022-09-07T22:56:55","date_gmt":"2022-09-07T22:56:55","guid":{"rendered":"https:\/\/dimensionturistica.com\/es\/?p=382982"},"modified":"2022-09-07T22:56:55","modified_gmt":"2022-09-07T22:56:55","slug":"la-canirac-celebra-los-31-anos-del-premio-al-merito-restaurantero","status":"publish","type":"post","link":"https:\/\/dimensionturistica.com\/es\/la-canirac-celebra-los-31-anos-del-premio-al-merito-restaurantero\/","title":{"rendered":"La Canirac celebra los 31 a\u00f1os del Premio Al Merito Restaurantero"},"content":{"rendered":"<p>Desde hace 31 a\u00f1os, la C\u00e1mara Nacional de la Industria de Restaurantes y Alimentos Condimentados CANIRAC<img decoding=\"async\" class=\" wp-image-383101 alignright\" src=\"https:\/\/dimensionturistica.com\/es\/wp-content\/uploads\/2022\/09\/DSC_0728-300x200.jpg\" alt=\"\" width=\"266\" height=\"177\" srcset=\"https:\/\/dimensionturistica.com\/es\/wp-content\/uploads\/2022\/09\/DSC_0728-300x200.jpg 300w, https:\/\/dimensionturistica.com\/es\/wp-content\/uploads\/2022\/09\/DSC_0728-1024x684.jpg 1024w, https:\/\/dimensionturistica.com\/es\/wp-content\/uploads\/2022\/09\/DSC_0728-768x513.jpg 768w, https:\/\/dimensionturistica.com\/es\/wp-content\/uploads\/2022\/09\/DSC_0728-1536x1025.jpg 1536w, https:\/\/dimensionturistica.com\/es\/wp-content\/uploads\/2022\/09\/DSC_0728-750x501.jpg 750w, https:\/\/dimensionturistica.com\/es\/wp-content\/uploads\/2022\/09\/DSC_0728-1140x761.jpg 1140w, https:\/\/dimensionturistica.com\/es\/wp-content\/uploads\/2022\/09\/DSC_0728.jpg 1600w\" sizes=\"(max-width: 266px) 100vw, 266px\" \/> otorga el Premio al M\u00e9rito Restaurantero, el galard\u00f3n de m\u00e1s alto reconocimiento para el sector gastron\u00f3mico, que reconoce a aquellas personas y restaurantes que destacan por enaltecer a la industria con su creatividad, liderazgo, servicio y excelencia culinaria.<br \/>\nLa 31a entrega de este reconocimiento, celebrada en el Ex Convento de San Hip\u00f3lito el pasado 1o de septiembre, fue oportunidad ideal para reconocer la fortaleza del sector y <img decoding=\"async\" class=\"size-medium wp-image-383108 alignleft\" src=\"https:\/\/dimensionturistica.com\/es\/wp-content\/uploads\/2022\/09\/DSC_0929-300x200.jpg\" alt=\"\" width=\"300\" height=\"200\" srcset=\"https:\/\/dimensionturistica.com\/es\/wp-content\/uploads\/2022\/09\/DSC_0929-300x200.jpg 300w, https:\/\/dimensionturistica.com\/es\/wp-content\/uploads\/2022\/09\/DSC_0929-1024x684.jpg 1024w, https:\/\/dimensionturistica.com\/es\/wp-content\/uploads\/2022\/09\/DSC_0929-768x513.jpg 768w, https:\/\/dimensionturistica.com\/es\/wp-content\/uploads\/2022\/09\/DSC_0929-1536x1025.jpg 1536w, https:\/\/dimensionturistica.com\/es\/wp-content\/uploads\/2022\/09\/DSC_0929-750x501.jpg 750w, https:\/\/dimensionturistica.com\/es\/wp-content\/uploads\/2022\/09\/DSC_0929-1140x761.jpg 1140w, https:\/\/dimensionturistica.com\/es\/wp-content\/uploads\/2022\/09\/DSC_0929.jpg 1600w\" sizes=\"(max-width: 300px) 100vw, 300px\" \/>enaltecer a todos los que est\u00e1n detr\u00e1s de cada establecimiento, de cada platillo y de cada copa que degustamos. Al emprendedor que cree en M\u00e9xico, al talento de la cocina y<img decoding=\"async\" class=\" wp-image-383102 alignright\" src=\"https:\/\/dimensionturistica.com\/es\/wp-content\/uploads\/2022\/09\/DSC_0748-300x200.jpg\" alt=\"\" width=\"273\" height=\"182\" srcset=\"https:\/\/dimensionturistica.com\/es\/wp-content\/uploads\/2022\/09\/DSC_0748-300x200.jpg 300w, https:\/\/dimensionturistica.com\/es\/wp-content\/uploads\/2022\/09\/DSC_0748-1024x684.jpg 1024w, https:\/\/dimensionturistica.com\/es\/wp-content\/uploads\/2022\/09\/DSC_0748-768x513.jpg 768w, https:\/\/dimensionturistica.com\/es\/wp-content\/uploads\/2022\/09\/DSC_0748-1536x1025.jpg 1536w, https:\/\/dimensionturistica.com\/es\/wp-content\/uploads\/2022\/09\/DSC_0748-750x501.jpg 750w, https:\/\/dimensionturistica.com\/es\/wp-content\/uploads\/2022\/09\/DSC_0748-1140x761.jpg 1140w, https:\/\/dimensionturistica.com\/es\/wp-content\/uploads\/2022\/09\/DSC_0748.jpg 1600w\" sizes=\"(max-width: 273px) 100vw, 273px\" \/> la barra que crean los mejores conceptos para el deleite de los clientes, al equipo que brilla por la calidad de su servicio y a quienes conforman la amplia cadena de valor que comienza en el campo, en los mares y termina en la mesa de los comensales.<br \/>\n\u201cDetr\u00e1s de cada restaurante hay un compromiso con M\u00e9xico y su gente, con las actividades productivas del pa\u00eds y con la hospitalidad de los mexicanos. Ese compromiso motiva a buscar la excelencia culinaria por medio de la innovaci\u00f3n, entrega y pasi\u00f3n por la gastronom\u00eda, estos son elementos que se toman en cuenta para ser candidatas y candidatos al Premio al M\u00e9rito Restaurantero\u201d, se\u00f1al\u00f3 Germ\u00e1n<img decoding=\"async\" class=\"size-medium wp-image-383103 alignright\" src=\"https:\/\/dimensionturistica.com\/es\/wp-content\/uploads\/2022\/09\/DSC_0796-300x200.jpg\" alt=\"\" width=\"300\" height=\"200\" srcset=\"https:\/\/dimensionturistica.com\/es\/wp-content\/uploads\/2022\/09\/DSC_0796-300x200.jpg 300w, https:\/\/dimensionturistica.com\/es\/wp-content\/uploads\/2022\/09\/DSC_0796-1024x684.jpg 1024w, https:\/\/dimensionturistica.com\/es\/wp-content\/uploads\/2022\/09\/DSC_0796-768x513.jpg 768w, https:\/\/dimensionturistica.com\/es\/wp-content\/uploads\/2022\/09\/DSC_0796-1536x1025.jpg 1536w, https:\/\/dimensionturistica.com\/es\/wp-content\/uploads\/2022\/09\/DSC_0796-750x501.jpg 750w, https:\/\/dimensionturistica.com\/es\/wp-content\/uploads\/2022\/09\/DSC_0796-1140x761.jpg 1140w, https:\/\/dimensionturistica.com\/es\/wp-content\/uploads\/2022\/09\/DSC_0796.jpg 1600w\" sizes=\"(max-width: 300px) 100vw, 300px\" \/> Gonz\u00e1lez, Presidente Nacional de la CANIRAC.<br \/>\nEste a\u00f1o, el Premio ampli\u00f3 sus categor\u00edas, integrando el Premio a la Cocinera Tradicional del A\u00f1o, el Premio a la Chef o al Chef Repostero del A\u00f1o y el reconocimiento especial a la Innovaci\u00f3n, Calidad y Servicio del Sector de Bebidas.<br \/>\nLos ganadores de cada categor\u00eda recibieron una escultura de dise\u00f1o \u00fanico, creada por el artista mexicano Miguel Michel, la cual representa la unidad que conforma a la industria restaurantera en la que convergen empresarios, colaboradores, chefs, proveedores y clientes.<img decoding=\"async\" class=\"size-medium wp-image-383104 alignright\" src=\"https:\/\/dimensionturistica.com\/es\/wp-content\/uploads\/2022\/09\/DSC_0846-300x200.jpg\" alt=\"\" width=\"300\" height=\"200\" srcset=\"https:\/\/dimensionturistica.com\/es\/wp-content\/uploads\/2022\/09\/DSC_0846-300x200.jpg 300w, https:\/\/dimensionturistica.com\/es\/wp-content\/uploads\/2022\/09\/DSC_0846-1024x684.jpg 1024w, https:\/\/dimensionturistica.com\/es\/wp-content\/uploads\/2022\/09\/DSC_0846-768x513.jpg 768w, https:\/\/dimensionturistica.com\/es\/wp-content\/uploads\/2022\/09\/DSC_0846-1536x1025.jpg 1536w, https:\/\/dimensionturistica.com\/es\/wp-content\/uploads\/2022\/09\/DSC_0846-750x501.jpg 750w, https:\/\/dimensionturistica.com\/es\/wp-content\/uploads\/2022\/09\/DSC_0846-1140x761.jpg 1140w, https:\/\/dimensionturistica.com\/es\/wp-content\/uploads\/2022\/09\/DSC_0846.jpg 1600w\" sizes=\"(max-width: 300px) 100vw, 300px\" \/><br \/>\n\u201cTengo el honor de presidir este galard\u00f3n desde hace 20 a\u00f1os y siempre me llena de orgullo ver c\u00f3mo las generaciones que sentaron las bases de la industria se mezclan con los nuevos emprendedores que con ideas innovadoras logran imprimirle modernidad y dinamismo a nuestro sector\u201d coment\u00f3 Francisco Mijares, Presidente Vitalicio del Premio al M\u00e9rito Restaurantero.<br \/>\nLos ganadores de la Edici\u00f3n 2022 del Premio al M\u00e9rito Restaurantero, son:<br \/>\n1. &#8220;JOS\u00c9 IN\u00c9S LOREDO &#8211; A LA COCINA MEXICANA&#8221; Micaela, Mar &amp; Le\u00f1a, (M\u00e9rida)<img decoding=\"async\" class=\"size-medium wp-image-383105 alignright\" src=\"https:\/\/dimensionturistica.com\/es\/wp-content\/uploads\/2022\/09\/DSC_0870-300x200.jpg\" alt=\"\" width=\"300\" height=\"200\" srcset=\"https:\/\/dimensionturistica.com\/es\/wp-content\/uploads\/2022\/09\/DSC_0870-300x200.jpg 300w, https:\/\/dimensionturistica.com\/es\/wp-content\/uploads\/2022\/09\/DSC_0870-1024x684.jpg 1024w, https:\/\/dimensionturistica.com\/es\/wp-content\/uploads\/2022\/09\/DSC_0870-768x513.jpg 768w, https:\/\/dimensionturistica.com\/es\/wp-content\/uploads\/2022\/09\/DSC_0870-1536x1025.jpg 1536w, https:\/\/dimensionturistica.com\/es\/wp-content\/uploads\/2022\/09\/DSC_0870-750x501.jpg 750w, https:\/\/dimensionturistica.com\/es\/wp-content\/uploads\/2022\/09\/DSC_0870-1140x761.jpg 1140w, https:\/\/dimensionturistica.com\/es\/wp-content\/uploads\/2022\/09\/DSC_0870.jpg 1600w\" sizes=\"(max-width: 300px) 100vw, 300px\" \/><br \/>\n2. &#8220;CHUCHO ARROYO &#8211; A LA PRESERVACI\u00d3N, CONOCIMIENTO Y PROMOCI\u00d3N DE LA GASTRONOM\u00cdA MEXICANA&#8221; Las Rosas, (Oaxaca)<br \/>\n3. &#8220;A LA COCINERA TRADICIONAL DEL A\u00d1O&#8221; Blanca Delia Villag\u00f3mez Estrada, La Casa de Blanca, (Tzintzutz\u00e1n, Michoac\u00e1n)<br \/>\n4. &#8220;A LA CHEF O EL CHEF REPOSTERO DEL A\u00d1O&#8221; Chef Irving Quiroz Quintana, Autor del libro \u201cPanes Mexicanos\u201d, (Monterrey, Nuevo Le\u00f3n)<br \/>\n5. &#8220;CARLOS ANDERSON &#8211; A LA INNOVACI\u00d3N RESTAURANTERA&#8221; Bruna, (Guadalajara)<br \/>\n6. &#8220;C\u00c9SAR BALSA &#8211; AL RESTAURANTE DE HOTELES&#8221; Las Ma\u00f1anitas, Las Ma\u00f1anitas Hotel Garden Restaurant &amp;<img decoding=\"async\" class=\"size-medium wp-image-383106 alignright\" src=\"https:\/\/dimensionturistica.com\/es\/wp-content\/uploads\/2022\/09\/DSC_1069-300x200.jpg\" alt=\"\" width=\"300\" height=\"200\" srcset=\"https:\/\/dimensionturistica.com\/es\/wp-content\/uploads\/2022\/09\/DSC_1069-300x200.jpg 300w, https:\/\/dimensionturistica.com\/es\/wp-content\/uploads\/2022\/09\/DSC_1069-1024x684.jpg 1024w, https:\/\/dimensionturistica.com\/es\/wp-content\/uploads\/2022\/09\/DSC_1069-768x513.jpg 768w, https:\/\/dimensionturistica.com\/es\/wp-content\/uploads\/2022\/09\/DSC_1069-1536x1025.jpg 1536w, https:\/\/dimensionturistica.com\/es\/wp-content\/uploads\/2022\/09\/DSC_1069-750x501.jpg 750w, https:\/\/dimensionturistica.com\/es\/wp-content\/uploads\/2022\/09\/DSC_1069-1140x761.jpg 1140w, https:\/\/dimensionturistica.com\/es\/wp-content\/uploads\/2022\/09\/DSC_1069.jpg 1600w\" sizes=\"(max-width: 300px) 100vw, 300px\" \/> Spa, (Cuernavaca)<br \/>\n7. &#8220;ANTONIO ARIZA CA\u00d1ADILLA \u2013 A LA COMIDA DE ESPECIALIDADES EXTRANJERAS&#8221; Al Andalus, (Ciudad de M\u00e9xico)<br \/>\n8. &#8220;NEMESIO DIEZ RIEGA &#8211; A LA PERSONA JOVEN EMPRENDEDORA DEL A\u00d1O\u201d Jos\u00e9 Maria Xacur, Juan Jos\u00e9 Xacur y Jos\u00e9 Ram\u00f3n Fern\u00e1ndez, Grupo Ikigai, (Ciudad de M\u00e9xico)<br \/>\n9. &#8220;GUENTHER MAURACHER REICH &#8211; A LA DIRECTORA O EL DIRECTOR DE CADENAS DEL A\u00d1O&#8221; Andr\u00e9s de Robina Rabasa, Little Caesars Pizza<br \/>\n10. &#8220;A LA CHEF O EL CHEF MEXICANO DESTACADO EN EL EXTRANJERO&#8221; Chef Cosme Eduardo Aguilar Mar\u00edn,<img decoding=\"async\" class=\"size-medium wp-image-383107 alignright\" src=\"https:\/\/dimensionturistica.com\/es\/wp-content\/uploads\/2022\/09\/DSC_1104-300x200.jpg\" alt=\"\" width=\"300\" height=\"200\" srcset=\"https:\/\/dimensionturistica.com\/es\/wp-content\/uploads\/2022\/09\/DSC_1104-300x200.jpg 300w, https:\/\/dimensionturistica.com\/es\/wp-content\/uploads\/2022\/09\/DSC_1104-1024x684.jpg 1024w, https:\/\/dimensionturistica.com\/es\/wp-content\/uploads\/2022\/09\/DSC_1104-768x513.jpg 768w, https:\/\/dimensionturistica.com\/es\/wp-content\/uploads\/2022\/09\/DSC_1104-1536x1025.jpg 1536w, https:\/\/dimensionturistica.com\/es\/wp-content\/uploads\/2022\/09\/DSC_1104-750x501.jpg 750w, https:\/\/dimensionturistica.com\/es\/wp-content\/uploads\/2022\/09\/DSC_1104-1140x761.jpg 1140w, https:\/\/dimensionturistica.com\/es\/wp-content\/uploads\/2022\/09\/DSC_1104.jpg 1600w\" sizes=\"(max-width: 300px) 100vw, 300px\" \/> Casa Enrique, (Nueva York, EU)<br \/>\n11. &#8220;A LA CHEF O AL CHEF JOVEN DEL A\u00d1O&#8221; Chef Oscar Alejandro Cortazar Cuilty, La Cociner\u00eda, (Chihuahua)<br \/>\n12. &#8220;A LA CHEF O AL CHEF DEL A\u00d1O&#8221; Chef Elena Reygadas Castillo, Rosetta, (Ciudad de M\u00e9xico)<br \/>\n13. &#8220;AL M\u00c9RITO EMPRESARIAL RESTAURANTERO DEL A\u00d1O&#8221; Martha Muti de Malazzo y Juan Carlos Malazzo, Bodega Malazzo, (Ciudad de M\u00e9xico)<br \/>\nRECONOCIMIENTOS ESPECIALES:<br \/>\n1. \u201cA LA INNOVACI\u00d3N, CALIDAD Y SERVICIO DEL SECTOR BEBIDAS\u201d<br \/>\n&#8211; MIX\u00d3LOGO DEL A\u00d1O Jos\u00e9 Eduardo Olivas Caro (Handshake Speakeasy, CDMX)<br \/>\n&#8211; SOMMELIER DEL A\u00d1O Sandra Fern\u00e1ndez Gayt\u00e1n (SFG Estrategias en Vinos y Destilados)<br \/>\n&#8211; BARISTA DEL A\u00d1O Jenniffer Marlene Borrego Alamilla (DegasCaf\u00e9, Tampico, Tam)<br \/>\n2. \u201cPOR UN M\u00c9XICO SIN RESIDUOS\u201d La Gruta, (Teotihuac\u00e1n)<\/p>\n","protected":false},"excerpt":{"rendered":"<p>Desde hace 31 a\u00f1os, la C\u00e1mara Nacional de la Industria de Restaurantes y Alimentos Condimentados CANIRAC otorga el Premio al M\u00e9rito Restaurantero, el galard\u00f3n de m\u00e1s alto reconocimiento para el sector gastron\u00f3mico, que reconoce a aquellas personas y restaurantes que destacan por enaltecer a la industria con su creatividad, liderazgo, servicio y excelencia culinaria. La [&hellip;]<\/p>\n","protected":false},"author":1,"featured_media":383109,"comment_status":"open","ping_status":"closed","sticky":false,"template":"","format":"standard","meta":{"om_disable_all_campaigns":false,"jnews-multi-image_gallery":[],"jnews_single_post":{"source_name":"","source_url":"","via_name":"","via_url":"","override_template":"0","override":[{"template":"1","single_blog_custom":"","parallax":"1","fullscreen":"1","layout":"right-sidebar","sidebar":"default-sidebar","second_sidebar":"default-sidebar","sticky_sidebar":"1","share_position":"top","share_float_style":"share-monocrhome","show_share_counter":"1","show_view_counter":"1","show_featured":"1","show_post_meta":"1","show_post_author":"1","show_post_author_image":"1","show_post_date":"1","post_date_format":"default","post_date_format_custom":"Y\/m\/d","show_post_category":"1","show_post_reading_time":"0","post_reading_time_wpm":"300","show_zoom_button":"0","zoom_button_out_step":"2","zoom_button_in_step":"3","show_post_tag":"1","show_prev_next_post":"1","show_popup_post":"1","number_popup_post":"1","show_author_box":"0","show_post_related":"0","show_inline_post_related":"0"}],"override_image_size":"0","image_override":[{"single_post_thumbnail_size":"crop-500","single_post_gallery_size":"crop-500"}],"trending_post":"0","trending_post_position":"meta","trending_post_label":"Trending","sponsored_post":"0","sponsored_post_label":"Sponsored by","sponsored_post_name":"","sponsored_post_url":"","sponsored_post_logo_enable":"0","sponsored_post_logo":"","sponsored_post_desc":"","disable_ad":"0"},"jnews_primary_category":{"id":""},"jnews_social_meta":{"fb_title":"","fb_description":"","fb_image":"","twitter_title":"","twitter_description":"","twitter_image":""},"footnotes":""},"categories":[43],"tags":[],"class_list":["post-382982","post","type-post","status-publish","format-standard","has-post-thumbnail","hentry","category-gourmet"],"_links":{"self":[{"href":"https:\/\/dimensionturistica.com\/es\/wp-json\/wp\/v2\/posts\/382982","targetHints":{"allow":["GET"]}}],"collection":[{"href":"https:\/\/dimensionturistica.com\/es\/wp-json\/wp\/v2\/posts"}],"about":[{"href":"https:\/\/dimensionturistica.com\/es\/wp-json\/wp\/v2\/types\/post"}],"author":[{"embeddable":true,"href":"https:\/\/dimensionturistica.com\/es\/wp-json\/wp\/v2\/users\/1"}],"replies":[{"embeddable":true,"href":"https:\/\/dimensionturistica.com\/es\/wp-json\/wp\/v2\/comments?post=382982"}],"version-history":[{"count":0,"href":"https:\/\/dimensionturistica.com\/es\/wp-json\/wp\/v2\/posts\/382982\/revisions"}],"wp:featuredmedia":[{"embeddable":true,"href":"https:\/\/dimensionturistica.com\/es\/wp-json\/wp\/v2\/media\/383109"}],"wp:attachment":[{"href":"https:\/\/dimensionturistica.com\/es\/wp-json\/wp\/v2\/media?parent=382982"}],"wp:term":[{"taxonomy":"category","embeddable":true,"href":"https:\/\/dimensionturistica.com\/es\/wp-json\/wp\/v2\/categories?post=382982"},{"taxonomy":"post_tag","embeddable":true,"href":"https:\/\/dimensionturistica.com\/es\/wp-json\/wp\/v2\/tags?post=382982"}],"curies":[{"name":"wp","href":"https:\/\/api.w.org\/{rel}","templated":true}]}}