{"id":382848,"date":"2022-09-07T18:47:14","date_gmt":"2022-09-07T18:47:14","guid":{"rendered":"https:\/\/dimensionturistica.com\/es\/?p=382848"},"modified":"2022-09-07T18:47:14","modified_gmt":"2022-09-07T18:47:14","slug":"impulsa-guanajuato-proyecto-emblema-alianza-intersectorial-para-la-adaptacion-al-cambio-climatico","status":"publish","type":"post","link":"https:\/\/dimensionturistica.com\/es\/impulsa-guanajuato-proyecto-emblema-alianza-intersectorial-para-la-adaptacion-al-cambio-climatico\/","title":{"rendered":"impulsa Guanajuato Proyecto Emblema, alianza intersectorial para la adaptaci\u00f3n al cambio clim\u00e1tico"},"content":{"rendered":"<p>El objetivo de este proyecto es promover la adopci\u00f3n de medidas de adaptaci\u00f3n basadas en ecosistemas como parte del negocio tur\u00edstico para reducir el riesgo ante el cambio clim\u00e1tico.<br \/>\nLe\u00f3n, Guanajuato, a 02 de septiembre del 2022. El Estado de Guanajuato impulsa la actividad tur\u00edstica responsable protegiendo los activos naturales del destino mediante el Proyecto Emblema, alianza intersectorial para la adaptaci\u00f3n al cambio clim\u00e1tico del turismo en el \u00c1rea Natural Protegida Cuenca de la Soledad.<br \/>\nEn el marco del \u201cSustainable &amp; Social Tourism Summit\u201d, evento que se realiza por primera vez en el Estado de Guanajuato, en Le\u00f3n, Juan Jos\u00e9 \u00c1lvarez Brunel, secretario de Turismo del Estado de Guanajuato firm\u00f3 est\u00e1 alianza con la Secretar\u00eda de Medio Ambiente y Ordenamiento Territorial (SMAOT), la Agencia Alemana de<img decoding=\"async\" class=\"size-medium wp-image-382978 alignright\" src=\"https:\/\/dimensionturistica.com\/es\/wp-content\/uploads\/2022\/09\/GUAN2-300x199.jpg\" alt=\"\" width=\"300\" height=\"199\" srcset=\"https:\/\/dimensionturistica.com\/es\/wp-content\/uploads\/2022\/09\/GUAN2-300x199.jpg 300w, https:\/\/dimensionturistica.com\/es\/wp-content\/uploads\/2022\/09\/GUAN2.jpg 450w\" sizes=\"(max-width: 300px) 100vw, 300px\" \/> Cooperaci\u00f3n al Desarrollo Sustentable (GIZ, por sus siglas en alem\u00e1n), Reforestamos M\u00e9xico, Asociaciones Civiles y empresarios del sector tur\u00edstico.<br \/>\nEl objetivo de este acuerdo es promover la adopci\u00f3n de medidas de adaptaci\u00f3n basadas en ecosistemas como parte del negocio tur\u00edstico para reducir el riesgo ante el cambio clim\u00e1tico.<br \/>\n\u201cEsta iniciativa que est\u00e1 haciendo Guanajuato en transversalidad con Gobierno del Estado, Asociaciones civiles y el sector privado nos permitir\u00e1 atender un corredor ecol\u00f3gico importante para la recarga de los mantos acu\u00edferos y eso podr\u00e1 en determinado momento ser alternativo para llevar agua a nuestras ciudades\u201d, subray\u00f3 el maestro \u00c1lvarez Brunel.<br \/>\nEste proyecto nace al identificar que el sector tur\u00edstico requer\u00eda hacer esfuerzos para adaptarse al cambio clim\u00e1tico y en ese proceso de adaptaci\u00f3n la SECTUR y la SMAOT unen esfuerzos para reducir los impactos que genera esta industria.<br \/>\n\u201cEra necesario trabajar tambi\u00e9n con el sector tur\u00edstico privado y con aliados nacionales como Reforestamos M\u00e9xico, e internacionales como la GIZ, todos comprometidos en conservar los recursos naturales de Guanajuato\u201d, explic\u00f3 Marisa Isabel Ortiz Mantilla, secretaria de SMAOT.<br \/>\nCon esta articulaci\u00f3n Guanajuato da los primeros resultados \u201cporque vamos a trabajar en las comunidades con un financiamiento meta de 500 mil pesos del sector privado y ser\u00e1n ellos los vigilantes para hacer acciones de reforestaci\u00f3n, de conservaci\u00f3n de suelo y agua, a trav\u00e9s de Reforestamos M\u00e9xico y con la asesor\u00eda de GIZ\u201d, a\u00f1adieron los secretarios de SECTUR y SMAOT.<br \/>\nEste proyecto, que ya entr\u00f3 en marcha y ya tiene aportaciones del sector privado, \u201csignifica que hay una consciencia de la responsabilidad del uso y el aprovechamiento de los recursos naturales con un beneficio econ\u00f3mico social, lo cual nos permite transitar a la conciencia que debemos tener de esta mitigaci\u00f3n y adaptaci\u00f3n a los cambios del clima\u201d, finaliz\u00f3 el secretario de Turismo, \u00c1lvarez Brunel.<\/p>\n","protected":false},"excerpt":{"rendered":"<p>El objetivo de este proyecto es promover la adopci\u00f3n de medidas de adaptaci\u00f3n basadas en ecosistemas como parte del negocio tur\u00edstico para reducir el riesgo ante el cambio clim\u00e1tico. Le\u00f3n, Guanajuato, a 02 de septiembre del 2022. El Estado de Guanajuato impulsa la actividad tur\u00edstica responsable protegiendo los activos naturales del destino mediante el Proyecto [&hellip;]<\/p>\n","protected":false},"author":1,"featured_media":382979,"comment_status":"open","ping_status":"closed","sticky":false,"template":"","format":"standard","meta":{"om_disable_all_campaigns":false,"jnews-multi-image_gallery":[],"jnews_single_post":{"source_name":"","source_url":"","via_name":"","via_url":"","override_template":"0","override":[{"template":"1","single_blog_custom":"","parallax":"1","fullscreen":"1","layout":"right-sidebar","sidebar":"default-sidebar","second_sidebar":"default-sidebar","sticky_sidebar":"1","share_position":"top","share_float_style":"share-monocrhome","show_share_counter":"1","show_view_counter":"1","show_featured":"1","show_post_meta":"1","show_post_author":"1","show_post_author_image":"1","show_post_date":"1","post_date_format":"default","post_date_format_custom":"Y\/m\/d","show_post_category":"1","show_post_reading_time":"0","post_reading_time_wpm":"300","show_zoom_button":"0","zoom_button_out_step":"2","zoom_button_in_step":"3","show_post_tag":"1","show_prev_next_post":"1","show_popup_post":"1","number_popup_post":"1","show_author_box":"0","show_post_related":"0","show_inline_post_related":"0"}],"override_image_size":"0","image_override":[{"single_post_thumbnail_size":"crop-500","single_post_gallery_size":"crop-500"}],"trending_post":"0","trending_post_position":"meta","trending_post_label":"Trending","sponsored_post":"0","sponsored_post_label":"Sponsored by","sponsored_post_name":"","sponsored_post_url":"","sponsored_post_logo_enable":"0","sponsored_post_logo":"","sponsored_post_desc":"","disable_ad":"0"},"jnews_primary_category":{"id":""},"jnews_social_meta":{"fb_title":"","fb_description":"","fb_image":"","twitter_title":"","twitter_description":"","twitter_image":""},"footnotes":""},"categories":[39],"tags":[],"class_list":["post-382848","post","type-post","status-publish","format-standard","has-post-thumbnail","hentry","category-viajes"],"_links":{"self":[{"href":"https:\/\/dimensionturistica.com\/es\/wp-json\/wp\/v2\/posts\/382848","targetHints":{"allow":["GET"]}}],"collection":[{"href":"https:\/\/dimensionturistica.com\/es\/wp-json\/wp\/v2\/posts"}],"about":[{"href":"https:\/\/dimensionturistica.com\/es\/wp-json\/wp\/v2\/types\/post"}],"author":[{"embeddable":true,"href":"https:\/\/dimensionturistica.com\/es\/wp-json\/wp\/v2\/users\/1"}],"replies":[{"embeddable":true,"href":"https:\/\/dimensionturistica.com\/es\/wp-json\/wp\/v2\/comments?post=382848"}],"version-history":[{"count":0,"href":"https:\/\/dimensionturistica.com\/es\/wp-json\/wp\/v2\/posts\/382848\/revisions"}],"wp:featuredmedia":[{"embeddable":true,"href":"https:\/\/dimensionturistica.com\/es\/wp-json\/wp\/v2\/media\/382979"}],"wp:attachment":[{"href":"https:\/\/dimensionturistica.com\/es\/wp-json\/wp\/v2\/media?parent=382848"}],"wp:term":[{"taxonomy":"category","embeddable":true,"href":"https:\/\/dimensionturistica.com\/es\/wp-json\/wp\/v2\/categories?post=382848"},{"taxonomy":"post_tag","embeddable":true,"href":"https:\/\/dimensionturistica.com\/es\/wp-json\/wp\/v2\/tags?post=382848"}],"curies":[{"name":"wp","href":"https:\/\/api.w.org\/{rel}","templated":true}]}}