{"id":382828,"date":"2022-09-07T14:11:23","date_gmt":"2022-09-07T14:11:23","guid":{"rendered":"https:\/\/dimensionturistica.com\/es\/?p=382828"},"modified":"2022-09-07T14:11:23","modified_gmt":"2022-09-07T14:11:23","slug":"congreso-de-investigacion-aplicada-al-turismo-2022-en-zacatecas-supera-las-expectativas-de-asistencia-y-participacion","status":"publish","type":"post","link":"https:\/\/dimensionturistica.com\/es\/congreso-de-investigacion-aplicada-al-turismo-2022-en-zacatecas-supera-las-expectativas-de-asistencia-y-participacion\/","title":{"rendered":"Congreso de Investigaci\u00f3n Aplicada al Turismo 2022, en Zacatecas, supera las expectativas de asistencia y participaci\u00f3n"},"content":{"rendered":"<p><img decoding=\"async\" class=\"size-medium wp-image-382829 alignright\" src=\"https:\/\/dimensionturistica.com\/es\/wp-content\/uploads\/2022\/09\/Congreso-de-Investigacion-Aplicada-al-Turismo-2022-5-300x200.jpeg\" alt=\"\" width=\"300\" height=\"200\" srcset=\"https:\/\/dimensionturistica.com\/es\/wp-content\/uploads\/2022\/09\/Congreso-de-Investigacion-Aplicada-al-Turismo-2022-5-300x200.jpeg 300w, https:\/\/dimensionturistica.com\/es\/wp-content\/uploads\/2022\/09\/Congreso-de-Investigacion-Aplicada-al-Turismo-2022-5-1024x683.jpeg 1024w, https:\/\/dimensionturistica.com\/es\/wp-content\/uploads\/2022\/09\/Congreso-de-Investigacion-Aplicada-al-Turismo-2022-5-768x512.jpeg 768w, https:\/\/dimensionturistica.com\/es\/wp-content\/uploads\/2022\/09\/Congreso-de-Investigacion-Aplicada-al-Turismo-2022-5-750x500.jpeg 750w, https:\/\/dimensionturistica.com\/es\/wp-content\/uploads\/2022\/09\/Congreso-de-Investigacion-Aplicada-al-Turismo-2022-5.jpeg 1080w\" sizes=\"(max-width: 300px) 100vw, 300px\" \/>El Congreso de Investigaci\u00f3n Aplicada al Turismo (CIAT) 2022, organizado por la Secretar\u00eda de Turismo del Gobierno de M\u00e9xico (Sectur), en coordinaci\u00f3n con el Gobierno de Zacatecas y la Universidad Aut\u00f3noma de Zacatecas (UAZ), del 31 de agosto al 2 de septiembre, super\u00f3 las expectativas, consolid\u00e1ndose como referente para los especialistas de este sector.<br \/>\nEl director general de Profesionalizaci\u00f3n y Competitividad Tur\u00edstica de Sectur, Ram\u00f3n Mart\u00ednez Gasca, en representaci\u00f3n del secretario de Turismo, Miguel Torruco Marqu\u00e9s, indic\u00f3 que durante los tres d\u00edas de este evento, asistieron m\u00e1s de 500 personas, y se presentaron 42 ponencias, que fueron seleccionadas de 160 propuestas que evalu\u00f3 un Comit\u00e9 Cient\u00edfico integrado por expertos investigadores pertenecientes al Sistema Nacional de Investigadores (SNI).<br \/>\nMart\u00ednez Gasca destac\u00f3 que por primera vez en la historia de este Congreso se presentaron 14 libros<img decoding=\"async\" class=\"size-medium wp-image-382831 alignright\" src=\"https:\/\/dimensionturistica.com\/es\/wp-content\/uploads\/2022\/09\/Congreso-de-Investigacion-Aplicada-al-Turismo-2022-1-300x169.jpeg\" alt=\"\" width=\"300\" height=\"169\" srcset=\"https:\/\/dimensionturistica.com\/es\/wp-content\/uploads\/2022\/09\/Congreso-de-Investigacion-Aplicada-al-Turismo-2022-1-300x169.jpeg 300w, https:\/\/dimensionturistica.com\/es\/wp-content\/uploads\/2022\/09\/Congreso-de-Investigacion-Aplicada-al-Turismo-2022-1-1024x576.jpeg 1024w, https:\/\/dimensionturistica.com\/es\/wp-content\/uploads\/2022\/09\/Congreso-de-Investigacion-Aplicada-al-Turismo-2022-1-768x432.jpeg 768w, https:\/\/dimensionturistica.com\/es\/wp-content\/uploads\/2022\/09\/Congreso-de-Investigacion-Aplicada-al-Turismo-2022-1-750x422.jpeg 750w, https:\/\/dimensionturistica.com\/es\/wp-content\/uploads\/2022\/09\/Congreso-de-Investigacion-Aplicada-al-Turismo-2022-1-1140x641.jpeg 1140w, https:\/\/dimensionturistica.com\/es\/wp-content\/uploads\/2022\/09\/Congreso-de-Investigacion-Aplicada-al-Turismo-2022-1.jpeg 1280w\" sizes=\"(max-width: 300px) 100vw, 300px\" \/> relacionados con el sector tur\u00edstico; adem\u00e1s, se cont\u00f3 con la presencia de investigadores de prestigiadas instituciones nacionales de 12 estados del pa\u00eds, as\u00ed como de universidades de Colombia, Costa Rica y Per\u00fa.<br \/>\n\u201cEn la constante lucha por el mercado tur\u00edstico internacional, se hace indispensable una mejora continua en los productos y servicios que ofrecemos, para lograr experiencias memorables y satisfactorias en el viajero\u201d, coment\u00f3.<br \/>\nAgreg\u00f3 que en este punto \u201cel rigor, an\u00e1lisis, disciplina y sistematizaci\u00f3n de la investigaci\u00f3n cient\u00edfica se presenta tambi\u00e9n como una gran aliada que nos ayudar\u00e1 a crecer en materia de competitividad\u201d.<br \/>\nEl Congreso de Investigaci\u00f3n Aplicada al Turismo forma parte del compromiso de Sectur con la formaci\u00f3n y<img decoding=\"async\" class=\"size-medium wp-image-382836 alignright\" src=\"https:\/\/dimensionturistica.com\/es\/wp-content\/uploads\/2022\/09\/Congreso-de-Investigacion-Aplicada-al-Turismo-2022-3-300x169.jpeg\" alt=\"\" width=\"300\" height=\"169\" srcset=\"https:\/\/dimensionturistica.com\/es\/wp-content\/uploads\/2022\/09\/Congreso-de-Investigacion-Aplicada-al-Turismo-2022-3-300x169.jpeg 300w, https:\/\/dimensionturistica.com\/es\/wp-content\/uploads\/2022\/09\/Congreso-de-Investigacion-Aplicada-al-Turismo-2022-3-1024x576.jpeg 1024w, https:\/\/dimensionturistica.com\/es\/wp-content\/uploads\/2022\/09\/Congreso-de-Investigacion-Aplicada-al-Turismo-2022-3-768x432.jpeg 768w, https:\/\/dimensionturistica.com\/es\/wp-content\/uploads\/2022\/09\/Congreso-de-Investigacion-Aplicada-al-Turismo-2022-3-750x422.jpeg 750w, https:\/\/dimensionturistica.com\/es\/wp-content\/uploads\/2022\/09\/Congreso-de-Investigacion-Aplicada-al-Turismo-2022-3-1140x641.jpeg 1140w, https:\/\/dimensionturistica.com\/es\/wp-content\/uploads\/2022\/09\/Congreso-de-Investigacion-Aplicada-al-Turismo-2022-3.jpeg 1280w\" sizes=\"(max-width: 300px) 100vw, 300px\" \/> profesionalizaci\u00f3n del capital humano del sector para fortalecer sus competencias laborales, y con ello elevar la calidad de los servicios asociados al turismo.<br \/>\nCon este prop\u00f3sito se llevan a cabo tambi\u00e9n diversos seminarios y cursos para empresarios, prestadores de servicios, funcionarios de gobierno, estudiantes, entre otros, a trav\u00e9s de la Direcci\u00f3n de Profesionalizaci\u00f3n y Competitividad Tur\u00edstica en alianza con instituciones educativas p\u00fablicas y privadas.<br \/>\nDespu\u00e9s de dos a\u00f1os de llevar a cabo el Congreso de manera virtual, la edici\u00f3n 2022 se realiz\u00f3 de manera presencial con el decidido y valioso apoyo de la Universidad Aut\u00f3noma de Zacatecas y de la Secretar\u00eda de Turismo de Zacatecas, quienes brindaron su apoyo y confianza para su realizaci\u00f3n.<br \/>\nRam\u00f3n Mart\u00ednez Gasca subray\u00f3 que hoy, \u201ctodo proyecto tur\u00edstico tiene que fundarse en un equilibrio entre el<img decoding=\"async\" class=\"size-medium wp-image-382837 alignright\" src=\"https:\/\/dimensionturistica.com\/es\/wp-content\/uploads\/2022\/09\/Congreso-de-Investigacion-Aplicada-al-Turismo-2022-4-300x169.jpeg\" alt=\"\" width=\"300\" height=\"169\" srcset=\"https:\/\/dimensionturistica.com\/es\/wp-content\/uploads\/2022\/09\/Congreso-de-Investigacion-Aplicada-al-Turismo-2022-4-300x169.jpeg 300w, https:\/\/dimensionturistica.com\/es\/wp-content\/uploads\/2022\/09\/Congreso-de-Investigacion-Aplicada-al-Turismo-2022-4-1024x576.jpeg 1024w, https:\/\/dimensionturistica.com\/es\/wp-content\/uploads\/2022\/09\/Congreso-de-Investigacion-Aplicada-al-Turismo-2022-4-768x432.jpeg 768w, https:\/\/dimensionturistica.com\/es\/wp-content\/uploads\/2022\/09\/Congreso-de-Investigacion-Aplicada-al-Turismo-2022-4-750x422.jpeg 750w, https:\/\/dimensionturistica.com\/es\/wp-content\/uploads\/2022\/09\/Congreso-de-Investigacion-Aplicada-al-Turismo-2022-4-1140x641.jpeg 1140w, https:\/\/dimensionturistica.com\/es\/wp-content\/uploads\/2022\/09\/Congreso-de-Investigacion-Aplicada-al-Turismo-2022-4.jpeg 1280w\" sizes=\"(max-width: 300px) 100vw, 300px\" \/> crecimiento econ\u00f3mico y el desarrollo social. Asumamos compromisos y responsabilidades para salvaguardar su futuro. Hagamos del turismo una herramienta de reconciliaci\u00f3n social para que siga siendo palanca de desarrollo, crecimiento y progreso\u201d.<br \/>\nPor su parte, el gobernador de Zacatecas, David Monreal \u00c1vila, destac\u00f3 que el turismo es uno de los ejes de su administraci\u00f3n. Agreg\u00f3 que la entidad y la capital cuenta con infraestructura suficiente para realizar congresos internacionales, as\u00ed como personal capacitado, hoteles y restaurantes.<br \/>\nPuntualiz\u00f3 la importancia de la colaboraci\u00f3n entre los distintos \u00f3rdenes de gobierno para formar a los futuros prestadores de servicio y profesionales de la industria tur\u00edstica, \u201cporque ellos ser\u00e1n los garantes de esta actividad y los guardianes de nuestras obras, de la majestuosidad y patrimonio de Zacatecas\u201d.<br \/>\nEn su oportunidad, el secretario de Turismo de Zacatecas, Le Roy Barrag\u00e1n Ocampo, afirm\u00f3 que este tipo de<img decoding=\"async\" class=\"size-medium wp-image-382830 alignright\" src=\"https:\/\/dimensionturistica.com\/es\/wp-content\/uploads\/2022\/09\/Congreso-de-Investigacion-Aplicada-al-Turismo-2022-6-300x200.jpeg\" alt=\"\" width=\"300\" height=\"200\" srcset=\"https:\/\/dimensionturistica.com\/es\/wp-content\/uploads\/2022\/09\/Congreso-de-Investigacion-Aplicada-al-Turismo-2022-6-300x200.jpeg 300w, https:\/\/dimensionturistica.com\/es\/wp-content\/uploads\/2022\/09\/Congreso-de-Investigacion-Aplicada-al-Turismo-2022-6-1024x683.jpeg 1024w, https:\/\/dimensionturistica.com\/es\/wp-content\/uploads\/2022\/09\/Congreso-de-Investigacion-Aplicada-al-Turismo-2022-6-768x512.jpeg 768w, https:\/\/dimensionturistica.com\/es\/wp-content\/uploads\/2022\/09\/Congreso-de-Investigacion-Aplicada-al-Turismo-2022-6-750x500.jpeg 750w, https:\/\/dimensionturistica.com\/es\/wp-content\/uploads\/2022\/09\/Congreso-de-Investigacion-Aplicada-al-Turismo-2022-6.jpeg 1080w\" sizes=\"(max-width: 300px) 100vw, 300px\" \/> encuentros se traducen en beneficios para el estado, m\u00e1s all\u00e1 de la inmediatez, como la derrama econ\u00f3mica y la retroalimentaci\u00f3n, as\u00ed como tambi\u00e9n a largo plazo, reflejado en proyectos e investigaciones que alienten el desarrollo de Zacatecas y los distintos destinos de M\u00e9xico.<br \/>\nAs\u00ed mismo, Rub\u00e9n de Jes\u00fas Ibarra Reyes, rector de la Universidad Aut\u00f3noma de Zacatecas, resalt\u00f3 la riqueza cultural y arquitect\u00f3nica del estado, atractivo fundamental para el turismo nacional e internacional. Enfatiz\u00f3 que la preparaci\u00f3n es clave para brindar el mejor servicio, y en ese aspecto, reiter\u00f3 que Zacatecas es una verdadera \u2018joya\u2019.<\/p>\n<p>&nbsp;<\/p>\n","protected":false},"excerpt":{"rendered":"<p>El Congreso de Investigaci\u00f3n Aplicada al Turismo (CIAT) 2022, organizado por la Secretar\u00eda de Turismo del Gobierno de M\u00e9xico (Sectur), en coordinaci\u00f3n con el Gobierno de Zacatecas y la Universidad Aut\u00f3noma de Zacatecas (UAZ), del 31 de agosto al 2 de septiembre, super\u00f3 las expectativas, consolid\u00e1ndose como referente para los especialistas de este sector. El [&hellip;]<\/p>\n","protected":false},"author":1,"featured_media":382834,"comment_status":"open","ping_status":"closed","sticky":false,"template":"","format":"standard","meta":{"om_disable_all_campaigns":false,"jnews-multi-image_gallery":[],"jnews_single_post":{"source_name":"","source_url":"","via_name":"","via_url":"","override_template":"0","override":[{"template":"1","single_blog_custom":"","parallax":"1","fullscreen":"1","layout":"right-sidebar","sidebar":"default-sidebar","second_sidebar":"default-sidebar","sticky_sidebar":"1","share_position":"top","share_float_style":"share-monocrhome","show_share_counter":"1","show_view_counter":"1","show_featured":"1","show_post_meta":"1","show_post_author":"1","show_post_author_image":"1","show_post_date":"1","post_date_format":"default","post_date_format_custom":"Y\/m\/d","show_post_category":"1","show_post_reading_time":"0","post_reading_time_wpm":"300","show_zoom_button":"0","zoom_button_out_step":"2","zoom_button_in_step":"3","show_post_tag":"1","show_prev_next_post":"1","show_popup_post":"1","number_popup_post":"1","show_author_box":"0","show_post_related":"0","show_inline_post_related":"0"}],"override_image_size":"0","image_override":[{"single_post_thumbnail_size":"crop-500","single_post_gallery_size":"crop-500"}],"trending_post":"0","trending_post_position":"meta","trending_post_label":"Trending","sponsored_post":"0","sponsored_post_label":"Sponsored by","sponsored_post_name":"","sponsored_post_url":"","sponsored_post_logo_enable":"0","sponsored_post_logo":"","sponsored_post_desc":"","disable_ad":"0"},"jnews_primary_category":{"id":""},"jnews_social_meta":{"fb_title":"","fb_description":"","fb_image":"","twitter_title":"","twitter_description":"","twitter_image":""},"footnotes":""},"categories":[39],"tags":[],"class_list":["post-382828","post","type-post","status-publish","format-standard","has-post-thumbnail","hentry","category-viajes"],"_links":{"self":[{"href":"https:\/\/dimensionturistica.com\/es\/wp-json\/wp\/v2\/posts\/382828","targetHints":{"allow":["GET"]}}],"collection":[{"href":"https:\/\/dimensionturistica.com\/es\/wp-json\/wp\/v2\/posts"}],"about":[{"href":"https:\/\/dimensionturistica.com\/es\/wp-json\/wp\/v2\/types\/post"}],"author":[{"embeddable":true,"href":"https:\/\/dimensionturistica.com\/es\/wp-json\/wp\/v2\/users\/1"}],"replies":[{"embeddable":true,"href":"https:\/\/dimensionturistica.com\/es\/wp-json\/wp\/v2\/comments?post=382828"}],"version-history":[{"count":0,"href":"https:\/\/dimensionturistica.com\/es\/wp-json\/wp\/v2\/posts\/382828\/revisions"}],"wp:featuredmedia":[{"embeddable":true,"href":"https:\/\/dimensionturistica.com\/es\/wp-json\/wp\/v2\/media\/382834"}],"wp:attachment":[{"href":"https:\/\/dimensionturistica.com\/es\/wp-json\/wp\/v2\/media?parent=382828"}],"wp:term":[{"taxonomy":"category","embeddable":true,"href":"https:\/\/dimensionturistica.com\/es\/wp-json\/wp\/v2\/categories?post=382828"},{"taxonomy":"post_tag","embeddable":true,"href":"https:\/\/dimensionturistica.com\/es\/wp-json\/wp\/v2\/tags?post=382828"}],"curies":[{"name":"wp","href":"https:\/\/api.w.org\/{rel}","templated":true}]}}