{"id":382788,"date":"2022-09-07T13:29:07","date_gmt":"2022-09-07T13:29:07","guid":{"rendered":"https:\/\/dimensionturistica.com\/es\/?p=382788"},"modified":"2022-09-07T13:29:07","modified_gmt":"2022-09-07T13:29:07","slug":"icex-subvenciona-el-desarrollo-industrial-de-la-carne-cultivada-de-biotech-foods","status":"publish","type":"post","link":"https:\/\/dimensionturistica.com\/es\/icex-subvenciona-el-desarrollo-industrial-de-la-carne-cultivada-de-biotech-foods\/","title":{"rendered":"Icex subvenciona el desarrollo industrial de la carne cultivada de BioTech Foods"},"content":{"rendered":"<p> <br \/>\n<\/p>\n<div>\n<p>El Instituto de Comercio Exterior de Espa\u00f1a (Icex) ha respaldado el proyecto &#8216;investMEAT&#8217; de BioTech Meals, centrado en la investigaci\u00f3n en l\u00edneas celulares, medios de cultivo y biomateriales, elementos clave en la producci\u00f3n de carne cultivada, que permita escalar la producci\u00f3n a nivel industrial.<\/p>\n<p>A trav\u00e9s de su l\u00ednea de ayudas a la I+D &#8216;Innova Make investments&#8217;, el Icex aportar\u00e1 <b>una subvenci\u00f3n de 753.000 euros <\/b>a esta investigaci\u00f3n, cuya finalidad es mantener los costes de producci\u00f3n en rangos aptos para que la carne cultivada llegue al consumidor remaining y sea competitiva en precio con la oferta de prote\u00edna precise.<\/p>\n<p>&#8220;Los resultados de este proyecto de investigaci\u00f3n contribuir\u00e1n a <b>desarrollar la primera planta de producci\u00f3n industrial de carne cultivada en Espa\u00f1a, <\/b>de las primeras del mundo, asociada a la inversi\u00f3n junto a nuestro socio JBS, la mayor empresa c\u00e1rnica del mundo&#8221;, ha destacado el cofundador y consejero delegado de la compa\u00f1\u00eda, I\u00f1igo Charola.<\/p>\n<p>El proyecto liderado por BioTech Meals permitir\u00e1 establecer una l\u00ednea de producci\u00f3n de carne cultivada altamente eficiente, que resuelva los retos de la tecnolog\u00eda precise ligados a la escalabilidad.<\/p>\n<p>El mercado de esta carne cultivada, seg\u00fan Mackinsey, alcanzar\u00e1 los <b>25.000 millones de d\u00f3lares en 2030<\/b> y la Uni\u00f3n Europea ya se ha puesto como objetivo que al menos el 30% del consumo de carne provenga de esta f\u00f3rmula.\u00a0<\/p>\n<div class=\"Article__socialShareContent text-center d-flex justify-content-center align-items-center\">\n<span class=\"d-none\">comentarios<\/span><a target=\"_blank\" href=\"#1648118541665_forum\" onclick=\"jQuery('#not_11934228 .articleZone_Footer').show();window.dataLayer.push({'event': 'event', 'eventoCategoria': 'noticia','eventoAccion': 'boton-flotante-comentarios','eventoEtiqueta': 'Ir a comentar'});\" rel=\"noopener\"><svg xmlns=\"http:\/\/www.w3.org\/2000\/svg\" height=\"34px\" viewbox=\"0 0 24 24\" width=\"34px\" fill=\"currentColor\" style=\"vertical-align: middle;\"><path d=\"M0 0h24v24H0z\" fill=\"none\"\/><path d=\"M21 6h-2v9H6v2c0 .55.45 1 1 1h11l4 4V7c0-.55-.45-1-1-1zm-4 6V3c0-.55-.45-1-1-1H3c-.55 0-1 .45-1 1v14l4-4h10c.55 0 1-.45 1-1z\"\/><\/svg><span class=\"badge badge-danger\">0<\/span><\/a><span class=\"d-none\">WhatsApp<\/span><a target=\"_blank\" href=\"https:\/\/api.whatsapp.com\/send?text=https:\/\/www.eleconomista.es\/retail-consumo\/noticias\/11934228\/09\/22\/Icex-subvenciona-el-desarrollo-industrial-de-la-carne-cultivada-de-BioTech-Foods.html?utm_source%3Dwhatsapp%26utm_medium%3Dshare_button&amp;id=1648118629957_whatsapp\" data-action=\"share\/whatsapp\/share\" rel=\"noopener\"><img decoding=\"async\" style=\"vertical-align:middle;\" onclick=\"window.dataLayer.push({'event': 'event', 'eventoCategoria': 'noticia','eventoAccion': 'boton-flotante-whatsapp','eventoEtiqueta': 'Compartir en Whatsapp'});\" src=\"https:\/\/s03.s3c.es\/imag3\/iconos\/svg\/whatsAppGreen.svg\" width=\"33px\" height=\"33px\" alt=\"WhatsApp\"\/><\/a><span class=\"d-none\">Fb<\/span><a target=\"_blank\" onclick=\"return abrirFacebook();\" href=\"#1648118806784_facebook\" rel=\"noopener\"><img decoding=\"async\" style=\"vertical-align:middle;\" onclick=\"window.dataLayer.push({'event': 'event', 'eventoCategoria': 'noticia','eventoAccion': 'boton-flotante-facebook','eventoEtiqueta': 'Compartir en Facebook'});\" src=\"https:\/\/s03.s3c.es\/imag3\/iconos\/svg\/facebookBlue.svg\" width=\"22px\" height=\"34.05px\" alt=\"Facebook\"\/><\/a><span class=\"d-none\">Twitter<\/span><a target=\"_blank\" href=\"https:\/\/twitter.com\/share?text=Icex+subvenciona+el+desarrollo+industrial+de+la+carne+cultivada+de+BioTech+Foods&amp;url=https:\/\/www.eleconomista.es\/retail-consumo\/noticias\/11934228\/09\/22\/Icex-subvenciona-el-desarrollo-industrial-de-la-carne-cultivada-de-BioTech-Foods.html&amp;via=elEconomistaes&amp;id=1648118839245_twitter\" rel=\"noopener\"><img decoding=\"async\" style=\"vertical-align:middle;\" onclick=\"window.dataLayer.push({'event': 'event', 'eventoCategoria': 'noticia','eventoAccion': 'boton-flotante-twitter','eventoEtiqueta': 'Compartir en Twitter'});\" src=\"https:\/\/s03.s3c.es\/imag3\/iconos\/svg\/twitterBlue.svg\" width=\"33px\" height=\"33px\" alt=\"Twitter\"\/><\/a><span class=\"d-none\">Linkedin<\/span><a target=\"_blank\" onclick=\"return abrirLinkedin();\" href=\"#1648118858235_linkedin\" rel=\"noopener\"><img decoding=\"async\" style=\"vertical-align:middle;\" onclick=\"window.dataLayer.push({'event': 'event', 'eventoCategoria': 'noticia','eventoAccion': 'boton-flotante-linkedin','eventoEtiqueta': 'Compartir en Linkedin'});\" src=\"https:\/\/s03.s3c.es\/imag3\/iconos\/svg\/linkedinBlue.svg\" width=\"33px\" height=\"33px\" alt=\"linkedin\"\/><\/a>\n<\/div>\n<\/div>\n<p><script async src=\"\/\/platform.twitter.com\/widgets.js\" charset=\"utf-8\"><\/script><script>\n  !function(f,b,e,v,n,t,s)\n  {if(f.fbq)return;n=f.fbq=function(){n.callMethod?\n  n.callMethod.apply(n,arguments):n.queue.push(arguments)};\n  if(!f._fbq)f._fbq=n;n.push=n;n.loaded=!0;n.version='2.0';\n  n.queue=[];t=b.createElement(e);t.async=!0;\n  t.src=v;s=b.getElementsByTagName(e)[0];\n  s.parentNode.insertBefore(t,s)}(window, document,'script',\n  'https:\/\/connect.facebook.net\/en_US\/fbevents.js');\n  fbq('init', '113015305983050');\n  fbq('track', 'PageView');\n<\/script><br \/>\n<br \/><\/p>\n<p><em> \u2018 The preceding article may include information circulated by third parties \u2019 <\/em><\/p>\n<p><em> \u2018 Some details of this article were extracted from the following source www.eleconomista.es \u2019 <\/em><\/p>\n","protected":false},"excerpt":{"rendered":"<p>El Instituto de Comercio Exterior de Espa\u00f1a (Icex) ha respaldado el proyecto &#8216;investMEAT&#8217; de BioTech Meals, centrado en la investigaci\u00f3n en l\u00edneas celulares, medios de cultivo y biomateriales, elementos clave en la producci\u00f3n de carne cultivada, que permita escalar la producci\u00f3n a nivel industrial. A trav\u00e9s de su l\u00ednea de ayudas a la I+D &#8216;Innova [&hellip;]<\/p>\n","protected":false},"author":2,"featured_media":382789,"comment_status":"open","ping_status":"closed","sticky":false,"template":"","format":"standard","meta":{"om_disable_all_campaigns":false,"jnews-multi-image_gallery":[],"jnews_single_post":[],"jnews_primary_category":[],"jnews_social_meta":[],"footnotes":""},"categories":[43],"tags":[],"class_list":["post-382788","post","type-post","status-publish","format-standard","has-post-thumbnail","hentry","category-gourmet"],"_links":{"self":[{"href":"https:\/\/dimensionturistica.com\/es\/wp-json\/wp\/v2\/posts\/382788","targetHints":{"allow":["GET"]}}],"collection":[{"href":"https:\/\/dimensionturistica.com\/es\/wp-json\/wp\/v2\/posts"}],"about":[{"href":"https:\/\/dimensionturistica.com\/es\/wp-json\/wp\/v2\/types\/post"}],"author":[{"embeddable":true,"href":"https:\/\/dimensionturistica.com\/es\/wp-json\/wp\/v2\/users\/2"}],"replies":[{"embeddable":true,"href":"https:\/\/dimensionturistica.com\/es\/wp-json\/wp\/v2\/comments?post=382788"}],"version-history":[{"count":0,"href":"https:\/\/dimensionturistica.com\/es\/wp-json\/wp\/v2\/posts\/382788\/revisions"}],"wp:featuredmedia":[{"embeddable":true,"href":"https:\/\/dimensionturistica.com\/es\/wp-json\/wp\/v2\/media\/382789"}],"wp:attachment":[{"href":"https:\/\/dimensionturistica.com\/es\/wp-json\/wp\/v2\/media?parent=382788"}],"wp:term":[{"taxonomy":"category","embeddable":true,"href":"https:\/\/dimensionturistica.com\/es\/wp-json\/wp\/v2\/categories?post=382788"},{"taxonomy":"post_tag","embeddable":true,"href":"https:\/\/dimensionturistica.com\/es\/wp-json\/wp\/v2\/tags?post=382788"}],"curies":[{"name":"wp","href":"https:\/\/api.w.org\/{rel}","templated":true}]}}