{"id":382716,"date":"2022-09-07T11:44:00","date_gmt":"2022-09-07T11:44:00","guid":{"rendered":"https:\/\/dimensionturistica.com\/es\/?p=382716"},"modified":"2022-09-07T11:44:00","modified_gmt":"2022-09-07T11:44:00","slug":"el-futuro-del-viaje-proyectos-que-haran-realidad-tu-viaje-espacial","status":"publish","type":"post","link":"https:\/\/dimensionturistica.com\/es\/el-futuro-del-viaje-proyectos-que-haran-realidad-tu-viaje-espacial\/","title":{"rendered":"El futuro del viaje: proyectos que har\u00e1n realidad tu viaje espacial"},"content":{"rendered":"<p> <br \/>\n<\/p>\n<div>\n<p><strong>ORBITE | &#x1f680;<\/strong><\/p>\n<p><strong>Proyecto<\/strong>: <a rel=\"nofollow noopener\" target=\"_blank\" data-offer-url=\"https:\/\/www.orbitespace.com\/\" class=\"external-link\" data-event-click=\"{&quot;element&quot;:&quot;ExternalLink&quot;,&quot;outgoingURL&quot;:&quot;https:\/\/www.orbitespace.com\/&quot;}\" href=\"https:\/\/www.orbitespace.com\/\">La empresa francesa Orbite<\/a> planea convertir nuestro inter\u00e9s cada vez mayor por la exploraci\u00f3n espacial en una experiencia de lujo clave en el futuro del viaje.<\/p>\n<h3><a rel=\"nofollow noopener\" target=\"_blank\" href=\"https:\/\/www.traveler.es\/experiencias\/galerias\/fotos-como-es-primer-hotel-espacio-voyager-2027\/3019\">Ver fotos: el primer hotel en el espacio abrir\u00e1 en 2027<\/a><\/h3>\n<p><strong>Detalles<\/strong>: La concept de los vuelos espaciales comerciales fue, durante mucho tiempo, poco m\u00e1s que una fantas\u00eda. Aquellos tiempos han quedado atr\u00e1s gracias a emprendedores tecnol\u00f3gicos como <strong>Nicolas Gaume y Jason Andrews, fundadores de Orbite.<\/strong> Llevan desde 2019 ofreciendo experiencias en gravedad cero como preparaci\u00f3n para unas vacaciones espaciales. Este tipo de viaje, disponible solo para los viajeros m\u00e1s pudientes, requiere una formaci\u00f3n que Orbite proporciona en sus cursos para astronautas, cuatro d\u00edas en <strong>una especie de<\/strong> <em><strong>bootcamp<\/strong><\/em> <strong>espacial de lujo<\/strong> en el que los asistentes podr\u00e1n estudiar ingenier\u00eda aeroespacial, participar en vuelos de gravedad cero y hacer simulaciones de realidad digital, sin dejar de lado detalles como una gastronom\u00eda exquisita. <strong>\u201cHace falta formaci\u00f3n para poder ir al espacio\u201d, explica Gaume.<\/strong> \u201cPero lo que de verdad nos interesa es que la gente se divierta y lo disfrute todo, una experiencia centrada no solo en lo t\u00e9cnico sino tambi\u00e9n en lo mental y en lo espiritual\u201d. <strong>Los campamentos se organizan en la costa atl\u00e1ntica francesa y en<\/strong> <a rel=\"nofollow noopener\" target=\"_blank\" href=\"https:\/\/www.traveler.es\/experiencias\/articulos\/nuevo-parque-tematico-universal-orlando-resort-epic-universe-florida\/15847\"><strong>Orlando (Florida)<\/strong><\/a><strong>.<\/strong> La empresa ha encargado a Philippe Starck el dise\u00f1o de un complejo de entrenamiento permanente en una ubicaci\u00f3n a\u00fan desconocida en Estados Unidos, <strong>proyectado para 2024.<\/strong><\/p>\n<p><strong>Por qu\u00e9 es importante:<\/strong> La llegada del turismo espacial no sorprende a nadie, pero la velocidad a la que llega el cambio, con proyectos como los campamentos de lujo de Orbite, est\u00e1 siendo vertiginosa. <em>\u2013Caitlin Morton<\/em><\/p>\n<figure class=\"AssetEmbedWrapper-iKAnWF bhyIoG asset-embed\">\n<div class=\"AssetEmbedAssetContainer-foMCXx bomDaa asset-embed__asset-container\"><span class=\"SpanWrapper-kHmjLe dukugq responsive-asset AssetEmbedResponsiveAsset-eWcsO lgxMZN asset-embed__responsive-asset\"><picture class=\"ResponsiveImagePicture-jJpQhK jEPxaV AssetEmbedResponsiveAsset-eWcsO lgxMZN asset-embed__responsive-asset responsive-image\"><noscript><img decoding=\"async\" alt=\"SpaceX\" class=\"ResponsiveImageContainer-dmuwLx fydubv responsive-image__image\" src=\"https:\/\/dimensionturistica.com\/es\/wp-content\/uploads\/2022\/09\/El-futuro-del-viaje-proyectos-que-haran-realidad-tu-viaje.jpg\"  \/><\/noscript><\/picture><\/span><\/div>\n<p><span class=\"BaseWrap-sc-UABmB BaseText-fETRLB CaptionText-cNZZli hkSZSE iLsSmS faGSa-d caption__text\"><em>La vuelta a la Luna en 2023 ser\u00e1 una realidad con SpaceX.<\/em><\/span><span class=\"BaseWrap-sc-UABmB BaseText-fETRLB CaptionCredit-cSxGsC hkSZSE hpUtwY iOEyAO caption__credit\">SpaceX<\/span><\/p>\n<\/figure>\n<p><strong>SPACEX | &#x1f680;<\/strong><\/p>\n<p><strong>Proyecto<\/strong>: Elon Musk tiene grandes planes para la conquista de Marte, pero, de momento, <a rel=\"nofollow noopener\" target=\"_blank\" data-offer-url=\"https:\/\/www.spacex.com\/\" class=\"external-link\" data-event-click=\"{&quot;element&quot;:&quot;ExternalLink&quot;,&quot;outgoingURL&quot;:&quot;https:\/\/www.spacex.com\/&quot;}\" href=\"https:\/\/www.spacex.com\/\">la empresa de fabricaci\u00f3n aeroespacial<\/a> se est\u00e1 centrando en llevar a los viajeros a dar una vuelta a la Luna, posiblemente para 2023.<\/p>\n<p><strong>Detalles<\/strong>: Aunque fuera noticia, no result\u00f3 especialmente sorprendente que la primera visita plenamente comercial a la Estaci\u00f3n Espacial Internacional (con una estancia de 17 d\u00edas), que ocurri\u00f3 el pasado abril, corriera a cargo de SpaceX. <strong>Elon Musk lleva m\u00e1s de una d\u00e9cada planeando llevar a astronautas no profesionales<\/strong> (aunque s\u00ed acaudalados) al espacio. El CEO de SpaceX tiende a so\u00f1ar con civilizaciones interplanetarias, y la nave espacial Starship, un \u201ccrucero\u201d a baja altura orbital con el que se realizaron vuelos de prueba el verano pasado, acabar\u00e1 <a rel=\"nofollow noopener\" target=\"_blank\" href=\"https:\/\/www.traveler.es\/articulos\/cuando-se-podra-ir-a-marte\">ofreciendo vuelos privados a Marte<\/a>; por ahora, sin embargo, la empresa tiene la luna como objetivo principal. La NASA ya ha reservado la Starship para mandar a dos astronautas a la superficie lunar en 2025, uno de ellos, <strong>la primera mujer que pisar\u00e1 la luna.<\/strong><\/p>\n<\/div>\n\n<p><em> &#8221; Fuentes www.traveler.es &#8221; <\/em><\/p>\n","protected":false},"excerpt":{"rendered":"<p>ORBITE | &#x1f680; Proyecto: La empresa francesa Orbite planea convertir nuestro inter\u00e9s cada vez mayor por la exploraci\u00f3n espacial en una experiencia de lujo clave en el futuro del viaje. Ver fotos: el primer hotel en el espacio abrir\u00e1 en 2027 Detalles: La concept de los vuelos espaciales comerciales fue, durante mucho tiempo, poco m\u00e1s [&hellip;]<\/p>\n","protected":false},"author":4,"featured_media":382717,"comment_status":"open","ping_status":"closed","sticky":false,"template":"","format":"standard","meta":{"om_disable_all_campaigns":false,"jnews-multi-image_gallery":[],"jnews_single_post":[],"jnews_primary_category":[],"jnews_social_meta":[],"footnotes":""},"categories":[41],"tags":[20607,725],"class_list":["post-382716","post","type-post","status-publish","format-standard","has-post-thumbnail","hentry","category-cruceros","tag-inspiracion","tag-tecnologia"],"_links":{"self":[{"href":"https:\/\/dimensionturistica.com\/es\/wp-json\/wp\/v2\/posts\/382716","targetHints":{"allow":["GET"]}}],"collection":[{"href":"https:\/\/dimensionturistica.com\/es\/wp-json\/wp\/v2\/posts"}],"about":[{"href":"https:\/\/dimensionturistica.com\/es\/wp-json\/wp\/v2\/types\/post"}],"author":[{"embeddable":true,"href":"https:\/\/dimensionturistica.com\/es\/wp-json\/wp\/v2\/users\/4"}],"replies":[{"embeddable":true,"href":"https:\/\/dimensionturistica.com\/es\/wp-json\/wp\/v2\/comments?post=382716"}],"version-history":[{"count":0,"href":"https:\/\/dimensionturistica.com\/es\/wp-json\/wp\/v2\/posts\/382716\/revisions"}],"wp:featuredmedia":[{"embeddable":true,"href":"https:\/\/dimensionturistica.com\/es\/wp-json\/wp\/v2\/media\/382717"}],"wp:attachment":[{"href":"https:\/\/dimensionturistica.com\/es\/wp-json\/wp\/v2\/media?parent=382716"}],"wp:term":[{"taxonomy":"category","embeddable":true,"href":"https:\/\/dimensionturistica.com\/es\/wp-json\/wp\/v2\/categories?post=382716"},{"taxonomy":"post_tag","embeddable":true,"href":"https:\/\/dimensionturistica.com\/es\/wp-json\/wp\/v2\/tags?post=382716"}],"curies":[{"name":"wp","href":"https:\/\/api.w.org\/{rel}","templated":true}]}}