{"id":382611,"date":"2022-09-07T08:43:14","date_gmt":"2022-09-07T08:43:14","guid":{"rendered":"https:\/\/dimensionturistica.com\/es\/?p=382611"},"modified":"2022-09-07T08:43:15","modified_gmt":"2022-09-07T08:43:15","slug":"la-historica-marca-viajes-2000-es-ahora-opteam","status":"publish","type":"post","link":"https:\/\/dimensionturistica.com\/es\/la-historica-marca-viajes-2000-es-ahora-opteam\/","title":{"rendered":"La hist\u00f3rica marca Viajes 2000 es ahora Opteam"},"content":{"rendered":"<p> <br \/>\n<\/p>\n<div>\n<p>En 2015, el <strong>Grupo Barcel\u00f3<\/strong> adquiri\u00f3 Viajes 2000 y en 2021 pas\u00f3 a integrarse en la estructura dedicada al Enterprise Journey de \u00c1voris Corporaci\u00f3n Empresarial.<\/p>\n<div class=\"wysiwyg-photo\"><img decoding=\"async\" title=\"\" src=\"https:\/\/static.hosteltur.com\/app\/public\/uploads\/img\/articles\/2022\/09\/07\/L_103330_opteamweb.jpg\" alt=\"\" data-id=\"240792\"\/> <\/p>\n<p>Internet de Opteam.<\/p>\n<\/p><\/div>\n<p>En su nueva etapa como Opteam, pasa a convertirse en una agencia especializada en viajes y eventos de empresa a medida. El objetivo, seg\u00fan \u00c1voris, es convertirla &#8220;en la agencia de referencia del sector del business travel en calidad de innovaci\u00f3n, valor humano y personalizaci\u00f3n&#8221;.<\/p>\n<p>&#8220;Contigo de principio a fin es nuestro nuevo lema porque existimos para acompa\u00f1ar a nuestros clientes en cada etapa de su viaje y evento&#8221;, explica <strong>Carmen Gonz\u00e1lez Aznar, managing director<\/strong> de la agencia.<\/p>\n<p>Durante los \u00faltimos a\u00f1os, Viajes 2000 se ha distinguido por su <strong>compromiso social<\/strong>. Cuenta con un Centro Especial de Empleo que permite a sus clientes cumplir con las medidas alternativas de la Ley Basic de Discapacidad.<\/p>\n<\/div>\n\n<p><em> &#8221; Fuentes www.hosteltur.com &#8221; <\/em><\/p>\n","protected":false},"excerpt":{"rendered":"<p>En 2015, el Grupo Barcel\u00f3 adquiri\u00f3 Viajes 2000 y en 2021 pas\u00f3 a integrarse en la estructura dedicada al Enterprise Journey de \u00c1voris Corporaci\u00f3n Empresarial. Internet de Opteam. En su nueva etapa como Opteam, pasa a convertirse en una agencia especializada en viajes y eventos de empresa a medida. El objetivo, seg\u00fan \u00c1voris, es convertirla [&hellip;]<\/p>\n","protected":false},"author":4,"featured_media":382612,"comment_status":"open","ping_status":"closed","sticky":false,"template":"","format":"standard","meta":{"om_disable_all_campaigns":false,"jnews-multi-image_gallery":[],"jnews_single_post":[],"jnews_primary_category":[],"jnews_social_meta":[],"footnotes":""},"categories":[39],"tags":[23153,2962,572,52968,2078],"class_list":["post-382611","post","type-post","status-publish","format-standard","has-post-thumbnail","hentry","category-viajes","tag-avoris-corporacion-empresarial","tag-business-travel","tag-distribucion","tag-viajes-2000","tag-viajes-corporativos"],"_links":{"self":[{"href":"https:\/\/dimensionturistica.com\/es\/wp-json\/wp\/v2\/posts\/382611","targetHints":{"allow":["GET"]}}],"collection":[{"href":"https:\/\/dimensionturistica.com\/es\/wp-json\/wp\/v2\/posts"}],"about":[{"href":"https:\/\/dimensionturistica.com\/es\/wp-json\/wp\/v2\/types\/post"}],"author":[{"embeddable":true,"href":"https:\/\/dimensionturistica.com\/es\/wp-json\/wp\/v2\/users\/4"}],"replies":[{"embeddable":true,"href":"https:\/\/dimensionturistica.com\/es\/wp-json\/wp\/v2\/comments?post=382611"}],"version-history":[{"count":0,"href":"https:\/\/dimensionturistica.com\/es\/wp-json\/wp\/v2\/posts\/382611\/revisions"}],"wp:featuredmedia":[{"embeddable":true,"href":"https:\/\/dimensionturistica.com\/es\/wp-json\/wp\/v2\/media\/382612"}],"wp:attachment":[{"href":"https:\/\/dimensionturistica.com\/es\/wp-json\/wp\/v2\/media?parent=382611"}],"wp:term":[{"taxonomy":"category","embeddable":true,"href":"https:\/\/dimensionturistica.com\/es\/wp-json\/wp\/v2\/categories?post=382611"},{"taxonomy":"post_tag","embeddable":true,"href":"https:\/\/dimensionturistica.com\/es\/wp-json\/wp\/v2\/tags?post=382611"}],"curies":[{"name":"wp","href":"https:\/\/api.w.org\/{rel}","templated":true}]}}