{"id":382441,"date":"2022-09-06T22:48:51","date_gmt":"2022-09-06T22:48:51","guid":{"rendered":"https:\/\/dimensionturistica.com\/es\/?p=382441"},"modified":"2022-09-06T22:48:51","modified_gmt":"2022-09-06T22:48:51","slug":"entrega-comite-organizador-de-expo-cesvi-2022-automovil-a-la-afortunada-ganadora","status":"publish","type":"post","link":"https:\/\/dimensionturistica.com\/es\/entrega-comite-organizador-de-expo-cesvi-2022-automovil-a-la-afortunada-ganadora\/","title":{"rendered":"Entrega comit\u00e9 organizador de EXPO CESVI 2022 autom\u00f3vil a la afortunada ganadora"},"content":{"rendered":"<p><img decoding=\"async\" class=\"size-medium wp-image-382445 alignright\" src=\"https:\/\/dimensionturistica.com\/es\/wp-content\/uploads\/2022\/09\/Ganadora-con-familia-300x200.jpg\" alt=\"\" width=\"300\" height=\"200\" srcset=\"https:\/\/dimensionturistica.com\/es\/wp-content\/uploads\/2022\/09\/Ganadora-con-familia-300x200.jpg 300w, https:\/\/dimensionturistica.com\/es\/wp-content\/uploads\/2022\/09\/Ganadora-con-familia-1024x682.jpg 1024w, https:\/\/dimensionturistica.com\/es\/wp-content\/uploads\/2022\/09\/Ganadora-con-familia-768x512.jpg 768w, https:\/\/dimensionturistica.com\/es\/wp-content\/uploads\/2022\/09\/Ganadora-con-familia-750x500.jpg 750w, https:\/\/dimensionturistica.com\/es\/wp-content\/uploads\/2022\/09\/Ganadora-con-familia-1140x760.jpg 1140w, https:\/\/dimensionturistica.com\/es\/wp-content\/uploads\/2022\/09\/Ganadora-con-familia.jpg 1280w\" sizes=\"(max-width: 300px) 100vw, 300px\" \/> Una expresi\u00f3n de asombro e incredulidad mostraba Andrea P.,\u00a0originaria de la Ciudad de M\u00e9xico, al recibir de parte del comit\u00e9 organizador de Expo Cesvi, la llave y los documentos que la acreditan como la propietaria del autom\u00f3vil Nissan Versa modificado por los especialistas de Cesvi, y repintado con el color Royal Magenta de Axalta.<br \/>\nLa ceremonia de entrega se realiz\u00f3 en las instalaciones de Cesvi M\u00e9xico de la capital mexiquense, ante la presencia de \u00d3liver Gonz\u00e1lez Aguilar , Interventor de la Secretar\u00eda de Gobernaci\u00f3n, quien dio fe y legalidad del acto.<br \/>\nLa afortunada ganadora particip\u00f3 con el\u00a0boleto 8973\u00a0entre los miles de visitantes a esta Expo, quienes tambi\u00e9n depositaron su tal\u00f3n, pero que no les sonri\u00f3 la suerte de la misma manera.<br \/>\nRespecto al veh\u00edculo, Lieto Morales, subdirector de Divulgaci\u00f3n y Marketing de Cesvi M\u00e9xico, inform\u00f3 que el reacondicionamiento del veh\u00edculo implic\u00f3 la instalaci\u00f3n de un kit aerodin\u00e1mico, rines deportivos, llantas, un<img decoding=\"async\" class=\"size-medium wp-image-382446 alignright\" src=\"https:\/\/dimensionturistica.com\/es\/wp-content\/uploads\/2022\/09\/Ganadora-en-el-vehiculo-muestra-llaves-300x200.jpg\" alt=\"\" width=\"300\" height=\"200\" srcset=\"https:\/\/dimensionturistica.com\/es\/wp-content\/uploads\/2022\/09\/Ganadora-en-el-vehiculo-muestra-llaves-300x200.jpg 300w, https:\/\/dimensionturistica.com\/es\/wp-content\/uploads\/2022\/09\/Ganadora-en-el-vehiculo-muestra-llaves-1024x682.jpg 1024w, https:\/\/dimensionturistica.com\/es\/wp-content\/uploads\/2022\/09\/Ganadora-en-el-vehiculo-muestra-llaves-768x512.jpg 768w, https:\/\/dimensionturistica.com\/es\/wp-content\/uploads\/2022\/09\/Ganadora-en-el-vehiculo-muestra-llaves-750x500.jpg 750w, https:\/\/dimensionturistica.com\/es\/wp-content\/uploads\/2022\/09\/Ganadora-en-el-vehiculo-muestra-llaves-1140x760.jpg 1140w, https:\/\/dimensionturistica.com\/es\/wp-content\/uploads\/2022\/09\/Ganadora-en-el-vehiculo-muestra-llaves.jpg 1280w\" sizes=\"(max-width: 300px) 100vw, 300px\" \/> repintado con color especial tricapa Royal Magenta, entre otras mejoras.<br \/>\nCon este autom\u00f3vil, \u00a0son ya cuatro veh\u00edculos los que ha rifado Expo Cesvi: en 2020 un VW Saveiro color tangerine; en 2019 un VW Vento electric light verde y en 2018 un Dodge Avenger azul. \u00bfQu\u00e9 veh\u00edculo ser\u00e1 en 2023, esa ser\u00e1 una nueva sorpresa? pregunt\u00f3 Morales \u00c1lvarez.<br \/>\nT\u00e9cnicos e ingenieros que participaron en la labor de remodelaci\u00f3n y directivos del propio Cesvi se tomaron la foto con la familia de Andrea, quien coment\u00f3 que \u201cjustamente estaban viendo como familia comprarse un<img decoding=\"async\" class=\"size-medium wp-image-382447 alignleft\" src=\"https:\/\/dimensionturistica.com\/es\/wp-content\/uploads\/2022\/09\/Entrega-del-auto-por-parte-de-directivos-de-Cesvi-Mexico-300x200.jpg\" alt=\"\" width=\"300\" height=\"200\" srcset=\"https:\/\/dimensionturistica.com\/es\/wp-content\/uploads\/2022\/09\/Entrega-del-auto-por-parte-de-directivos-de-Cesvi-Mexico-300x200.jpg 300w, https:\/\/dimensionturistica.com\/es\/wp-content\/uploads\/2022\/09\/Entrega-del-auto-por-parte-de-directivos-de-Cesvi-Mexico-1024x683.jpg 1024w, https:\/\/dimensionturistica.com\/es\/wp-content\/uploads\/2022\/09\/Entrega-del-auto-por-parte-de-directivos-de-Cesvi-Mexico-768x512.jpg 768w, https:\/\/dimensionturistica.com\/es\/wp-content\/uploads\/2022\/09\/Entrega-del-auto-por-parte-de-directivos-de-Cesvi-Mexico-1536x1024.jpg 1536w, https:\/\/dimensionturistica.com\/es\/wp-content\/uploads\/2022\/09\/Entrega-del-auto-por-parte-de-directivos-de-Cesvi-Mexico-750x500.jpg 750w, https:\/\/dimensionturistica.com\/es\/wp-content\/uploads\/2022\/09\/Entrega-del-auto-por-parte-de-directivos-de-Cesvi-Mexico-1140x760.jpg 1140w, https:\/\/dimensionturistica.com\/es\/wp-content\/uploads\/2022\/09\/Entrega-del-auto-por-parte-de-directivos-de-Cesvi-Mexico.jpg 2048w\" sizes=\"(max-width: 300px) 100vw, 300px\" \/> autom\u00f3vil para llevar a su peque\u00f1o hijo a la escuela, as\u00ed que esta sorpresa les vino \u201ccomo anillo al dedo\u201d.<br \/>\nEs as\u00ed como se cierra una edici\u00f3n m\u00e1s de\u00a0Expo Cesvi, la cual pudo reunir nuevamente, tras el periodo de confinamiento por la pandemia de COVID 19, a due\u00f1os, gerentes, encargados, t\u00e9cnicos y todas aquellas personas que trabajan o prestan servicios para talleres, agencias automotrices y flotillas, en \u00e9sta que es ya la cita oficial anual de la industria de la reparaci\u00f3n automotriz en M\u00e9xico y Latinoam\u00e9rica.<\/p>\n","protected":false},"excerpt":{"rendered":"<p>Una expresi\u00f3n de asombro e incredulidad mostraba Andrea P.,\u00a0originaria de la Ciudad de M\u00e9xico, al recibir de parte del comit\u00e9 organizador de Expo Cesvi, la llave y los documentos que la acreditan como la propietaria del autom\u00f3vil Nissan Versa modificado por los especialistas de Cesvi, y repintado con el color Royal Magenta de Axalta. La [&hellip;]<\/p>\n","protected":false},"author":1,"featured_media":382448,"comment_status":"open","ping_status":"closed","sticky":false,"template":"","format":"standard","meta":{"om_disable_all_campaigns":false,"jnews-multi-image_gallery":[],"jnews_single_post":{"source_name":"","source_url":"","via_name":"","via_url":"","override_template":"0","override":[{"template":"1","single_blog_custom":"","parallax":"1","fullscreen":"1","layout":"right-sidebar","sidebar":"default-sidebar","second_sidebar":"default-sidebar","sticky_sidebar":"1","share_position":"top","share_float_style":"share-monocrhome","show_share_counter":"1","show_view_counter":"1","show_featured":"1","show_post_meta":"1","show_post_author":"1","show_post_author_image":"1","show_post_date":"1","post_date_format":"default","post_date_format_custom":"Y\/m\/d","show_post_category":"1","show_post_reading_time":"0","post_reading_time_wpm":"300","show_zoom_button":"0","zoom_button_out_step":"2","zoom_button_in_step":"3","show_post_tag":"1","show_prev_next_post":"1","show_popup_post":"1","number_popup_post":"1","show_author_box":"0","show_post_related":"0","show_inline_post_related":"0"}],"override_image_size":"0","image_override":[{"single_post_thumbnail_size":"crop-500","single_post_gallery_size":"crop-500"}],"trending_post":"0","trending_post_position":"meta","trending_post_label":"Trending","sponsored_post":"0","sponsored_post_label":"Sponsored by","sponsored_post_name":"","sponsored_post_url":"","sponsored_post_logo_enable":"0","sponsored_post_logo":"","sponsored_post_desc":"","disable_ad":"0"},"jnews_primary_category":{"id":""},"jnews_social_meta":{"fb_title":"","fb_description":"","fb_image":"","twitter_title":"","twitter_description":"","twitter_image":""},"footnotes":""},"categories":[40],"tags":[],"class_list":["post-382441","post","type-post","status-publish","format-standard","has-post-thumbnail","hentry","category-industria"],"_links":{"self":[{"href":"https:\/\/dimensionturistica.com\/es\/wp-json\/wp\/v2\/posts\/382441","targetHints":{"allow":["GET"]}}],"collection":[{"href":"https:\/\/dimensionturistica.com\/es\/wp-json\/wp\/v2\/posts"}],"about":[{"href":"https:\/\/dimensionturistica.com\/es\/wp-json\/wp\/v2\/types\/post"}],"author":[{"embeddable":true,"href":"https:\/\/dimensionturistica.com\/es\/wp-json\/wp\/v2\/users\/1"}],"replies":[{"embeddable":true,"href":"https:\/\/dimensionturistica.com\/es\/wp-json\/wp\/v2\/comments?post=382441"}],"version-history":[{"count":0,"href":"https:\/\/dimensionturistica.com\/es\/wp-json\/wp\/v2\/posts\/382441\/revisions"}],"wp:featuredmedia":[{"embeddable":true,"href":"https:\/\/dimensionturistica.com\/es\/wp-json\/wp\/v2\/media\/382448"}],"wp:attachment":[{"href":"https:\/\/dimensionturistica.com\/es\/wp-json\/wp\/v2\/media?parent=382441"}],"wp:term":[{"taxonomy":"category","embeddable":true,"href":"https:\/\/dimensionturistica.com\/es\/wp-json\/wp\/v2\/categories?post=382441"},{"taxonomy":"post_tag","embeddable":true,"href":"https:\/\/dimensionturistica.com\/es\/wp-json\/wp\/v2\/tags?post=382441"}],"curies":[{"name":"wp","href":"https:\/\/api.w.org\/{rel}","templated":true}]}}