{"id":382157,"date":"2022-09-06T13:48:05","date_gmt":"2022-09-06T13:48:05","guid":{"rendered":"https:\/\/dimensionturistica.com\/es\/?p=382157"},"modified":"2022-09-06T13:48:05","modified_gmt":"2022-09-06T13:48:05","slug":"viajes-del-imserso-comienza-la-temporada-del-imserso-2022-23-fechas-requisitos-y-precios","status":"publish","type":"post","link":"https:\/\/dimensionturistica.com\/es\/viajes-del-imserso-comienza-la-temporada-del-imserso-2022-23-fechas-requisitos-y-precios\/","title":{"rendered":"Viajes del Imserso | Comienza la temporada del Imserso 2022\/23: fechas, requisitos y precios"},"content":{"rendered":"<p> <br \/>\n<\/p>\n<div>\n<div class=\"lead\">\n<ul>\n<li>\n<h2>La campa\u00f1a de viajes del Imserso de este a\u00f1o comenzar\u00e1 en octubre y durar\u00e1 hasta junio de 2023<\/h2>\n<\/li>\n<li>\n<h2>Las reservas de los viajes empezar\u00e1n el martes 20 de septiembre y se podr\u00e1n hacer hasta el viernes 23<\/h2>\n<\/li>\n<\/ul><\/div>\n<p>La \u00faltima temporada del <a rel=\"nofollow noopener\" target=\"_blank\" href=\"https:\/\/www.epe.es\/es\/organismos\/imserso-1017942\">Imserso <\/a>cerr\u00f3 con malos datos, con un <strong>40% de las plazas sin vender<\/strong> por los retrasos y el miedo a viajar de los mayores. Asimismo, el contexto precise, con los precios<strong>\u00a0muy por debajo de los costes reales al haberse disparado la\u00a0inflaci\u00f3n<\/strong>, <a rel=\"nofollow noopener\" target=\"_blank\" href=\"https:\/\/www.epe.es\/es\/economia\/20220513\/gobierno-vuelve-dormirse-turismo-imserso-2023-13651662\">generaba dudas sobre si este a\u00f1o habr\u00eda viajes<\/a>. Sin embargo, finalmente s\u00ed habr\u00e1 turismo de mayores este a\u00f1o: la temporada 2022\/23 del Imserso ha comenzado este lunes 5 de septiembre con el env\u00edo de las primeras\u00a0<strong>cartas de acreditaci\u00f3n\u00a0<\/strong>que permiten a los\u00a0<strong>jubilados\u00a0<\/strong>inscribirse en los diferentes\u00a0<strong>programas\u00a0<\/strong>de\u00a0<strong>viajes\u00a0<\/strong>por la Pen\u00ednsula, Baleares y Canarias.<\/p>\n<p>Esta primera fase del proceso administrativo se prolongar\u00e1 hasta el <strong>9 de septiembre<\/strong>; a partir de entonces y hasta el<strong> 20 de septiembre<\/strong> se abrir\u00e1 la inscripci\u00f3n a los distintos viajes. Para esta temporada, alrededor de<strong> 250.000 jubilados<\/strong> han solicitado optar a la oferta de viajes del Imserso, para un complete de <strong>818.000 plazas<\/strong> repartidas entre este mes de octubre y junio de 2023. <\/p>\n<h2 style=\"text-transform:uppercase;\">Precios de los viajes<\/h2>\n<p>Los\u00a0<strong>precios\u00a0<\/strong>de cada viaje var\u00edan en funci\u00f3n del destino, el programa, las actividades y si incluye o no servicio de transporte. De esta forma, el coste de cada viaje puede oscilar <strong>entre los 116 y los 405 euros por persona.<\/strong><\/p>\n<div class=\"info-graph\"> <img decoding=\"async\" src=\"https:\/\/estaticos-cdn.epe.es\/clip\/84f4db4b-91a0-433d-9134-6754d5adc721_source-aspect-ratio_default_0.jpg\" style=\"max-width: 350px;height: auto;\"\/> <\/div>\n<h2 style=\"text-transform:uppercase;\">Plazos para las reservas<\/h2>\n<p>Las\u00a0<strong>reservas\u00a0de los viajes <\/strong>para la campa\u00f1a 2022\/23 empezar\u00e1n el <strong>martes 20 de septiembre<\/strong> y se podr\u00e1n hacer hasta el <strong>viernes 23 <\/strong>en funci\u00f3n de la comunidad aut\u00f3noma de residencia del solicitante. El\u00a0<strong>Imserso\u00a0<\/strong>ha dividido el programa de reservas en los siguientes grupos:<\/p>\n<ul>\n<li>\n<h2>Residentes en\u00a0<strong>Andaluc\u00eda, Cantabria, Catalu\u00f1a, Valencia, Extremadura, Madrid, Murcia y Melilla<\/strong>, podr\u00e1n comenzar a reservar sus viajes:<\/h2>\n<\/li>\n<li>\n<h2>Martes\u00a0<strong>20 de septiembre de 2022 para los acreditados preferentes<\/strong>.<\/h2>\n<\/li>\n<li>\n<h2>Mi\u00e9rcoles\u00a0<strong>21 de septiembre de 2022<\/strong>,\u00a0<strong>para los acreditados no preferentes<\/strong>.<\/h2>\n<\/li>\n<li>\n<h2>Residentes en\u00a0<strong>Asturias, Arag\u00f3n, Castilla-La Mancha, Castilla y Le\u00f3n, Galicia, Baleares, Canarias, La Rioja, Navarra, Pa\u00eds Vasco y la Ciudad Aut\u00f3noma de Ceuta<\/strong>, podr\u00e1n comenzar a reservar sus viajes:<\/h2>\n<\/li>\n<li>\n<h2>Jueves\u00a0<strong>22 de septiembre de 2022 para los acreditados preferentes<\/strong>.<\/h2>\n<\/li>\n<li>\n<h2>Viernes\u00a0<strong>23 de septiembre de 2022 para los acreditados no preferentes<\/strong>.<\/h2>\n<\/li>\n<\/ul>\n<h2 style=\"text-transform:uppercase;\">Requisitos para los solicitantes<\/h2>\n<p>Para poder inscribirse en los\u00a0viajes\u00a0organizados por el\u00a0Imsero,\u00a0se deben cumplir algunos de los <strong>siguientes\u00a0requisitos<\/strong>:<\/p>\n<ol>\n<li>\n<h2>Ser\u00a0<strong>pensionista de jubilaci\u00f3n<\/strong>\u00a0de la Seguridad Social.<\/h2>\n<\/li>\n<li>\n<h2>Ser\u00a0<strong>pensionista de viudedad<\/strong>\u00a0con\u00a0<strong>cincuenta y cinco o m\u00e1s a\u00f1os de edad<\/strong>\u00a0de la Seguridad Social.<\/h2>\n<\/li>\n<li>\n<h2>Ser\u00a0<strong>pensionista por otros conceptos<\/strong>\u00a0del sistema de Seguridad Social espa\u00f1ol o\u00a0<strong>perceptor de prestaciones o subsidios de desempleo, con 60 a\u00f1os cumplidos o m\u00e1s a\u00f1os de edad<\/strong>.<\/h2>\n<\/li>\n<li>\n<h2>Ser asegurado\u00a0<strong>o beneficiario del Sistema de la Seguridad Social espa\u00f1ol, con sesenta y cinco a\u00f1os cumplidos o m\u00e1s a\u00f1os de edad<\/strong>.<\/h2>\n<\/li>\n<li>\n<h2><strong>Espa\u00f1oles residentes en el extranjero cumpliendo el primer requisito.<\/strong><\/h2>\n<\/li>\n<li>\n<h2>\u00a0<strong>Espa\u00f1oles de origen emigrante que hayan retornado a Espa\u00f1a<\/strong>, siempre que sean pensionistas de los sistemas p\u00fablicos de Seguridad Social del pa\u00eds o pa\u00edses a los que hubieran emigrado.<\/h2>\n<\/li>\n<\/ol>\n<h2 style=\"text-transform:uppercase;\">Condiciones que deben cumplir los acompa\u00f1antes<\/h2>\n<p>En los\u00a0<strong>viajes del Imserso<\/strong>\u00a0tambi\u00e9n se permite viajar a las\u00a0<strong>parejas o familiares de los jubilados<\/strong>, siempre que cumplan algunas de las siguientes condiciones:<\/p>\n<ol>\n<li>\n<h2>Ser<strong>\u00a0c\u00f3nyuge, parejas de hecho o persona con la que se constituye una uni\u00f3n estable y de convivencia,<\/strong>\u00a0sin necesidad de que estos re\u00fanan los requisitos de edad o pensi\u00f3n.<\/h2>\n<\/li>\n<li>\n<h2>Podr\u00e1n ir\u00a0<strong>acompa\u00f1adas de los\/las hijos\/as con discapacidad<\/strong>, en grado igual o superior al\u00a0<strong>45 por ciento<\/strong>, siempre que viajen con sus padres y se alojen en la misma habitaci\u00f3n o, en su caso, abonen el suplemento establecido para habitaciones dobles de uso particular person que estar\u00e1 sujeto a la disponibilidad de plazas.<\/h2>\n<\/li>\n<\/ol>\n<p>En todo caso,\u00a0<strong>las personas usuarias de plazas y sus acompa\u00f1antes deben valerse por s\u00ed mismas para realizar las actividades b\u00e1sicas de la vida diaria.<\/strong><\/p>\n<p>\t<span class=\"smallTitle center\">Noticias relacionadas<\/span><\/p><\/div>\n\n<p><em> &#8221; Fuentes www.epe.es &#8221; <\/em><\/p>\n","protected":false},"excerpt":{"rendered":"<p>La campa\u00f1a de viajes del Imserso de este a\u00f1o comenzar\u00e1 en octubre y durar\u00e1 hasta junio de 2023 Las reservas de los viajes empezar\u00e1n el martes 20 de septiembre y se podr\u00e1n hacer hasta el viernes 23 La \u00faltima temporada del Imserso cerr\u00f3 con malos datos, con un 40% de las plazas sin vender por [&hellip;]<\/p>\n","protected":false},"author":4,"featured_media":382158,"comment_status":"open","ping_status":"closed","sticky":false,"template":"","format":"standard","meta":{"om_disable_all_campaigns":false,"jnews-multi-image_gallery":[],"jnews_single_post":[],"jnews_primary_category":[],"jnews_social_meta":[],"footnotes":""},"categories":[39],"tags":[15538,544],"class_list":["post-382157","post","type-post","status-publish","format-standard","has-post-thumbnail","hentry","category-viajes","tag-jubilacion","tag-turismo"],"_links":{"self":[{"href":"https:\/\/dimensionturistica.com\/es\/wp-json\/wp\/v2\/posts\/382157","targetHints":{"allow":["GET"]}}],"collection":[{"href":"https:\/\/dimensionturistica.com\/es\/wp-json\/wp\/v2\/posts"}],"about":[{"href":"https:\/\/dimensionturistica.com\/es\/wp-json\/wp\/v2\/types\/post"}],"author":[{"embeddable":true,"href":"https:\/\/dimensionturistica.com\/es\/wp-json\/wp\/v2\/users\/4"}],"replies":[{"embeddable":true,"href":"https:\/\/dimensionturistica.com\/es\/wp-json\/wp\/v2\/comments?post=382157"}],"version-history":[{"count":0,"href":"https:\/\/dimensionturistica.com\/es\/wp-json\/wp\/v2\/posts\/382157\/revisions"}],"wp:featuredmedia":[{"embeddable":true,"href":"https:\/\/dimensionturistica.com\/es\/wp-json\/wp\/v2\/media\/382158"}],"wp:attachment":[{"href":"https:\/\/dimensionturistica.com\/es\/wp-json\/wp\/v2\/media?parent=382157"}],"wp:term":[{"taxonomy":"category","embeddable":true,"href":"https:\/\/dimensionturistica.com\/es\/wp-json\/wp\/v2\/categories?post=382157"},{"taxonomy":"post_tag","embeddable":true,"href":"https:\/\/dimensionturistica.com\/es\/wp-json\/wp\/v2\/tags?post=382157"}],"curies":[{"name":"wp","href":"https:\/\/api.w.org\/{rel}","templated":true}]}}