{"id":381794,"date":"2022-09-05T22:03:49","date_gmt":"2022-09-05T22:03:49","guid":{"rendered":"https:\/\/dimensionturistica.com\/es\/?p=381794"},"modified":"2022-09-05T22:03:49","modified_gmt":"2022-09-05T22:03:49","slug":"celebran-aifa-y-viva-aerobus-la-inauguracion-de-tres-rutas-a-puerto-escondido-acapulco-y-oaxaca","status":"publish","type":"post","link":"https:\/\/dimensionturistica.com\/es\/celebran-aifa-y-viva-aerobus-la-inauguracion-de-tres-rutas-a-puerto-escondido-acapulco-y-oaxaca\/","title":{"rendered":"Celebran AIFA y Viva Aerobus la inauguraci\u00f3n de tres rutas a Puerto Escondido, Acapulco y Oaxaca"},"content":{"rendered":"<p><img decoding=\"async\" class=\"size-medium wp-image-381801 alignright\" src=\"https:\/\/dimensionturistica.com\/es\/wp-content\/uploads\/2022\/09\/Viva-Aerobus-Aifa-6-300x169.jpeg\" alt=\"\" width=\"300\" height=\"169\" srcset=\"https:\/\/dimensionturistica.com\/es\/wp-content\/uploads\/2022\/09\/Viva-Aerobus-Aifa-6-300x169.jpeg 300w, https:\/\/dimensionturistica.com\/es\/wp-content\/uploads\/2022\/09\/Viva-Aerobus-Aifa-6-1024x576.jpeg 1024w, https:\/\/dimensionturistica.com\/es\/wp-content\/uploads\/2022\/09\/Viva-Aerobus-Aifa-6-768x432.jpeg 768w, https:\/\/dimensionturistica.com\/es\/wp-content\/uploads\/2022\/09\/Viva-Aerobus-Aifa-6-750x422.jpeg 750w, https:\/\/dimensionturistica.com\/es\/wp-content\/uploads\/2022\/09\/Viva-Aerobus-Aifa-6-1140x641.jpeg 1140w, https:\/\/dimensionturistica.com\/es\/wp-content\/uploads\/2022\/09\/Viva-Aerobus-Aifa-6.jpeg 1280w\" sizes=\"(max-width: 300px) 100vw, 300px\" \/> Directivos del Aeropuerto Internacional Felipe \u00c1ngeles y Viva Aerobus celebraron el inicio de una nueva etapa en las operaciones de la aerol\u00ednea desde el AIFA con la inauguraci\u00f3n de tres rutas. Hoy comenz\u00f3 el servicio con destino a Puerto Escondido, ma\u00f1ana a Acapulco y el s\u00e1bado a Oaxaca.<br \/>\n\u201cAgradecemos el compromiso que mantiene Viva con la conectividad a\u00e9rea de la Zona Metropolitana del Valle de M\u00e9xico. Sin duda, se ha convertido en un aliado estrat\u00e9gico para que los pasajeros tengan la oportunidad de volar desde y hacia el AIFA, un aeropuerto que se distingue por su infraestructura y servicios de calidad\u201d, mencion\u00f3 el General Isidoro Pastor, Director General del AIFA. \u201cContinuaremos sumando esfuerzos de manera coordinada para que m\u00e1s personas tengan todas las facilidades para viajar a destinos nacionales e internacionales desde esta regi\u00f3n centro-sur del pa\u00eds\u201d, detall\u00f3.<br \/>\nAIFA \u2013 Puerto Escondido ofrece tres vuelos semanales (martes, jueves y domingo); la ruta a Acapulco cuenta con dos vuelos a la semana (viernes y lunes) y los vuelos hacia Oaxaca son operados tambi\u00e9n dos veces a la semana (mi\u00e9rcoles y s\u00e1bado). Todos los vuelos desde el AIFA ofrecen precios que inician desde los 16 pesos m\u00e1s la Tarifa de Uso Aeroportuario.<img decoding=\"async\" class=\"size-medium wp-image-381802 alignright\" src=\"https:\/\/dimensionturistica.com\/es\/wp-content\/uploads\/2022\/09\/Viva-Aerobus-Aifa-5-300x169.jpeg\" alt=\"\" width=\"300\" height=\"169\" srcset=\"https:\/\/dimensionturistica.com\/es\/wp-content\/uploads\/2022\/09\/Viva-Aerobus-Aifa-5-300x169.jpeg 300w, https:\/\/dimensionturistica.com\/es\/wp-content\/uploads\/2022\/09\/Viva-Aerobus-Aifa-5-1024x576.jpeg 1024w, https:\/\/dimensionturistica.com\/es\/wp-content\/uploads\/2022\/09\/Viva-Aerobus-Aifa-5-768x432.jpeg 768w, https:\/\/dimensionturistica.com\/es\/wp-content\/uploads\/2022\/09\/Viva-Aerobus-Aifa-5-750x422.jpeg 750w, https:\/\/dimensionturistica.com\/es\/wp-content\/uploads\/2022\/09\/Viva-Aerobus-Aifa-5-1140x641.jpeg 1140w, https:\/\/dimensionturistica.com\/es\/wp-content\/uploads\/2022\/09\/Viva-Aerobus-Aifa-5.jpeg 1280w\" sizes=\"(max-width: 300px) 100vw, 300px\" \/><br \/>\nViva Aerobus recuerda que actualmente tambi\u00e9n vuela desde el AIFA a Monterrey, Guadalajara y Canc\u00fan de manera regular. Y, pr\u00f3ximamente, en diciembre, la aerol\u00ednea tambi\u00e9n inaugurar\u00e1 su ruta desde este nuevo aeropuerto a La Habana, Cuba, siendo el primer destino internacional de Viva desde el AIFA.<br \/>\n\u201cPara Viva Aerobus es un gusto seguir construyendo puentes a\u00e9reos, a precios bajos y desde un punto m\u00e1s del \u00e1rea metropolitana de la Ciudad de M\u00e9xico para comodidad de todos nuestros pasajeros. Ya sumamos seis rutas<img decoding=\"async\" class=\" wp-image-381810 alignleft\" src=\"https:\/\/dimensionturistica.com\/es\/wp-content\/uploads\/2022\/09\/TARIFASVIVA-300x133.jpg\" alt=\"\" width=\"880\" height=\"390\" srcset=\"https:\/\/dimensionturistica.com\/es\/wp-content\/uploads\/2022\/09\/TARIFASVIVA-300x133.jpg 300w, https:\/\/dimensionturistica.com\/es\/wp-content\/uploads\/2022\/09\/TARIFASVIVA-1536x683.jpg 1536w, https:\/\/dimensionturistica.com\/es\/wp-content\/uploads\/2022\/09\/TARIFASVIVA-1140x507.jpg 1140w\" sizes=\"(max-width: 880px) 100vw, 880px\" \/> desde\/hacia el AIFA, operando 240 vuelos al mes y poniendo a disposici\u00f3n de los viajeros m\u00e1s de medio mill\u00f3n de asientos al a\u00f1o. Seguiremos trabajando para fortalecer la conectividad a\u00e9rea de M\u00e9xico\u201d, afirm\u00f3 Juan Carlos Zuazua, Director General de Viva Aerobus.<br \/>\nPara comodidad de los viajeros, la aerol\u00ednea ofrece el \u2019Viva Bus\u2019, un servicio exclusivo para sus pasajeros que los lleva del AIFA a la Terminal Central de Autobuses del Norte de la Ciudad de M\u00e9xico o viceversa. Los pasajeros pueden adquirir este servicio, con un costo de $75 pesos, en el sitio web de la aerol\u00ednea, en las Viva Tiendas, en la Central de Autobuses del Norte o durante su vuelo con los sobrecargos.<br \/>\nLos pasajeros pueden adquirir sus boletos en el sitio oficial de la aerol\u00ednea Viva: https: \/\/www.vivaaerobus.com\/mx, en las Viva Tiendas, en la Viva App o llamando al Call Center (LADA sin costo) 0181 82 150 150.<\/p>\n<p>&nbsp;<\/p>\n","protected":false},"excerpt":{"rendered":"<p>Directivos del Aeropuerto Internacional Felipe \u00c1ngeles y Viva Aerobus celebraron el inicio de una nueva etapa en las operaciones de la aerol\u00ednea desde el AIFA con la inauguraci\u00f3n de tres rutas. Hoy comenz\u00f3 el servicio con destino a Puerto Escondido, ma\u00f1ana a Acapulco y el s\u00e1bado a Oaxaca. \u201cAgradecemos el compromiso que mantiene Viva con [&hellip;]<\/p>\n","protected":false},"author":1,"featured_media":381806,"comment_status":"open","ping_status":"closed","sticky":false,"template":"","format":"standard","meta":{"om_disable_all_campaigns":false,"jnews-multi-image_gallery":[],"jnews_single_post":{"source_name":"","source_url":"","via_name":"","via_url":"","override_template":"0","override":[{"template":"1","single_blog_custom":"","parallax":"1","fullscreen":"1","layout":"right-sidebar","sidebar":"default-sidebar","second_sidebar":"default-sidebar","sticky_sidebar":"1","share_position":"top","share_float_style":"share-monocrhome","show_share_counter":"1","show_view_counter":"1","show_featured":"1","show_post_meta":"1","show_post_author":"1","show_post_author_image":"1","show_post_date":"1","post_date_format":"default","post_date_format_custom":"Y\/m\/d","show_post_category":"1","show_post_reading_time":"0","post_reading_time_wpm":"300","show_zoom_button":"0","zoom_button_out_step":"2","zoom_button_in_step":"3","show_post_tag":"1","show_prev_next_post":"1","show_popup_post":"1","number_popup_post":"1","show_author_box":"0","show_post_related":"0","show_inline_post_related":"0"}],"override_image_size":"0","image_override":[{"single_post_thumbnail_size":"crop-500","single_post_gallery_size":"crop-500"}],"trending_post":"0","trending_post_position":"meta","trending_post_label":"Trending","sponsored_post":"0","sponsored_post_label":"Sponsored by","sponsored_post_name":"","sponsored_post_url":"","sponsored_post_logo_enable":"0","sponsored_post_logo":"","sponsored_post_desc":"","disable_ad":"0"},"jnews_primary_category":{"id":""},"jnews_social_meta":{"fb_title":"","fb_description":"","fb_image":"","twitter_title":"","twitter_description":"","twitter_image":""},"footnotes":""},"categories":[39],"tags":[],"class_list":["post-381794","post","type-post","status-publish","format-standard","has-post-thumbnail","hentry","category-viajes"],"_links":{"self":[{"href":"https:\/\/dimensionturistica.com\/es\/wp-json\/wp\/v2\/posts\/381794","targetHints":{"allow":["GET"]}}],"collection":[{"href":"https:\/\/dimensionturistica.com\/es\/wp-json\/wp\/v2\/posts"}],"about":[{"href":"https:\/\/dimensionturistica.com\/es\/wp-json\/wp\/v2\/types\/post"}],"author":[{"embeddable":true,"href":"https:\/\/dimensionturistica.com\/es\/wp-json\/wp\/v2\/users\/1"}],"replies":[{"embeddable":true,"href":"https:\/\/dimensionturistica.com\/es\/wp-json\/wp\/v2\/comments?post=381794"}],"version-history":[{"count":0,"href":"https:\/\/dimensionturistica.com\/es\/wp-json\/wp\/v2\/posts\/381794\/revisions"}],"wp:featuredmedia":[{"embeddable":true,"href":"https:\/\/dimensionturistica.com\/es\/wp-json\/wp\/v2\/media\/381806"}],"wp:attachment":[{"href":"https:\/\/dimensionturistica.com\/es\/wp-json\/wp\/v2\/media?parent=381794"}],"wp:term":[{"taxonomy":"category","embeddable":true,"href":"https:\/\/dimensionturistica.com\/es\/wp-json\/wp\/v2\/categories?post=381794"},{"taxonomy":"post_tag","embeddable":true,"href":"https:\/\/dimensionturistica.com\/es\/wp-json\/wp\/v2\/tags?post=381794"}],"curies":[{"name":"wp","href":"https:\/\/api.w.org\/{rel}","templated":true}]}}