{"id":381681,"date":"2022-09-05T19:17:49","date_gmt":"2022-09-05T19:17:49","guid":{"rendered":"https:\/\/dimensionturistica.com\/es\/?p=381681"},"modified":"2022-09-05T19:17:50","modified_gmt":"2022-09-05T19:17:50","slug":"las-quejas-por-problemas-con-los-vuelos-de-easyjet-y-ryanair-se-disparan-en-julio-y-agosto","status":"publish","type":"post","link":"https:\/\/dimensionturistica.com\/es\/las-quejas-por-problemas-con-los-vuelos-de-easyjet-y-ryanair-se-disparan-en-julio-y-agosto\/","title":{"rendered":"Las quejas por problemas con los vuelos de Easyjet y Ryanair se disparan en julio y agosto"},"content":{"rendered":"<p> <br \/>\n<\/p>\n<div id=\"\">\n<picture class=\"image \" itemscope=\"\" itemtype=\"http:\/\/schema.org\/ImageObject\" itemprop=\"image\" src=\"https:\/\/estaticos-cdn.prensaiberica.es\/clip\/3a24f01f-3fb4-4405-884e-d2195708eea2_16-9-discover-aspect-ratio_default_0.jpg\"><source srcset=\"https:\/\/estaticos-cdn.prensaiberica.es\/clip\/3a24f01f-3fb4-4405-884e-d2195708eea2_16-9-discover-aspect-ratio_default_0.jpg\"><img decoding=\"async\" src=\"https:\/\/estaticos-cdn.prensaiberica.es\/clip\/3a24f01f-3fb4-4405-884e-d2195708eea2_16-9-discover-aspect-ratio_default_0.jpg\" alt=\"Un avi\u00f3n de Ryanair.\" width=\"1200\" height=\"675\" title=\"Un avi\u00f3n de Ryanair.\" style=\"height:auto;\"\/><\/p>\n<p><\/source><\/picture><!-- \/.image --><\/p>\n<p class=\"article-photo__footer\">\n        <em>Un avi\u00f3n de Ryanair.<\/em><br \/>\n                    <span>ARCHIVO \/ C\u00d3RDOBA<\/span>\n            <\/p>\n<\/div>\n<div>\n<p class=\"article-body__text article-body__text--entry article-body__text-middle\">\n        Las <strong>reclamaciones por retrasos y problemas<\/strong> relacionados con los <strong>vuelos <\/strong>de las compa\u00f1\u00edas <a rel=\"nofollow noopener\" target=\"_blank\" href=\"https:\/\/www.diariocordoba.com\/tags\/easyjet\/\" title=\"Easyjet\" class=\"link copy\"><strong>Easyjet <\/strong><\/a><strong>y <\/strong><a rel=\"nofollow noopener\" target=\"_blank\" href=\"https:\/\/www.diariocordoba.com\/tags\/ryanair\/\" title=\"Ryanair\" class=\"link copy\"><strong>Ryanair<\/strong><\/a> seg\u00fan el presidente de las <strong>Agencias de Viaje de C\u00f3rdoba, <\/strong><a rel=\"nofollow noopener\" target=\"_blank\" href=\"https:\/\/www.diariocordoba.com\/tags\/antonio-cano\/\" title=\"Antonio Ca\u00f1o\" class=\"link copy\"><strong>Antonio Ca\u00f1o<\/strong><\/a>, que ha informado de que si en un a\u00f1o regular se produce un 5% de incidencias, este verano el <strong>porcentaje ha crecido hasta en un 75<\/strong>% en ambas compa\u00f1\u00edas durante los meses de julio y agosto. A las incidencias habituales relacionadas con <strong>retrasos o p\u00e9rdida de equipajes<\/strong>, se han sumado las generadas por las <strong>huelgas <\/strong>que se han sucedido durante el verano y que han mantenido en jaque a las agencias cordobesas y a los clientes que han decidido utilizar el <strong>avi\u00f3n <\/strong>como medio<strong> de transporte durante sus vacaciones.\u00a0<\/strong>\n<\/p>\n<div class=\"article-body--seo-closed\">\n<p class=\"article-body__text \">\n        La empresa <strong>Leg\u00e1litas <\/strong>ha constatado este incremento en todo el pa\u00eds. Asimismo, ha informado de que en caso de cancelaci\u00f3n de vuelo, es importante <strong>saber si la responsabilidad es del aeropuerto<\/strong> (retraso en los controles o falta de private de tierra), en cuyo caso es<strong> Aena quien debe responder<\/strong> por los da\u00f1os e indemnizar al cliente, que tiene un a\u00f1o para reclamar.\u00a0Sin embargo, si la cancelaci\u00f3n es responsabilidad de la <strong>aerol\u00ednea<\/strong>, como ocurre a causa de las huelgas, el usuario <strong>debe reclamar a la empresa aportando los justificantes de los gastos<\/strong> derivados de la cancelaci\u00f3n. Normalmente, hay 2 a\u00f1os para reclamar.\u00a0\n<\/p>\n<\/p><\/div><\/div>\n\n<p><em> &#8221; Fuentes www.diariocordoba.com &#8221; <\/em><\/p>\n","protected":false},"excerpt":{"rendered":"<p>Un avi\u00f3n de Ryanair. ARCHIVO \/ C\u00d3RDOBA Las reclamaciones por retrasos y problemas relacionados con los vuelos de las compa\u00f1\u00edas Easyjet y Ryanair seg\u00fan el presidente de las Agencias de Viaje de C\u00f3rdoba, Antonio Ca\u00f1o, que ha informado de que si en un a\u00f1o regular se produce un 5% de incidencias, este verano el porcentaje [&hellip;]<\/p>\n","protected":false},"author":4,"featured_media":381682,"comment_status":"open","ping_status":"closed","sticky":false,"template":"","format":"standard","meta":{"om_disable_all_campaigns":false,"jnews-multi-image_gallery":[],"jnews_single_post":[],"jnews_primary_category":[],"jnews_social_meta":[],"footnotes":""},"categories":[40],"tags":[9087,8753,14288,7972,740],"class_list":["post-381681","post","type-post","status-publish","format-standard","has-post-thumbnail","hentry","category-industria","tag-easyjet","tag-problemas","tag-quejas","tag-ryanair","tag-vuelos"],"_links":{"self":[{"href":"https:\/\/dimensionturistica.com\/es\/wp-json\/wp\/v2\/posts\/381681","targetHints":{"allow":["GET"]}}],"collection":[{"href":"https:\/\/dimensionturistica.com\/es\/wp-json\/wp\/v2\/posts"}],"about":[{"href":"https:\/\/dimensionturistica.com\/es\/wp-json\/wp\/v2\/types\/post"}],"author":[{"embeddable":true,"href":"https:\/\/dimensionturistica.com\/es\/wp-json\/wp\/v2\/users\/4"}],"replies":[{"embeddable":true,"href":"https:\/\/dimensionturistica.com\/es\/wp-json\/wp\/v2\/comments?post=381681"}],"version-history":[{"count":0,"href":"https:\/\/dimensionturistica.com\/es\/wp-json\/wp\/v2\/posts\/381681\/revisions"}],"wp:featuredmedia":[{"embeddable":true,"href":"https:\/\/dimensionturistica.com\/es\/wp-json\/wp\/v2\/media\/381682"}],"wp:attachment":[{"href":"https:\/\/dimensionturistica.com\/es\/wp-json\/wp\/v2\/media?parent=381681"}],"wp:term":[{"taxonomy":"category","embeddable":true,"href":"https:\/\/dimensionturistica.com\/es\/wp-json\/wp\/v2\/categories?post=381681"},{"taxonomy":"post_tag","embeddable":true,"href":"https:\/\/dimensionturistica.com\/es\/wp-json\/wp\/v2\/tags?post=381681"}],"curies":[{"name":"wp","href":"https:\/\/api.w.org\/{rel}","templated":true}]}}