{"id":381680,"date":"2022-09-05T19:28:00","date_gmt":"2022-09-05T19:28:00","guid":{"rendered":"https:\/\/dimensionturistica.com\/es\/?p=381680"},"modified":"2022-09-05T19:28:00","modified_gmt":"2022-09-05T19:28:00","slug":"turismo-noble-y-dinamico-sector-estrategico-en-la-economia-y-la-integracion-social","status":"publish","type":"post","link":"https:\/\/dimensionturistica.com\/es\/turismo-noble-y-dinamico-sector-estrategico-en-la-economia-y-la-integracion-social\/","title":{"rendered":"Turismo, noble y din\u00e1mico, sector estrat\u00e9gico en la econom\u00eda y la integraci\u00f3n social"},"content":{"rendered":"<p><img decoding=\"async\" class=\"size-medium wp-image-381687 alignleft\" src=\"https:\/\/dimensionturistica.com\/es\/wp-content\/uploads\/2022\/09\/37\ufffd-edici\ufffdn-de-ABASTUR-2-300x225.jpg\" alt=\"\" width=\"300\" height=\"225\" srcset=\"https:\/\/dimensionturistica.com\/es\/wp-content\/uploads\/2022\/09\/37\ufffd-edici\ufffdn-de-ABASTUR-2-300x225.jpg 300w, https:\/\/dimensionturistica.com\/es\/wp-content\/uploads\/2022\/09\/37\ufffd-edici\ufffdn-de-ABASTUR-2.jpg 450w\" sizes=\"(max-width: 300px) 100vw, 300px\" \/>El secretario de Turismo del Gobierno de M\u00e9xico, Miguel Torruco Marqu\u00e9s, dio a conocer que el turismo es una actividad noble y din\u00e1mica, y en ese sentido, la encomienda del presidente Andr\u00e9s Manuel L\u00f3pez Obrador, es impulsar a este sector como un instrumento de integraci\u00f3n que concilie el crecimiento econ\u00f3mico con el social, generando condiciones de bienestar para los habitantes de los centros tur\u00edsticos.<br \/>\nAl inaugurar la edici\u00f3n 37 de ABASTUR, en el Centro Citibanamex, en la Ciudad de M\u00e9xico, el titular de la Secretar\u00eda de Turismo (Sectur), destac\u00f3 que por tal motivo, se realizan una serie de acciones para fortalecer la actividad tur\u00edstica en todos los rincones del pa\u00eds, de modo que no se concentre m\u00e1s del 92.5% de los turistas internacionales en solo seis plazas tur\u00edsticas.<br \/>\nAcompa\u00f1ado de la secretaria de Turismo de la Ciudad de M\u00e9xico, Nathalie Desplas Puel, y de dirigentes empresariales del sector, indic\u00f3 que una de estas acciones, es la creaci\u00f3n de \u201cproductos ancla\u201d integrados, a fin<img decoding=\"async\" class=\"size-medium wp-image-381688 alignright\" src=\"https:\/\/dimensionturistica.com\/es\/wp-content\/uploads\/2022\/09\/37a-edicion-de-ABASTUR-1-300x192.jpg\" alt=\"\" width=\"300\" height=\"192\" srcset=\"https:\/\/dimensionturistica.com\/es\/wp-content\/uploads\/2022\/09\/37a-edicion-de-ABASTUR-1-300x192.jpg 300w, https:\/\/dimensionturistica.com\/es\/wp-content\/uploads\/2022\/09\/37a-edicion-de-ABASTUR-1.jpg 450w\" sizes=\"(max-width: 300px) 100vw, 300px\" \/> de ampliar y diversificar la oferta, as\u00ed como propiciar la configuraci\u00f3n de atractivos circuitos.<br \/>\n\u201cEs importante destacar que en esta labor trabajamos de la mano del sector privado, as\u00ed como de las autoridades estatales y municipales, con el \u00fanico prop\u00f3sito de responder a los gustos y expectativas de un turista cada vez m\u00e1s exigente e informado\u201d, declar\u00f3.<br \/>\nTorruco Marqu\u00e9s precis\u00f3 que en este sentido se cuenta con el Museo de la Hoteler\u00eda Mexicana, en el Pueblo M\u00e1gico de Orizaba, Veracruz; el Museo de Armando Manzanero en M\u00e9rida, Yucat\u00e1n; la Arena GNP Seguros, escenario del Abierto Mexicano de Tenis, en Acapulco, Guerrero; la Chinesca, en Mexicali, Baja California; el Callej\u00f3n de los<img decoding=\"async\" class=\"size-medium wp-image-381689 alignright\" src=\"https:\/\/dimensionturistica.com\/es\/wp-content\/uploads\/2022\/09\/37a-edicion-de-ABASTUR-2-300x200.jpg\" alt=\"\" width=\"300\" height=\"200\" srcset=\"https:\/\/dimensionturistica.com\/es\/wp-content\/uploads\/2022\/09\/37a-edicion-de-ABASTUR-2-300x200.jpg 300w, https:\/\/dimensionturistica.com\/es\/wp-content\/uploads\/2022\/09\/37a-edicion-de-ABASTUR-2.jpg 450w\" sizes=\"(max-width: 300px) 100vw, 300px\" \/> Beatles, en Mazatl\u00e1n, Sinaloa; entre otros; y resalt\u00f3 el proyecto integral Islas Mar\u00edas.<br \/>\n\u201cOtro aspecto a se\u00f1alar es el fortalecimiento del turismo en lugares alternativos a los grandes centros tur\u00edsticos, diversificando con ello los destinos a visitar; como lo son los 132 Pueblos M\u00e1gicos que buscan visibilizar las maravillas naturales, hist\u00f3ricas, culturales, arquitect\u00f3nicas y gastron\u00f3micas que tienen peque\u00f1as poblaciones del pa\u00eds\u201d, afirm\u00f3.<br \/>\nPara conocer las bondades de este programa, el secretario de Turismo extendi\u00f3 la invitaci\u00f3n para participar en el Tianguis de Pueblos M\u00e1gicos, que se llevar\u00e1 a cabo en la ciudad de Oaxaca, del 12 al 14 de octubre de este a\u00f1o; as\u00ed como al Tianguis Internacional de Pueblos M\u00e1gicos,<img decoding=\"async\" class=\"size-medium wp-image-381690 alignleft\" src=\"https:\/\/dimensionturistica.com\/es\/wp-content\/uploads\/2022\/09\/37a-edicion-de-ABASTUR-3-300x200.jpg\" alt=\"\" width=\"300\" height=\"200\" srcset=\"https:\/\/dimensionturistica.com\/es\/wp-content\/uploads\/2022\/09\/37a-edicion-de-ABASTUR-3-300x200.jpg 300w, https:\/\/dimensionturistica.com\/es\/wp-content\/uploads\/2022\/09\/37a-edicion-de-ABASTUR-3.jpg 450w\" sizes=\"(max-width: 300px) 100vw, 300px\" \/> que tendr\u00e1 lugar en 2023, en Los \u00c1ngeles, California; tras el \u00e9xito que tuvo la primera edici\u00f3n en Barcelona, Espa\u00f1a; contando con la participaci\u00f3n presencial de 72 Pueblos M\u00e1gicos y 75 turoperadores de 16 pa\u00edses.<br \/>\nDestac\u00f3 tambi\u00e9n la edici\u00f3n 47 del Tianguis Tur\u00edstico M\u00e9xico, la feria m\u00e1s importante del sector en Am\u00e9rica Latina, que por primera vez se realizar\u00e1 en la Ciudad de M\u00e9xico, y se llevar\u00e1 a cabo del 26 al 29 de marzo de 2023.<br \/>\n\u201cEl Centro Citibanamex, donde hoy nos reunimos, ser\u00e1 el escenario ideal para este Tianguis Tur\u00edstico, en el que esperamos la asistencia de 15 mil personas, la participaci\u00f3n de 100 naciones, alrededor de tres mil compradores y la concertaci\u00f3n de 80 mil citas de negocios, as\u00ed como una ocupaci\u00f3n de 40 mil cuartos noche de hotel y una derrama econ\u00f3mica de mil 740 millones de pesos\u201d, puntualiz\u00f3.<br \/>\nEl titular de Sectur se\u00f1al\u00f3 que como parte de la estrategia para la diversificaci\u00f3n de mercados, se han emprendido giras de trabajo a los principales pa\u00edses emisores de turistas hacia M\u00e9xico. Entre las ciudades que<img decoding=\"async\" class=\"size-medium wp-image-381692 alignright\" src=\"https:\/\/dimensionturistica.com\/es\/wp-content\/uploads\/2022\/09\/37a-edicion-de-ABASTUR-5-300x200.jpg\" alt=\"\" width=\"300\" height=\"200\" srcset=\"https:\/\/dimensionturistica.com\/es\/wp-content\/uploads\/2022\/09\/37a-edicion-de-ABASTUR-5-300x200.jpg 300w, https:\/\/dimensionturistica.com\/es\/wp-content\/uploads\/2022\/09\/37a-edicion-de-ABASTUR-5.jpg 450w\" sizes=\"(max-width: 300px) 100vw, 300px\" \/> ya se visitaron est\u00e1n Washington, Los \u00c1ngeles, Chicago y Nueva York, en Estados Unidos, y Vancouver, en Canad\u00e1; y el pr\u00f3ximo mes ser\u00e1n Toronto, Montreal y Ottawa, tambi\u00e9n en Canad\u00e1.<br \/>\nAgreg\u00f3 que se tiene previsto participar con un pabell\u00f3n en diversas ferias tur\u00edsticas, como Top Resa, en Par\u00eds, Francia, del 20 al 23 de septiembre; la Feria Internacional de Turismo, en Buenos Aires, Argentina, del 1 al 4 de octubre; IMEX, en Las Vegas, Estados Unidos, del 11 al 13 de octubre; y World Travel Market, en Londres, Inglaterra, del 7 al 9 de noviembre.<br \/>\n\u201cEn este esfuerzo de promoci\u00f3n, tambi\u00e9n difundimos la imagen de M\u00e9xico en los pa\u00edses que conforman la regi\u00f3n \u2018Mundo Maya\u2019: Belice, El Salvador, Guatemala y Honduras. De manera conjunta con estas naciones hermanas, llevamos a cabo ruedas de negocios para impulsar la comercializaci\u00f3n del producto de esta zona a nivel continental, y participar\u00e1 como producto multidestino en la 47 edici\u00f3n del Tianguis Tur\u00edstico\u201d, coment\u00f3.<br \/>\nTorruco Marqu\u00e9s enfatiz\u00f3 que Sectur trabaja en \u00e9stas y otras iniciativas que favorecen la recuperaci\u00f3n en la actividad tur\u00edstica de M\u00e9xico, que hoy en d\u00eda camina con paso ascendente, pues en el presente a\u00f1o 2022, se estima la llegada a M\u00e9xico de 42 millones 301 mil turistas internacionales, solo 6% por debajo del 2019, y una derrama econ\u00f3mica hist\u00f3rica de 26 mil 121 millones de d\u00f3lares, rebasando en 6.3% lo registrado en 2019.<br \/>\nReiter\u00f3 que esto demuestra que las pol\u00edticas implementadas por el presidente Andr\u00e9s Manuel L\u00f3pez Obrador durante la pandemia, fueron acertadas, al no restringir los vuelos internacionales, implementar los protocolos biosanitarios elaborados entre la Secretar\u00eda de Salud y Sectur, en coordinaci\u00f3n con el sector privado, y la estrategia de vacunaci\u00f3n.<br \/>\n\u201cEn esta ruta, a lo largo de 37 ediciones, Abastur ha dado muestras de estar siempre a la vanguardia en productos y servicios para nuestro sector, y estoy convencido que continuar\u00e1 por la misma ruta, contribuyendo a que el destino M\u00e9xico se consolide como potencia tur\u00edstica\u201d, afirm\u00f3 Torruco Marqu\u00e9s.<br \/>\nPor su parte, la secretaria de Turismo de la Ciudad de M\u00e9xico, Nathalie Desplas Puel, destac\u00f3 la recuperaci\u00f3n que ha mostrado el sector en la capital, no solo en la llegada de turistas, sino tambi\u00e9n en el gasto promedio. Resalt\u00f3 la importancia de trabajar para atender las necesidades de un nuevo turista m\u00e1s exigente.<br \/>\nEn su oportunidad, David Babani Morales, presidente de Asociaci\u00f3n Mexicana de Abastecedores Tur\u00edsticos (AMAIT), detall\u00f3 que la edici\u00f3n 37 de ABASTUR se lleva a cabo del 31 de agosto al 2 de septiembre, d\u00edas en los que se presentar\u00e1 lo \u00faltimo en tendencias, tecnolog\u00edas e innovaciones para la industria de hoteles, restaurantes, cafeter\u00edas y catering; con la participaci\u00f3n de 400 expositores y m\u00e1s de 10 mil compradores.<br \/>\nEn la inauguraci\u00f3n tambi\u00e9n estuvieron presentes el presidente del Comit\u00e9 Organizador de ABASTUR, Adri\u00e1n L\u00f3pez Ruiz; el presidente de la C\u00e1mara Nacional de la Industria de Restaurantes y Alimentos Condimentados (CANIRAC), Germ\u00e1n Gonz\u00e1lez Bernal; el presidente de la Asociaci\u00f3n de Hoteles de la Ciudad de M\u00e9xico, Rafael Garc\u00eda Gonz\u00e1lez; por parte de la National Restaurant Association, Bryan Casey; y la directora de Portafolio de Hospitalidad en Informa Markets Mexico; Yesenia V\u00e1zquez Monroy.<\/p>\n","protected":false},"excerpt":{"rendered":"<p>El secretario de Turismo del Gobierno de M\u00e9xico, Miguel Torruco Marqu\u00e9s, dio a conocer que el turismo es una actividad noble y din\u00e1mica, y en ese sentido, la encomienda del presidente Andr\u00e9s Manuel L\u00f3pez Obrador, es impulsar a este sector como un instrumento de integraci\u00f3n que concilie el crecimiento econ\u00f3mico con el social, generando condiciones [&hellip;]<\/p>\n","protected":false},"author":1,"featured_media":381691,"comment_status":"open","ping_status":"closed","sticky":false,"template":"","format":"standard","meta":{"om_disable_all_campaigns":false,"jnews-multi-image_gallery":[],"jnews_single_post":{"source_name":"","source_url":"","via_name":"","via_url":"","override_template":"0","override":[{"template":"1","single_blog_custom":"","parallax":"1","fullscreen":"1","layout":"right-sidebar","sidebar":"default-sidebar","second_sidebar":"default-sidebar","sticky_sidebar":"1","share_position":"top","share_float_style":"share-monocrhome","show_share_counter":"1","show_view_counter":"1","show_featured":"1","show_post_meta":"1","show_post_author":"1","show_post_author_image":"1","show_post_date":"1","post_date_format":"default","post_date_format_custom":"Y\/m\/d","show_post_category":"1","show_post_reading_time":"0","post_reading_time_wpm":"300","show_zoom_button":"0","zoom_button_out_step":"2","zoom_button_in_step":"3","show_post_tag":"1","show_prev_next_post":"1","show_popup_post":"1","number_popup_post":"1","show_author_box":"0","show_post_related":"0","show_inline_post_related":"0"}],"override_image_size":"0","image_override":[{"single_post_thumbnail_size":"crop-500","single_post_gallery_size":"crop-500"}],"trending_post":"0","trending_post_position":"meta","trending_post_label":"Trending","sponsored_post":"0","sponsored_post_label":"Sponsored by","sponsored_post_name":"","sponsored_post_url":"","sponsored_post_logo_enable":"0","sponsored_post_logo":"","sponsored_post_desc":"","disable_ad":"0"},"jnews_primary_category":{"id":""},"jnews_social_meta":{"fb_title":"","fb_description":"","fb_image":"","twitter_title":"","twitter_description":"","twitter_image":""},"footnotes":""},"categories":[43],"tags":[],"class_list":["post-381680","post","type-post","status-publish","format-standard","has-post-thumbnail","hentry","category-gourmet"],"_links":{"self":[{"href":"https:\/\/dimensionturistica.com\/es\/wp-json\/wp\/v2\/posts\/381680","targetHints":{"allow":["GET"]}}],"collection":[{"href":"https:\/\/dimensionturistica.com\/es\/wp-json\/wp\/v2\/posts"}],"about":[{"href":"https:\/\/dimensionturistica.com\/es\/wp-json\/wp\/v2\/types\/post"}],"author":[{"embeddable":true,"href":"https:\/\/dimensionturistica.com\/es\/wp-json\/wp\/v2\/users\/1"}],"replies":[{"embeddable":true,"href":"https:\/\/dimensionturistica.com\/es\/wp-json\/wp\/v2\/comments?post=381680"}],"version-history":[{"count":0,"href":"https:\/\/dimensionturistica.com\/es\/wp-json\/wp\/v2\/posts\/381680\/revisions"}],"wp:featuredmedia":[{"embeddable":true,"href":"https:\/\/dimensionturistica.com\/es\/wp-json\/wp\/v2\/media\/381691"}],"wp:attachment":[{"href":"https:\/\/dimensionturistica.com\/es\/wp-json\/wp\/v2\/media?parent=381680"}],"wp:term":[{"taxonomy":"category","embeddable":true,"href":"https:\/\/dimensionturistica.com\/es\/wp-json\/wp\/v2\/categories?post=381680"},{"taxonomy":"post_tag","embeddable":true,"href":"https:\/\/dimensionturistica.com\/es\/wp-json\/wp\/v2\/tags?post=381680"}],"curies":[{"name":"wp","href":"https:\/\/api.w.org\/{rel}","templated":true}]}}