{"id":381631,"date":"2022-09-05T17:47:16","date_gmt":"2022-09-05T17:47:16","guid":{"rendered":"https:\/\/dimensionturistica.com\/es\/?p=381631"},"modified":"2022-09-05T17:47:16","modified_gmt":"2022-09-05T17:47:16","slug":"hoteldo-nombra-a-gaston-carne-boinard-como-director-comercial-para-latinoamerica","status":"publish","type":"post","link":"https:\/\/dimensionturistica.com\/es\/hoteldo-nombra-a-gaston-carne-boinard-como-director-comercial-para-latinoamerica\/","title":{"rendered":"HotelDO nombra a Gast\u00f3n Carn\u00e9 Boinard como Director Comercial para Latinoam\u00e9rica"},"content":{"rendered":"<p><img decoding=\"async\" class=\"size-medium wp-image-381632 alignright\" src=\"https:\/\/dimensionturistica.com\/es\/wp-content\/uploads\/2022\/09\/GASTON-CARNE-250x300.jpeg\" alt=\"\" width=\"250\" height=\"300\" srcset=\"https:\/\/dimensionturistica.com\/es\/wp-content\/uploads\/2022\/09\/GASTON-CARNE-250x300.jpeg 250w, https:\/\/dimensionturistica.com\/es\/wp-content\/uploads\/2022\/09\/GASTON-CARNE-768x922.jpeg 768w, https:\/\/dimensionturistica.com\/es\/wp-content\/uploads\/2022\/09\/GASTON-CARNE-750x900.jpeg 750w, https:\/\/dimensionturistica.com\/es\/wp-content\/uploads\/2022\/09\/GASTON-CARNE.jpeg 828w\" sizes=\"(max-width: 250px) 100vw, 250px\" \/>HotelDO, la l\u00ednea de negocios B2B de Despegar, anunci\u00f3 el nombramiento de Gast\u00f3n Carn\u00e9 Boinard, como Director Comercial para la regi\u00f3n, quien liderar\u00e1 el plan de expansi\u00f3n en Latinoam\u00e9rica.<br \/>\n\u201cEstar\u00e9 dedicado a trabajar muy de cerca junto al equipo para potenciar a\u00fan m\u00e1s la propuesta de valor de la Compa\u00f1\u00eda, adem\u00e1s del desarrollo de nuevos mercados, llevando la marca al siguiente nivel. Estoy muy entusiasmado con este gran desaf\u00edo\u201d, mencion\u00f3 Gast\u00f3n Carn\u00e9 Boinard, Director Comercial de HotelDO para Latinoam\u00e9rica.<br \/>\nCarn\u00e9 Boinard es Licenciado en Comercializaci\u00f3n y Marketing Estrat\u00e9gico, con un posgrado en Direcci\u00f3n de\u00a0Empresas por la Universidad Argentina de la Empresa (UADE). Durante los \u00faltimos 10 a\u00f1os, se ha desempe\u00f1ado en cargos directivos en Despegar, luego de su paso por importantes empresas del sector de telecomunicaci\u00f3n. Cuenta con amplia experiencia en liderazgo, formaci\u00f3n y desarrollo de equipos multiculturales, as\u00ed como en desarrollo de negocios, customer experience, estrategia comercial y operaciones.<\/p>\n","protected":false},"excerpt":{"rendered":"<p>HotelDO, la l\u00ednea de negocios B2B de Despegar, anunci\u00f3 el nombramiento de Gast\u00f3n Carn\u00e9 Boinard, como Director Comercial para la regi\u00f3n, quien liderar\u00e1 el plan de expansi\u00f3n en Latinoam\u00e9rica. \u201cEstar\u00e9 dedicado a trabajar muy de cerca junto al equipo para potenciar a\u00fan m\u00e1s la propuesta de valor de la Compa\u00f1\u00eda, adem\u00e1s del desarrollo de nuevos [&hellip;]<\/p>\n","protected":false},"author":1,"featured_media":381634,"comment_status":"open","ping_status":"closed","sticky":false,"template":"","format":"standard","meta":{"om_disable_all_campaigns":false,"jnews-multi-image_gallery":[],"jnews_single_post":{"source_name":"","source_url":"","via_name":"","via_url":"","override_template":"0","override":[{"template":"1","single_blog_custom":"","parallax":"1","fullscreen":"1","layout":"right-sidebar","sidebar":"default-sidebar","second_sidebar":"default-sidebar","sticky_sidebar":"1","share_position":"top","share_float_style":"share-monocrhome","show_share_counter":"1","show_view_counter":"1","show_featured":"1","show_post_meta":"1","show_post_author":"1","show_post_author_image":"1","show_post_date":"1","post_date_format":"default","post_date_format_custom":"Y\/m\/d","show_post_category":"1","show_post_reading_time":"0","post_reading_time_wpm":"300","show_zoom_button":"0","zoom_button_out_step":"2","zoom_button_in_step":"3","show_post_tag":"1","show_prev_next_post":"1","show_popup_post":"1","number_popup_post":"1","show_author_box":"0","show_post_related":"0","show_inline_post_related":"0"}],"override_image_size":"0","image_override":[{"single_post_thumbnail_size":"crop-500","single_post_gallery_size":"crop-500"}],"trending_post":"0","trending_post_position":"meta","trending_post_label":"Trending","sponsored_post":"0","sponsored_post_label":"Sponsored by","sponsored_post_name":"","sponsored_post_url":"","sponsored_post_logo_enable":"0","sponsored_post_logo":"","sponsored_post_desc":"","disable_ad":"0"},"jnews_primary_category":{"id":""},"jnews_social_meta":{"fb_title":"","fb_description":"","fb_image":"","twitter_title":"","twitter_description":"","twitter_image":""},"footnotes":""},"categories":[40],"tags":[],"class_list":["post-381631","post","type-post","status-publish","format-standard","has-post-thumbnail","hentry","category-industria"],"_links":{"self":[{"href":"https:\/\/dimensionturistica.com\/es\/wp-json\/wp\/v2\/posts\/381631","targetHints":{"allow":["GET"]}}],"collection":[{"href":"https:\/\/dimensionturistica.com\/es\/wp-json\/wp\/v2\/posts"}],"about":[{"href":"https:\/\/dimensionturistica.com\/es\/wp-json\/wp\/v2\/types\/post"}],"author":[{"embeddable":true,"href":"https:\/\/dimensionturistica.com\/es\/wp-json\/wp\/v2\/users\/1"}],"replies":[{"embeddable":true,"href":"https:\/\/dimensionturistica.com\/es\/wp-json\/wp\/v2\/comments?post=381631"}],"version-history":[{"count":0,"href":"https:\/\/dimensionturistica.com\/es\/wp-json\/wp\/v2\/posts\/381631\/revisions"}],"wp:featuredmedia":[{"embeddable":true,"href":"https:\/\/dimensionturistica.com\/es\/wp-json\/wp\/v2\/media\/381634"}],"wp:attachment":[{"href":"https:\/\/dimensionturistica.com\/es\/wp-json\/wp\/v2\/media?parent=381631"}],"wp:term":[{"taxonomy":"category","embeddable":true,"href":"https:\/\/dimensionturistica.com\/es\/wp-json\/wp\/v2\/categories?post=381631"},{"taxonomy":"post_tag","embeddable":true,"href":"https:\/\/dimensionturistica.com\/es\/wp-json\/wp\/v2\/tags?post=381631"}],"curies":[{"name":"wp","href":"https:\/\/api.w.org\/{rel}","templated":true}]}}