{"id":381605,"date":"2022-09-05T17:39:42","date_gmt":"2022-09-05T17:39:42","guid":{"rendered":"https:\/\/dimensionturistica.com\/es\/?p=381605"},"modified":"2022-09-05T17:39:42","modified_gmt":"2022-09-05T17:39:42","slug":"gran-carrera-del-desierto-en-sonora-tendra-un-escenario-sin-precedente","status":"publish","type":"post","link":"https:\/\/dimensionturistica.com\/es\/gran-carrera-del-desierto-en-sonora-tendra-un-escenario-sin-precedente\/","title":{"rendered":"Gran Carrera del Desierto en Sonora tendr\u00e1 un escenario sin precedente:"},"content":{"rendered":"<p><img decoding=\"async\" class=\"size-medium wp-image-381623 alignright\" src=\"https:\/\/dimensionturistica.com\/es\/wp-content\/uploads\/2022\/09\/Presentacion-de-la-Gran-Carrera-del-Desierto-8-300x200.jpg\" alt=\"\" width=\"300\" height=\"200\" srcset=\"https:\/\/dimensionturistica.com\/es\/wp-content\/uploads\/2022\/09\/Presentacion-de-la-Gran-Carrera-del-Desierto-8-300x200.jpg 300w, https:\/\/dimensionturistica.com\/es\/wp-content\/uploads\/2022\/09\/Presentacion-de-la-Gran-Carrera-del-Desierto-8.jpg 450w\" sizes=\"(max-width: 300px) 100vw, 300px\" \/>El secretario de Turismo del Gobierno de M\u00e9xico, Miguel Torruco Marqu\u00e9s, y el gobernador del estado de Sonora, Alfonso Durazo Monta\u00f1o, presentaron la Gran Carrera del Desierto en Puerto Pe\u00f1asco, un evento sin precedentes en M\u00e9xico, en el que los mejores atletas de m\u00e1s de 10 nacionalidades recorrer\u00e1n un escenario \u00fanico que combina mar y desierto, que se llevar\u00e1 a cabo 22 y 23 de octubre.<br \/>\nEl titular de la Secretar\u00eda de Turismo (Sectur) refiri\u00f3 que la puesta en marcha de este nuevo atractivo tur\u00edstico es fruto del trabajo conjunto entre autoridades de los tres \u00f3rdenes de gobierno, as\u00ed como el sector privado, para la organizaci\u00f3n de eventos de talla internacional de alto impacto, y de esta forma continuar con el proceso de consolidaci\u00f3n y posicionamiento en el \u00e1mbito mundial de los destinos tur\u00edsticos en M\u00e9xico.<br \/>\nSe\u00f1al\u00f3 que la Gran Carrera del Desierto reunir\u00e1 a los mejores atletas de m\u00e1s de 10 nacionalidades, como Estados Unidos, Brasil, Argentina, Canad\u00e1, Espa\u00f1a, Francia, M\u00e9xico, por mencionar algunos, y ser\u00e1 transmitido a trav\u00e9s de diversas plataformas digitales, as\u00ed como en televisoras y noticieros de Europa y Am\u00e9rica, con lo que se contribuir\u00e1 con la promoci\u00f3n tur\u00edstica de los atractivos tur\u00edsticos del pa\u00eds.<br \/>\n\u201c\u2019La Gran Carrera del Desierto es una iniciativa que contribuye a la promoci\u00f3n de Sonora y del destino M\u00e9xico<img decoding=\"async\" class=\"size-medium wp-image-381624 alignright\" src=\"https:\/\/dimensionturistica.com\/es\/wp-content\/uploads\/2022\/09\/Presentacion-de-la-Gran-Carrera-del-Desierto-6-300x200.jpg\" alt=\"\" width=\"300\" height=\"200\" srcset=\"https:\/\/dimensionturistica.com\/es\/wp-content\/uploads\/2022\/09\/Presentacion-de-la-Gran-Carrera-del-Desierto-6-300x200.jpg 300w, https:\/\/dimensionturistica.com\/es\/wp-content\/uploads\/2022\/09\/Presentacion-de-la-Gran-Carrera-del-Desierto-6.jpg 450w\" sizes=\"(max-width: 300px) 100vw, 300px\" \/> en el mundo, y favorece la recuperaci\u00f3n de la actividad tur\u00edstica de nuestro pa\u00eds, que hoy luce fortalecida en sus diversos indicadores tur\u00edsticos, entre ellos, el empleo y la inversi\u00f3n\u201d, expuso.<br \/>\nEl secretario de Turismo asegur\u00f3 que este nuevo atractivo tur\u00edstico se suma a los ya existentes en el estado de Sonora, como la Bah\u00eda de Kino, Puerto Pe\u00f1asco, el Centro Ecol\u00f3gico de Sonora, la Zona Arqueol\u00f3gica \u201cCerro de Trincheras\u201d, y sus Pueblos M\u00e1gicos, \u00c1lamos y Magdalena de Kino.<br \/>\n\u201cCon el Gobierno de Sonora, seguiremos trabajando estrechamente para el desarrollo e integraci\u00f3n de productos tur\u00edsticos \u2018ancla\u2019, que estimulen la econom\u00eda de los municipios y del estado, y propicien la creaci\u00f3n de circuitos tur\u00edsticos regionales\u201d, declar\u00f3.<br \/>\nAfirm\u00f3 que ante la f\u00e9rrea competencia por los mercados internaciones, y la necesidad de atender a un turista cada vez m\u00e1s exigente e informado, se hace necesario mantener a M\u00e9xico a la vanguardia en materia de diversificaci\u00f3n e innovaci\u00f3n de la oferta tur\u00edstica con propuestas que brinden una experiencia \u00fanica e imborrable.<br \/>\nTorruco Marqu\u00e9s agreg\u00f3 que, aunado a la realizaci\u00f3n de esta importante carrera, este a\u00f1o se llevar\u00e1n a cabo 2<img decoding=\"async\" class=\"size-medium wp-image-381625 alignright\" src=\"https:\/\/dimensionturistica.com\/es\/wp-content\/uploads\/2022\/09\/Presentacion-de-la-Gran-Carrera-del-Desierto-5-300x213.jpg\" alt=\"\" width=\"300\" height=\"213\" srcset=\"https:\/\/dimensionturistica.com\/es\/wp-content\/uploads\/2022\/09\/Presentacion-de-la-Gran-Carrera-del-Desierto-5-300x213.jpg 300w, https:\/\/dimensionturistica.com\/es\/wp-content\/uploads\/2022\/09\/Presentacion-de-la-Gran-Carrera-del-Desierto-5-120x86.jpg 120w, https:\/\/dimensionturistica.com\/es\/wp-content\/uploads\/2022\/09\/Presentacion-de-la-Gran-Carrera-del-Desierto-5-350x250.jpg 350w, https:\/\/dimensionturistica.com\/es\/wp-content\/uploads\/2022\/09\/Presentacion-de-la-Gran-Carrera-del-Desierto-5.jpg 450w\" sizes=\"(max-width: 300px) 100vw, 300px\" \/> eventos deportivos m\u00e1s de alto impacto: la carrera Mar a Mar, del 2 al 4 de diciembre en el estado de Baja California Sur, y una competencia de paracaidismo extremo en Nayarit, los d\u00edas 17, 19 y 20 de noviembre, en Mexcaltit\u00e1n, San Blas y Nuevo Nayarit, respectivamente.<br \/>\nEnfatiz\u00f3 que con lo anterior se sigue cumpliendo la encomienda del presidente Andr\u00e9s Manuel L\u00f3pez Obrador de hacer del turismo una herramienta de reconciliaci\u00f3n social y diversificarlo en las 254 plazas de vocaci\u00f3n tur\u00edstica.<br \/>\nA\u00f1adi\u00f3 que gracias a las pol\u00edticas implementadas por el titular del Ejecutivo durante la pandemia, al no cancelar vuelos internacionales; la implementaci\u00f3n inmediata de protocolos biosanitarios dise\u00f1ados por la Secretar\u00eda de Salud y Sectur, en coordinaci\u00f3n con el sector privado; y la compra oportuna de vacunas gracias a la pol\u00edtica de austeridad republicana y no endeudamiento, el turismo en M\u00e9xico se continua recuperando con la elaboraci\u00f3n de eventos de alto impacto como La Gran Carrera del Desierto.<br \/>\n\u201cEstoy convencido que \u2018La Gran Carrera del Desierto\u2019, ser\u00e1 muy exitosa y abonar\u00e1 al crecimiento de nuestro turismo, confirmando, una vez m\u00e1s, que la comuni\u00f3n entre sector p\u00fablico y privado es la mejor f\u00f3rmula para hacer de M\u00e9xico, un destino m\u00e1s competitivo\u201d, concluy\u00f3.<img decoding=\"async\" class=\"size-medium wp-image-381627 alignleft\" src=\"https:\/\/dimensionturistica.com\/es\/wp-content\/uploads\/2022\/09\/Presentacion-de-la-Gran-Carrera-del-Desierto-3-300x214.jpg\" alt=\"\" width=\"300\" height=\"214\" srcset=\"https:\/\/dimensionturistica.com\/es\/wp-content\/uploads\/2022\/09\/Presentacion-de-la-Gran-Carrera-del-Desierto-3-300x214.jpg 300w, https:\/\/dimensionturistica.com\/es\/wp-content\/uploads\/2022\/09\/Presentacion-de-la-Gran-Carrera-del-Desierto-3-120x86.jpg 120w, https:\/\/dimensionturistica.com\/es\/wp-content\/uploads\/2022\/09\/Presentacion-de-la-Gran-Carrera-del-Desierto-3-350x250.jpg 350w, https:\/\/dimensionturistica.com\/es\/wp-content\/uploads\/2022\/09\/Presentacion-de-la-Gran-Carrera-del-Desierto-3.jpg 450w\" sizes=\"(max-width: 300px) 100vw, 300px\" \/><br \/>\nPor su parte el gobernador del estado, Alfonso Durazo Monta\u00f1o, resalt\u00f3 que el estado de Sonora cuenta con un gran atractivo, el Gran Desierto de Altar, que abarca una superficie de 715 mil hect\u00e1reas, \u00e1rea mayor a la de muchos estados de la Rep\u00fablica, y cuenta con la particularidad de conjugar la belleza del desierto con la del llamado Acuario del Mundo, el Mar de Cort\u00e9s.<br \/>\nAsever\u00f3 que desde que fue declarado gobernador electo del estado de Sonora, el trabajo conjunto y el intercambio de ideas con el titular de Sectur fue fundamental para la consolidaci\u00f3n de este nuevo atractivo tur\u00edstico.<br \/>\n\u201cSonora es un estado sumamente hospitalario, estoy seguro de que todos aquellos que vayan, se interesen y participen como corredores, observadores y turistas, van a disfrutar una extraordinaria experiencia, de ello nos haremos cargo desde el Gobierno del Estado\u201d, coment\u00f3.<br \/>\nDurante la presentaci\u00f3n se cont\u00f3 con la participaci\u00f3n de Jorge Divildox, CEO de Eventos de Grupo Expansi\u00f3n; Ernesto Rivas Butcher, director general de Sabino Producciones; Sof\u00eda Berwig, embajadora de la Gran Carrera del Desierto; y Javier Cardalla, director de Eventos de Grupo Expansi\u00f3n.<br \/>\nLa Gran Carrera del Desierto, que se llevar\u00e1 a cabo en Puerto Pe\u00f1asco, Sonora, tendr\u00e1 4 modalidades diferentes:<br \/>\nUltra Trail 75K: 75 kil\u00f3metros recorridos en dos d\u00edas, 50 kil\u00f3metros el primero y 25 kil\u00f3metros el segundo, con<img decoding=\"async\" class=\"size-medium wp-image-381628 alignright\" src=\"https:\/\/dimensionturistica.com\/es\/wp-content\/uploads\/2022\/09\/Presentacion-de-la-Gran-Carrera-del-Desierto-2-300x200.jpg\" alt=\"\" width=\"300\" height=\"200\" srcset=\"https:\/\/dimensionturistica.com\/es\/wp-content\/uploads\/2022\/09\/Presentacion-de-la-Gran-Carrera-del-Desierto-2-300x200.jpg 300w, https:\/\/dimensionturistica.com\/es\/wp-content\/uploads\/2022\/09\/Presentacion-de-la-Gran-Carrera-del-Desierto-2.jpg 450w\" sizes=\"(max-width: 300px) 100vw, 300px\" \/> una noche de acampada en la playa junto al mar.<br \/>\nDesert Run 50K: 50 kil\u00f3metros recorridos en dos d\u00edas, 25 kil\u00f3metros el d\u00eda 1, y otros 25 kil\u00f3metros el d\u00eda dos, con modalidad de dos d\u00edas con pernocta en la playa.<br \/>\nBeach &amp; Desert Run 25K: carrera de un d\u00eda de 25 kil\u00f3metros.<br \/>\nBeach Fun Run: carrera de 10 kil\u00f3metros y se realiza en un d\u00eda.<br \/>\nAs\u00ed mismo, la carrera viene acompa\u00f1ada de un minidocumental donde se presentar\u00e1 el viaje de Pablo Gil y Sof\u00eda Berwig en este reto f\u00edsico y mental, y se conocer\u00e1 m\u00e1s acerca de la historia de los Tohono O&#8217;odham y este m\u00edstico lugar que se encuentra en M\u00e9xico. Estos cap\u00edtulos estar\u00e1n disponibles en las redes de La Gran Carrera del Desierto.<\/p>\n","protected":false},"excerpt":{"rendered":"<p>El secretario de Turismo del Gobierno de M\u00e9xico, Miguel Torruco Marqu\u00e9s, y el gobernador del estado de Sonora, Alfonso Durazo Monta\u00f1o, presentaron la Gran Carrera del Desierto en Puerto Pe\u00f1asco, un evento sin precedentes en M\u00e9xico, en el que los mejores atletas de m\u00e1s de 10 nacionalidades recorrer\u00e1n un escenario \u00fanico que combina mar y [&hellip;]<\/p>\n","protected":false},"author":1,"featured_media":381626,"comment_status":"open","ping_status":"closed","sticky":false,"template":"","format":"standard","meta":{"om_disable_all_campaigns":false,"jnews-multi-image_gallery":[],"jnews_single_post":{"source_name":"","source_url":"","via_name":"","via_url":"","override_template":"0","override":[{"template":"1","single_blog_custom":"","parallax":"1","fullscreen":"1","layout":"right-sidebar","sidebar":"default-sidebar","second_sidebar":"default-sidebar","sticky_sidebar":"1","share_position":"top","share_float_style":"share-monocrhome","show_share_counter":"1","show_view_counter":"1","show_featured":"1","show_post_meta":"1","show_post_author":"1","show_post_author_image":"1","show_post_date":"1","post_date_format":"default","post_date_format_custom":"Y\/m\/d","show_post_category":"1","show_post_reading_time":"0","post_reading_time_wpm":"300","show_zoom_button":"0","zoom_button_out_step":"2","zoom_button_in_step":"3","show_post_tag":"1","show_prev_next_post":"1","show_popup_post":"1","number_popup_post":"1","show_author_box":"0","show_post_related":"0","show_inline_post_related":"0"}],"override_image_size":"0","image_override":[{"single_post_thumbnail_size":"crop-500","single_post_gallery_size":"crop-500"}],"trending_post":"0","trending_post_position":"meta","trending_post_label":"Trending","sponsored_post":"0","sponsored_post_label":"Sponsored by","sponsored_post_name":"","sponsored_post_url":"","sponsored_post_logo_enable":"0","sponsored_post_logo":"","sponsored_post_desc":"","disable_ad":"0"},"jnews_primary_category":{"id":""},"jnews_social_meta":{"fb_title":"","fb_description":"","fb_image":"","twitter_title":"","twitter_description":"","twitter_image":""},"footnotes":""},"categories":[39],"tags":[],"class_list":["post-381605","post","type-post","status-publish","format-standard","has-post-thumbnail","hentry","category-viajes"],"_links":{"self":[{"href":"https:\/\/dimensionturistica.com\/es\/wp-json\/wp\/v2\/posts\/381605","targetHints":{"allow":["GET"]}}],"collection":[{"href":"https:\/\/dimensionturistica.com\/es\/wp-json\/wp\/v2\/posts"}],"about":[{"href":"https:\/\/dimensionturistica.com\/es\/wp-json\/wp\/v2\/types\/post"}],"author":[{"embeddable":true,"href":"https:\/\/dimensionturistica.com\/es\/wp-json\/wp\/v2\/users\/1"}],"replies":[{"embeddable":true,"href":"https:\/\/dimensionturistica.com\/es\/wp-json\/wp\/v2\/comments?post=381605"}],"version-history":[{"count":0,"href":"https:\/\/dimensionturistica.com\/es\/wp-json\/wp\/v2\/posts\/381605\/revisions"}],"wp:featuredmedia":[{"embeddable":true,"href":"https:\/\/dimensionturistica.com\/es\/wp-json\/wp\/v2\/media\/381626"}],"wp:attachment":[{"href":"https:\/\/dimensionturistica.com\/es\/wp-json\/wp\/v2\/media?parent=381605"}],"wp:term":[{"taxonomy":"category","embeddable":true,"href":"https:\/\/dimensionturistica.com\/es\/wp-json\/wp\/v2\/categories?post=381605"},{"taxonomy":"post_tag","embeddable":true,"href":"https:\/\/dimensionturistica.com\/es\/wp-json\/wp\/v2\/tags?post=381605"}],"curies":[{"name":"wp","href":"https:\/\/api.w.org\/{rel}","templated":true}]}}