{"id":381564,"date":"2022-09-05T16:42:34","date_gmt":"2022-09-05T16:42:34","guid":{"rendered":"https:\/\/dimensionturistica.com\/es\/?p=381564"},"modified":"2022-09-05T16:42:34","modified_gmt":"2022-09-05T16:42:34","slug":"angeles-verdes-de-la-secretaria-de-turismo-atienden-a-mas-de-52-mil-turistas-en-el-operativo-vacacional-verano-2022","status":"publish","type":"post","link":"https:\/\/dimensionturistica.com\/es\/angeles-verdes-de-la-secretaria-de-turismo-atienden-a-mas-de-52-mil-turistas-en-el-operativo-vacacional-verano-2022\/","title":{"rendered":"\u00c1ngeles Verdes de la Secretar\u00eda de Turismo atienden a m\u00e1s de 52 mil turistas en el Operativo Vacacional Verano 2022"},"content":{"rendered":"<p>Miguel Torruco Marqu\u00e9s, inform\u00f3 que a trav\u00e9s de la Direcci\u00f3n General de Servicios al Turista \u00c1ngeles Verdes, se<img decoding=\"async\" class=\"size-medium wp-image-381567 alignright\" src=\"https:\/\/dimensionturistica.com\/es\/wp-content\/uploads\/2022\/09\/Operativo-de-verano-Angeles-Verdes-8-1-300x225.jpeg\" alt=\"\" width=\"300\" height=\"225\" srcset=\"https:\/\/dimensionturistica.com\/es\/wp-content\/uploads\/2022\/09\/Operativo-de-verano-Angeles-Verdes-8-1-300x225.jpeg 300w, https:\/\/dimensionturistica.com\/es\/wp-content\/uploads\/2022\/09\/Operativo-de-verano-Angeles-Verdes-8-1-1024x768.jpeg 1024w, https:\/\/dimensionturistica.com\/es\/wp-content\/uploads\/2022\/09\/Operativo-de-verano-Angeles-Verdes-8-1-768x576.jpeg 768w, https:\/\/dimensionturistica.com\/es\/wp-content\/uploads\/2022\/09\/Operativo-de-verano-Angeles-Verdes-8-1-1536x1153.jpeg 1536w, https:\/\/dimensionturistica.com\/es\/wp-content\/uploads\/2022\/09\/Operativo-de-verano-Angeles-Verdes-8-1-750x563.jpeg 750w, https:\/\/dimensionturistica.com\/es\/wp-content\/uploads\/2022\/09\/Operativo-de-verano-Angeles-Verdes-8-1-1140x856.jpeg 1140w, https:\/\/dimensionturistica.com\/es\/wp-content\/uploads\/2022\/09\/Operativo-de-verano-Angeles-Verdes-8-1.jpeg 1599w\" sizes=\"(max-width: 300px) 100vw, 300px\" \/> atendieron a 52 mil 675 turistas durante el periodo vacacional de verano, del viernes 29 de julio al domingo 28 de agosto.<br \/>\nEl titular de la Secretar\u00eda de Turismo (Sectur) refiri\u00f3 que se brindaron 14 mil 732 servicios, cifra superada conforme a lo proyectado por casi 2 mil servicios.<br \/>\nSe\u00f1al\u00f3 que el \u00faltimo fin de semana vacacional, del viernes 27 al domingo 28 de agosto, se atendieron mil 254 servicios, coincidiendo con el retorno de muchos viajeros a sus hogares.<br \/>\nIndic\u00f3 que el Operativo Vacacional cont\u00f3 con un despliegue superior a los 250 veh\u00edculos, 724 elementos y se recorrieron m\u00e1s de 1 mill\u00f3n de kil\u00f3metros a lo largo de 198 tramos carreteros en los que se tiene cobertura, que en su conjunto suman poco m\u00e1s de 36 mil kil\u00f3metros.<br \/>\nEl titular de Sectur puntualiz\u00f3 que los resultados en el marco de este operativo vacacional fueron: 52 mil 675 turistas atendidos, 1 mill\u00f3n 59 mil 533 kil\u00f3metros recorridos, 14 mil 732 servicios otorgados, 3 mil 862 llamadas en el n\u00famero de emergencia 078 y presencia para brindar asistencia en 50 accidentes.<img decoding=\"async\" class=\"size-medium wp-image-381568 alignright\" src=\"https:\/\/dimensionturistica.com\/es\/wp-content\/uploads\/2022\/09\/Operativo-de-verano-Angeles-Verdes-1-300x169.jpeg\" alt=\"\" width=\"300\" height=\"169\" srcset=\"https:\/\/dimensionturistica.com\/es\/wp-content\/uploads\/2022\/09\/Operativo-de-verano-Angeles-Verdes-1-300x169.jpeg 300w, https:\/\/dimensionturistica.com\/es\/wp-content\/uploads\/2022\/09\/Operativo-de-verano-Angeles-Verdes-1-1024x576.jpeg 1024w, https:\/\/dimensionturistica.com\/es\/wp-content\/uploads\/2022\/09\/Operativo-de-verano-Angeles-Verdes-1-768x432.jpeg 768w, https:\/\/dimensionturistica.com\/es\/wp-content\/uploads\/2022\/09\/Operativo-de-verano-Angeles-Verdes-1-1536x864.jpeg 1536w, https:\/\/dimensionturistica.com\/es\/wp-content\/uploads\/2022\/09\/Operativo-de-verano-Angeles-Verdes-1-750x422.jpeg 750w, https:\/\/dimensionturistica.com\/es\/wp-content\/uploads\/2022\/09\/Operativo-de-verano-Angeles-Verdes-1-1140x641.jpeg 1140w, https:\/\/dimensionturistica.com\/es\/wp-content\/uploads\/2022\/09\/Operativo-de-verano-Angeles-Verdes-1.jpeg 1599w\" sizes=\"(max-width: 300px) 100vw, 300px\" \/><br \/>\nSubray\u00f3 que los estados en los que se registr\u00f3 un mayor n\u00famero de asistencias fueron Nuevo Le\u00f3n, Coahuila y Guanajuato, adem\u00e1s de la zona conurbada del Valle de M\u00e9xico.<br \/>\nLos motivos por los cuales se solicit\u00f3 el apoyo de \u00c1ngeles Verdes fueron mayormente por fallas en el motor, problemas con los neum\u00e1ticos y frenos, as\u00ed como solicitud de informaci\u00f3n tur\u00edstica relacionada con aeropuertos, sitios de inter\u00e9s, eventos culturales y medios de transporte.<br \/>\nReiter\u00f3 que los \u00c1ngeles Verdes siempre se encuentran al servicio del turista, sin embargo, recalc\u00f3 que es importante que se genere la conciencia de tener recorridos planeados y reiter\u00f3 a todos los viajeros carreteros que es de suma importancia revisar de forma b\u00e1sica las condiciones mec\u00e1nicas de su veh\u00edculo antes de salir a su destino y al regresar a su hogar.<br \/>\nTorruco Marqu\u00e9s puntualiz\u00f3 que con estas cifras se sostiene que el turismo se recupera de forma exitosa, y<img decoding=\"async\" class=\"size-medium wp-image-381570 alignright\" src=\"https:\/\/dimensionturistica.com\/es\/wp-content\/uploads\/2022\/09\/Operativo-de-verano-Angeles-Verdes-6-300x225.jpeg\" alt=\"\" width=\"300\" height=\"225\" srcset=\"https:\/\/dimensionturistica.com\/es\/wp-content\/uploads\/2022\/09\/Operativo-de-verano-Angeles-Verdes-6-300x225.jpeg 300w, https:\/\/dimensionturistica.com\/es\/wp-content\/uploads\/2022\/09\/Operativo-de-verano-Angeles-Verdes-6-1024x768.jpeg 1024w, https:\/\/dimensionturistica.com\/es\/wp-content\/uploads\/2022\/09\/Operativo-de-verano-Angeles-Verdes-6-768x576.jpeg 768w, https:\/\/dimensionturistica.com\/es\/wp-content\/uploads\/2022\/09\/Operativo-de-verano-Angeles-Verdes-6-750x563.jpeg 750w, https:\/\/dimensionturistica.com\/es\/wp-content\/uploads\/2022\/09\/Operativo-de-verano-Angeles-Verdes-6-1140x855.jpeg 1140w, https:\/\/dimensionturistica.com\/es\/wp-content\/uploads\/2022\/09\/Operativo-de-verano-Angeles-Verdes-6.jpeg 1152w\" sizes=\"(max-width: 300px) 100vw, 300px\" \/> adem\u00e1s la atenci\u00f3n brindada por \u00c1ngeles Verdes y sus beneficios como pol\u00edtica p\u00fablica, contribuyen a la activaci\u00f3n del turismo carretero, brindando auxilio y asistencia en las principales rutas carreteras de vocaci\u00f3n tur\u00edstica que llevan a los principales destinos tur\u00edsticos del pa\u00eds.<br \/>\nAs\u00ed mismo destac\u00f3 que se ha mejorado la atenci\u00f3n y el servicio mediante el Centro de Geointeligencia \u201cAlfonso Garc\u00eda Gonz\u00e1lez\u201d, que adem\u00e1s permiti\u00f3 durante este periodo vacacional la potencializaci\u00f3n de los servicios integrales por medio del n\u00famero gratuito de marcaci\u00f3n r\u00e1pida 078 y la app \u00c1ngeles Verdes<br \/>\n\u201cLos \u00c1ngeles Verdes refrendan as\u00ed, una vez m\u00e1s, su compromiso, calidad y calidez en el servicio que han brindado a los viajeros a lo largo de casi 62 a\u00f1os, contribuyendo al desarrollo regional y estatal del pa\u00eds con la prestaci\u00f3n oportuna de servicios de informaci\u00f3n, orientaci\u00f3n, asesor\u00eda, asistencia telef\u00f3nica, mec\u00e1nica de emergencia, auxilio y apoyo\u201d, declar\u00f3.<br \/>\nLos \u00c1ngeles Verdes de la Secretaria de Turismo se encuentran en servicio en un horario de 8 a m a 8 pm los 365 d\u00edas del a\u00f1o, a disposici\u00f3n de los viajeros en el n\u00famero 078 y la aplicaci\u00f3n \u00c1ngeles Verdes, donde reciben las llamadas de auxilio y se ofrece informaci\u00f3n tur\u00edstica a los visitantes nacionales y extranjeros.<\/p>\n<p>&nbsp;<\/p>\n","protected":false},"excerpt":{"rendered":"<p>Miguel Torruco Marqu\u00e9s, inform\u00f3 que a trav\u00e9s de la Direcci\u00f3n General de Servicios al Turista \u00c1ngeles Verdes, se atendieron a 52 mil 675 turistas durante el periodo vacacional de verano, del viernes 29 de julio al domingo 28 de agosto. El titular de la Secretar\u00eda de Turismo (Sectur) refiri\u00f3 que se brindaron 14 mil 732 [&hellip;]<\/p>\n","protected":false},"author":1,"featured_media":381569,"comment_status":"open","ping_status":"closed","sticky":false,"template":"","format":"standard","meta":{"om_disable_all_campaigns":false,"jnews-multi-image_gallery":[],"jnews_single_post":{"source_name":"","source_url":"","via_name":"","via_url":"","override_template":"0","override":[{"template":"1","single_blog_custom":"","parallax":"1","fullscreen":"1","layout":"right-sidebar","sidebar":"default-sidebar","second_sidebar":"default-sidebar","sticky_sidebar":"1","share_position":"top","share_float_style":"share-monocrhome","show_share_counter":"1","show_view_counter":"1","show_featured":"1","show_post_meta":"1","show_post_author":"1","show_post_author_image":"1","show_post_date":"1","post_date_format":"default","post_date_format_custom":"Y\/m\/d","show_post_category":"1","show_post_reading_time":"0","post_reading_time_wpm":"300","show_zoom_button":"0","zoom_button_out_step":"2","zoom_button_in_step":"3","show_post_tag":"1","show_prev_next_post":"1","show_popup_post":"1","number_popup_post":"1","show_author_box":"0","show_post_related":"0","show_inline_post_related":"0"}],"override_image_size":"0","image_override":[{"single_post_thumbnail_size":"crop-500","single_post_gallery_size":"crop-500"}],"trending_post":"0","trending_post_position":"meta","trending_post_label":"Trending","sponsored_post":"0","sponsored_post_label":"Sponsored by","sponsored_post_name":"","sponsored_post_url":"","sponsored_post_logo_enable":"0","sponsored_post_logo":"","sponsored_post_desc":"","disable_ad":"0"},"jnews_primary_category":{"id":""},"jnews_social_meta":{"fb_title":"","fb_description":"","fb_image":"","twitter_title":"","twitter_description":"","twitter_image":""},"footnotes":""},"categories":[39],"tags":[],"class_list":["post-381564","post","type-post","status-publish","format-standard","has-post-thumbnail","hentry","category-viajes"],"_links":{"self":[{"href":"https:\/\/dimensionturistica.com\/es\/wp-json\/wp\/v2\/posts\/381564","targetHints":{"allow":["GET"]}}],"collection":[{"href":"https:\/\/dimensionturistica.com\/es\/wp-json\/wp\/v2\/posts"}],"about":[{"href":"https:\/\/dimensionturistica.com\/es\/wp-json\/wp\/v2\/types\/post"}],"author":[{"embeddable":true,"href":"https:\/\/dimensionturistica.com\/es\/wp-json\/wp\/v2\/users\/1"}],"replies":[{"embeddable":true,"href":"https:\/\/dimensionturistica.com\/es\/wp-json\/wp\/v2\/comments?post=381564"}],"version-history":[{"count":0,"href":"https:\/\/dimensionturistica.com\/es\/wp-json\/wp\/v2\/posts\/381564\/revisions"}],"wp:featuredmedia":[{"embeddable":true,"href":"https:\/\/dimensionturistica.com\/es\/wp-json\/wp\/v2\/media\/381569"}],"wp:attachment":[{"href":"https:\/\/dimensionturistica.com\/es\/wp-json\/wp\/v2\/media?parent=381564"}],"wp:term":[{"taxonomy":"category","embeddable":true,"href":"https:\/\/dimensionturistica.com\/es\/wp-json\/wp\/v2\/categories?post=381564"},{"taxonomy":"post_tag","embeddable":true,"href":"https:\/\/dimensionturistica.com\/es\/wp-json\/wp\/v2\/tags?post=381564"}],"curies":[{"name":"wp","href":"https:\/\/api.w.org\/{rel}","templated":true}]}}