{"id":381531,"date":"2022-09-05T16:16:33","date_gmt":"2022-09-05T16:16:33","guid":{"rendered":"https:\/\/dimensionturistica.com\/es\/?p=381531"},"modified":"2022-09-05T16:16:33","modified_gmt":"2022-09-05T16:16:33","slug":"el-gobierno-de-yucatan-agradece-a-viva-aerobus-que-eligiera-al-aeropuerto-internacional-de-merida-como-su-nueva-y-sexta-base-operativa","status":"publish","type":"post","link":"https:\/\/dimensionturistica.com\/es\/el-gobierno-de-yucatan-agradece-a-viva-aerobus-que-eligiera-al-aeropuerto-internacional-de-merida-como-su-nueva-y-sexta-base-operativa\/","title":{"rendered":"El Gobierno de Yucat\u00e1n agradece a Viva Aerobus que eligiera al Aeropuerto Internacional de M\u00e9rida como su nueva y sexta base operativa."},"content":{"rendered":"<p><img decoding=\"async\" class=\"size-medium wp-image-381541 alignright\" src=\"https:\/\/dimensionturistica.com\/es\/wp-content\/uploads\/2022\/09\/Viva-nueva-base-Merida-1-300x184.jpg\" alt=\"\" width=\"300\" height=\"184\" srcset=\"https:\/\/dimensionturistica.com\/es\/wp-content\/uploads\/2022\/09\/Viva-nueva-base-Merida-1-300x184.jpg 300w, https:\/\/dimensionturistica.com\/es\/wp-content\/uploads\/2022\/09\/Viva-nueva-base-Merida-1-1024x630.jpg 1024w, https:\/\/dimensionturistica.com\/es\/wp-content\/uploads\/2022\/09\/Viva-nueva-base-Merida-1-768x472.jpg 768w, https:\/\/dimensionturistica.com\/es\/wp-content\/uploads\/2022\/09\/Viva-nueva-base-Merida-1-750x461.jpg 750w, https:\/\/dimensionturistica.com\/es\/wp-content\/uploads\/2022\/09\/Viva-nueva-base-Merida-1-1140x701.jpg 1140w, https:\/\/dimensionturistica.com\/es\/wp-content\/uploads\/2022\/09\/Viva-nueva-base-Merida-1.jpg 1280w\" sizes=\"(max-width: 300px) 100vw, 300px\" \/>En conferencia de prensa desde la Ciudad de M\u00e9xico, el Gobernador de Yucat\u00e1n, Mauricio Vila Dosal; la titular de la Secretar\u00eda de Fomento Tur\u00edstico de Yucat\u00e1n (Sefotur), Michelle Fridman; el Director General de Viva Aerobus, Juan Carlos Zuazua; el Director de Desarrollo de Rutas y Clientes de Grupo ASUR, Leonardo Alejandro Vales Lehne, entre otras autoridades de esta dependencia estatal, celebraron que Viva Aerobus eligiera al Aeropuerto Internacional de M\u00e9rida como su nueva y sexta base operativa.<br \/>\nEl Gobernador se\u00f1al\u00f3: \u201ces tambi\u00e9n un honor estar dando estas noticias de la mano de una empresa de la talla de Viva Aerobus, que se ha consolidado como una de las aerol\u00edneas mexicanas de bajo costo m\u00e1s importantes del pa\u00eds operando m\u00e1s de 200 vuelos diarios en m\u00e1s de 130 rutas hacia destinos nacionales e internacionales.\u201d<br \/>\n\u201cEl respaldo que nos dan es una evidencia de que Yucat\u00e1n va por buen camino en materia tur\u00edstica. En este sentido, estamos muy contentos de que juntos, estemos anunciando que Viva Aerobus tendr\u00e1 su nuevo hub en nuestro Aeropuerto Internacional de M\u00e9rida\u201d, a\u00f1adi\u00f3 Vila Dosal.<br \/>\nViva Aerobus recuerda que una base operativa es un aeropuerto en donde pernoctan las aeronaves y residen sus tripulantes e ingenieros de base, por lo que la flota y el personal regresan al final del d\u00eda a su casa. As\u00ed, al ser un<img decoding=\"async\" class=\"size-medium wp-image-381542 alignright\" src=\"https:\/\/dimensionturistica.com\/es\/wp-content\/uploads\/2022\/09\/Viva-nueva-base-Merida-5-300x200.jpg\" alt=\"\" width=\"300\" height=\"200\" srcset=\"https:\/\/dimensionturistica.com\/es\/wp-content\/uploads\/2022\/09\/Viva-nueva-base-Merida-5-300x200.jpg 300w, https:\/\/dimensionturistica.com\/es\/wp-content\/uploads\/2022\/09\/Viva-nueva-base-Merida-5-1024x682.jpg 1024w, https:\/\/dimensionturistica.com\/es\/wp-content\/uploads\/2022\/09\/Viva-nueva-base-Merida-5-768x512.jpg 768w, https:\/\/dimensionturistica.com\/es\/wp-content\/uploads\/2022\/09\/Viva-nueva-base-Merida-5-750x500.jpg 750w, https:\/\/dimensionturistica.com\/es\/wp-content\/uploads\/2022\/09\/Viva-nueva-base-Merida-5-1140x760.jpg 1140w, https:\/\/dimensionturistica.com\/es\/wp-content\/uploads\/2022\/09\/Viva-nueva-base-Merida-5.jpg 1280w\" sizes=\"(max-width: 300px) 100vw, 300px\" \/> hogar para las aeronaves y, m\u00e1s importante, para las tripulaciones, es posible incrementar itinerarios de vuelo y la apertura de nuevas rutas en la regi\u00f3n. En este sentido, a partir de diciembre de 2022, una aeronave Airbus pernoctar\u00e1 en el aeropuerto meride\u00f1o, incrementando a tres aviones para el 2023. Adicionalmente, la apertura de una base operativa genera beneficios locales como lo son mayor conectividad, competitividad, empleos y oportunidades de negocio.<br \/>\nAdem\u00e1s, a ra\u00edz de este plan de crecimiento en el sureste del pa\u00eds y como parte del inicio de operaciones de esta nueva base operativa, Viva Aerobus anuncia la apertura de dos nuevas rutas: Quer\u00e9taro \u2013 M\u00e9rida y Le\u00f3n \u2013 M\u00e9rida, las cuales estar\u00e1n disponibles a partir del 16 y 18 de diciembre, respectivamente, con dos frecuencias a la semana. La aerol\u00ednea recuerda que este 23 de septiembre tambi\u00e9n comenzar\u00e1 a operar el nuevo servicio Toluca \u2013 M\u00e9rida. Asimismo, Viva contin\u00faa evaluando el lanzamiento de rutas adicionales; as\u00ed como el incremento de vuelos en los servicios que actualmente opera.<br \/>\nPor su parte, Michelle Fridman, titular de Sefotur destac\u00f3 que, \u201cesto es un parteaguas para Yucat\u00e1n y su conectividad, porque tener un centro de operaciones de una aerol\u00ednea como Viva Aerobus, supone que M\u00e9rida sea el punto de partida para distintas rutas, lo cual incrementar\u00e1 las rutas y frecuencias, adem\u00e1s de conectarnos con m\u00e1s destinos nacionales y, eventualmente, tambi\u00e9n con internacionales; por lo cual, tendremos muchos m\u00e1s veh\u00edculos de llegadas de turistas que impactar\u00e1n favorablemente en los indicadores tur\u00edsticos, econ\u00f3micos e industriales\u201d.<br \/>\nM\u00e9rida ha sido un destino clave para Viva Aerobus desde su llegada al estado en junio del 2007 con la ruta M\u00e9rida-Monterrey, creciendo su red de destinos hasta alcanzar, actualmente, siete rutas ya en operaci\u00f3n desde\/hacia M\u00e9rida y tres m\u00e1s por inaugurar. Al interior de M\u00e9xico, Viva vuela a la Ciudad de M\u00e9xico (AICM), Guadalajara, Monterrey, Tuxtla Guti\u00e9rrez, Veracruz y Villahermosa; y a nivel internacional a La Habana. Con esto, Viva se mantiene como la aerol\u00ednea con la mayor oferta en la entidad y espera operar 400 vuelos al mes, poniendo a disposici\u00f3n de los pasajeros m\u00e1s de 2 millones de asientos al a\u00f1o, como resultado de la nueva base.<br \/>\n\u201cSumar a M\u00e9rida como nuestra sexta base de operaciones, no solo nos ayudar\u00e1 a cumplir nuestras metas de<img decoding=\"async\" class=\"size-medium wp-image-381543 alignright\" src=\"https:\/\/dimensionturistica.com\/es\/wp-content\/uploads\/2022\/09\/Viva-nueva-base-Merida-3-300x200.jpg\" alt=\"\" width=\"300\" height=\"200\" srcset=\"https:\/\/dimensionturistica.com\/es\/wp-content\/uploads\/2022\/09\/Viva-nueva-base-Merida-3-300x200.jpg 300w, https:\/\/dimensionturistica.com\/es\/wp-content\/uploads\/2022\/09\/Viva-nueva-base-Merida-3-1024x682.jpg 1024w, https:\/\/dimensionturistica.com\/es\/wp-content\/uploads\/2022\/09\/Viva-nueva-base-Merida-3-768x512.jpg 768w, https:\/\/dimensionturistica.com\/es\/wp-content\/uploads\/2022\/09\/Viva-nueva-base-Merida-3-750x500.jpg 750w, https:\/\/dimensionturistica.com\/es\/wp-content\/uploads\/2022\/09\/Viva-nueva-base-Merida-3-1140x760.jpg 1140w, https:\/\/dimensionturistica.com\/es\/wp-content\/uploads\/2022\/09\/Viva-nueva-base-Merida-3.jpg 1280w\" sizes=\"(max-width: 300px) 100vw, 300px\" \/> crecimiento; tambi\u00e9n impulsar\u00e1 el turismo y el desarrollo econ\u00f3mico de la regi\u00f3n. Adem\u00e1s estaremos creando alrededor de 300 fuentes de empleo entre tripulantes, t\u00e9cnicos de mantenimiento y personal de aeropuertos. Vemos buenas oportunidades de mercado en la ciudad, en donde contamos con la confianza y preferencia de los pasajeros. En lo que va del a\u00f1o, el tr\u00e1fico desde\/hacia M\u00e9rida increment\u00f3 en un 52% en comparaci\u00f3n con enero-julio 2022, sumando m\u00e1s de 595 mil pasajeros transportados\u201d, afirm\u00f3 Juan Carlos Zuazua, Director General de Viva Aerobus. \u201cM\u00e9rida es la nueva casa de Viva\u201d, a\u00f1adi\u00f3.<br \/>\nPor su parte, Leonardo Alejandro Vales de ASUR, resalt\u00f3 que el tr\u00e1fico de pasajeros en este grupo aeroportuario contin\u00faa en crecimiento por lo que, el anuncio de Viva Aerobus, suma al panorama alentador que actualmente se registra. \u201cEl grupo Aeroportuario del Sureste ha tenido muy buenos resultados y un gran crecimiento en los \u00faltimos meses. En ese sentido, la elecci\u00f3n de M\u00e9rida como nueva base operativa, no solo habla de la confianza que tiene Viva en la regi\u00f3n, sino que adem\u00e1s implicar\u00e1 un gran impulso para continuar con la sinergia entre el sector a\u00e9reo y tur\u00edstico del sur del pa\u00eds, cuyos resultados se traducir\u00e1n en mayor conectividad, inversiones y especialmente, en la recuperaci\u00f3n del sector aeroportuario\u201d.<br \/>\nResultado de esta decisi\u00f3n estrat\u00e9gica, la aerol\u00ednea ya cuenta con seis bases operativas ubicadas en Canc\u00fan, Ciudad de M\u00e9xico, Guadalajara, Monterrey, Tijuana y, ahora, M\u00e9rida. Lo anterior beneficia a los pasajeros, quienes encontrar\u00e1n una forma conveniente y sin escalas de volar hacia diversos puntos de la Rep\u00fablica mexicana, a la par de beneficiar a la gran familia Viva como son pilotos y tripulaciones que, al final del d\u00eda, podr\u00e1n regresar a casa.<\/p>\n","protected":false},"excerpt":{"rendered":"<p>En conferencia de prensa desde la Ciudad de M\u00e9xico, el Gobernador de Yucat\u00e1n, Mauricio Vila Dosal; la titular de la Secretar\u00eda de Fomento Tur\u00edstico de Yucat\u00e1n (Sefotur), Michelle Fridman; el Director General de Viva Aerobus, Juan Carlos Zuazua; el Director de Desarrollo de Rutas y Clientes de Grupo ASUR, Leonardo Alejandro Vales Lehne, entre otras [&hellip;]<\/p>\n","protected":false},"author":1,"featured_media":381545,"comment_status":"open","ping_status":"closed","sticky":false,"template":"","format":"standard","meta":{"om_disable_all_campaigns":false,"jnews-multi-image_gallery":[],"jnews_single_post":{"source_name":"","source_url":"","via_name":"","via_url":"","override_template":"0","override":[{"template":"1","single_blog_custom":"","parallax":"1","fullscreen":"1","layout":"right-sidebar","sidebar":"default-sidebar","second_sidebar":"default-sidebar","sticky_sidebar":"1","share_position":"top","share_float_style":"share-monocrhome","show_share_counter":"1","show_view_counter":"1","show_featured":"1","show_post_meta":"1","show_post_author":"1","show_post_author_image":"1","show_post_date":"1","post_date_format":"default","post_date_format_custom":"Y\/m\/d","show_post_category":"1","show_post_reading_time":"0","post_reading_time_wpm":"300","show_zoom_button":"0","zoom_button_out_step":"2","zoom_button_in_step":"3","show_post_tag":"1","show_prev_next_post":"1","show_popup_post":"1","number_popup_post":"1","show_author_box":"0","show_post_related":"0","show_inline_post_related":"0"}],"override_image_size":"0","image_override":[{"single_post_thumbnail_size":"crop-500","single_post_gallery_size":"crop-500"}],"trending_post":"0","trending_post_position":"meta","trending_post_label":"Trending","sponsored_post":"0","sponsored_post_label":"Sponsored by","sponsored_post_name":"","sponsored_post_url":"","sponsored_post_logo_enable":"0","sponsored_post_logo":"","sponsored_post_desc":"","disable_ad":"0"},"jnews_primary_category":{"id":""},"jnews_social_meta":{"fb_title":"","fb_description":"","fb_image":"","twitter_title":"","twitter_description":"","twitter_image":""},"footnotes":""},"categories":[39],"tags":[],"class_list":["post-381531","post","type-post","status-publish","format-standard","has-post-thumbnail","hentry","category-viajes"],"_links":{"self":[{"href":"https:\/\/dimensionturistica.com\/es\/wp-json\/wp\/v2\/posts\/381531","targetHints":{"allow":["GET"]}}],"collection":[{"href":"https:\/\/dimensionturistica.com\/es\/wp-json\/wp\/v2\/posts"}],"about":[{"href":"https:\/\/dimensionturistica.com\/es\/wp-json\/wp\/v2\/types\/post"}],"author":[{"embeddable":true,"href":"https:\/\/dimensionturistica.com\/es\/wp-json\/wp\/v2\/users\/1"}],"replies":[{"embeddable":true,"href":"https:\/\/dimensionturistica.com\/es\/wp-json\/wp\/v2\/comments?post=381531"}],"version-history":[{"count":0,"href":"https:\/\/dimensionturistica.com\/es\/wp-json\/wp\/v2\/posts\/381531\/revisions"}],"wp:featuredmedia":[{"embeddable":true,"href":"https:\/\/dimensionturistica.com\/es\/wp-json\/wp\/v2\/media\/381545"}],"wp:attachment":[{"href":"https:\/\/dimensionturistica.com\/es\/wp-json\/wp\/v2\/media?parent=381531"}],"wp:term":[{"taxonomy":"category","embeddable":true,"href":"https:\/\/dimensionturistica.com\/es\/wp-json\/wp\/v2\/categories?post=381531"},{"taxonomy":"post_tag","embeddable":true,"href":"https:\/\/dimensionturistica.com\/es\/wp-json\/wp\/v2\/tags?post=381531"}],"curies":[{"name":"wp","href":"https:\/\/api.w.org\/{rel}","templated":true}]}}