{"id":381471,"date":"2022-09-05T15:42:29","date_gmt":"2022-09-05T15:42:29","guid":{"rendered":"https:\/\/dimensionturistica.com\/es\/?p=381471"},"modified":"2022-09-05T15:42:29","modified_gmt":"2022-09-05T15:42:29","slug":"colocan-la-primera-piedra-del-del-nuevo-aeropuerto-de-puerto-vallarta-la-primera-terminal-en-latinoamerica-encaminada-a-ser-net-zero","status":"publish","type":"post","link":"https:\/\/dimensionturistica.com\/es\/colocan-la-primera-piedra-del-del-nuevo-aeropuerto-de-puerto-vallarta-la-primera-terminal-en-latinoamerica-encaminada-a-ser-net-zero\/","title":{"rendered":"Colocan la primera piedra del del nuevo aeropuerto de Puerto Vallarta, la primera terminal en Latinoam\u00e9rica encaminada a ser NET ZERO"},"content":{"rendered":"<p>Inicia formalmente la construcci\u00f3n del Nuevo Edificio Terminal (NET) del Aeropuerto Internacional de Puerto Vallarta. Ser\u00e1 el primero en Latinoam\u00e9rica que cuente con los est\u00e1ndares para certificarse como NET Zero, es decir, encaminado a reducir a cero las emisiones de carbono.<br \/>\nEl evento de banderazo de salida se realiz\u00f3 hoy lunes 29 de agosto en las instalaciones del Aeropuerto y tuvo la asistencia de 130 personas. El pres\u00eddium estuvo conformado por Enrique Alfaro Ram\u00edrez, gobernador del Estado de Jalisco; Fernando Santiago Dur\u00e1n becerra, Secretario de Desarrollo Sustentable del Estado de Nayarit, en\u00a0representaci\u00f3n del gobernador de la entidad; as\u00ed como Laura Diez Barroso Azc\u00e1rraga, Presidenta del Grupo Aeroportuario del Pac\u00edfico (GAP); Ra\u00fal Revuelta Musalem, Director General de la misma instituci\u00f3n; Maricruz Hern\u00e1ndez Garc\u00eda, Directora de Aeropuertos de la Agencia Federal de Aviaci\u00f3n Civil; Luis Alberto Michel<img decoding=\"async\" class=\" wp-image-381503 alignright\" src=\"https:\/\/dimensionturistica.com\/es\/wp-content\/uploads\/2022\/09\/PIEDRASPRIMERA-300x224.jpg\" alt=\"\" width=\"455\" height=\"340\" srcset=\"https:\/\/dimensionturistica.com\/es\/wp-content\/uploads\/2022\/09\/PIEDRASPRIMERA-300x224.jpg 300w, https:\/\/dimensionturistica.com\/es\/wp-content\/uploads\/2022\/09\/PIEDRASPRIMERA.jpg 709w\" sizes=\"(max-width: 455px) 100vw, 455px\" \/> Rodr\u00edguez, Presidente Municipal de Puerto Vallarta; y Mirtha Iliana Villalvazo Amaya, Presidenta Municipal de Bah\u00eda de Banderas, as\u00ed como del arquitecto encargado del proyecto, Benjam\u00edn Romano, director del despacho LBR&amp;A<br \/>\nActualmente, del Aeropuerto Internacional de Puerto Vallarta parten 13 rutas nacionales y 40 internacionales que son muestra de un crecimiento constante en la conexi\u00f3n.<br \/>\n\u201cEste destino tur\u00edstico ha salido fortalecido de la crisis y con grandes perspectivas de crecimiento.<br \/>\nMuestra de ello durante este verano se recibieron m\u00e1s pasajeros que antes de la pandemia, tan solo durante el mes de julio de 2022 se atendieron alrededor de 560 mil usuarios lo que representa un crecimiento de 40% respecto al 2019\u201d, comparti\u00f3 Laura Diez Barroso, presidenta de GAP.<br \/>\nLa inversi\u00f3n destinada al Plan Puerto Vallarta 2020-2024 es de 7,000 MDP y representar\u00e1 una mejora en los espacios del Aeropuerto, en especial para los filtros de seguridad que aumentar\u00e1n su capacidad un 125%, as\u00ed como los puntos de inspecci\u00f3n de equipaje documentado, que se duplicar\u00e1n.<br \/>\nPor su parte, el director general de GAP, Ra\u00fal Revuelta Musalem, agreg\u00f3: \u201cEl Grupo Aeroportuario del Pac\u00edfico est\u00e1 comprometido con brindar la mejor experiencia de viaje al pasajero, para ello incrementaremos los espacios. La terminal 2 tendr\u00e1 una superficie de m\u00e1s de 62,000 metros cuadrados, lo que representa un crecimiento del 150% en la capacidad de los edificios. Asimismo, se triplicar\u00e1 el espacio de las vialidades y se ampliar\u00e1 el n\u00famero de cajones de estacionamiento\u201d.<br \/>\n@aeropuertosgap<br \/>\n\u201cPara LBR&amp;A, el dise\u00f1o de la terminal de este aeropuerto represent\u00f3 un gran reto, pero sobre todo la oportunidad de innovar e implementar soluciones \u00fanicas que responden al entorno y a las necesidades energ\u00e9ticas de un proyecto de esta magnitud. Estamos muy orgullosos de dejar nuestra firma a trav\u00e9s de elementos como las ic\u00f3nicas matatenas, que mantendr\u00e1n la estabilidad de la terminal, o bien, el uso de las pilas geot\u00e9rmicas y paneles solares para contar con una terminal sustentable, con importantes ahorros en agua y energ\u00eda, pero sobre todo, contar con una entrada a Puerto Vallarta que trasciende y contribuye a posicionar este destino como ning\u00fan otro\u201d, declar\u00f3 el arquitecto Benjam\u00edn Romano, fundador y director de LBR&amp;A, despacho a cargo del dise\u00f1o del proyecto.<br \/>\nLas mejoras tambi\u00e9n tendr\u00e1n un impacto positivo para la zona comercial que crecer\u00e1 un 71%, alcanzando<br \/>\nuna superficie de 221,166 metros cuadrados.<br \/>\nPodr\u00e1 consultar m\u00e1s informaci\u00f3n en nuestras redes sociales oficiales<br \/>\nen Facebook, Twitter o LinkedIn: @AeropuertosGAP<\/p>\n","protected":false},"excerpt":{"rendered":"<p>Inicia formalmente la construcci\u00f3n del Nuevo Edificio Terminal (NET) del Aeropuerto Internacional de Puerto Vallarta. Ser\u00e1 el primero en Latinoam\u00e9rica que cuente con los est\u00e1ndares para certificarse como NET Zero, es decir, encaminado a reducir a cero las emisiones de carbono. El evento de banderazo de salida se realiz\u00f3 hoy lunes 29 de agosto en [&hellip;]<\/p>\n","protected":false},"author":1,"featured_media":381502,"comment_status":"open","ping_status":"closed","sticky":false,"template":"","format":"standard","meta":{"om_disable_all_campaigns":false,"jnews-multi-image_gallery":[],"jnews_single_post":{"source_name":"","source_url":"","via_name":"","via_url":"","override_template":"0","override":[{"template":"1","single_blog_custom":"","parallax":"1","fullscreen":"1","layout":"right-sidebar","sidebar":"default-sidebar","second_sidebar":"default-sidebar","sticky_sidebar":"1","share_position":"top","share_float_style":"share-monocrhome","show_share_counter":"1","show_view_counter":"1","show_featured":"1","show_post_meta":"1","show_post_author":"1","show_post_author_image":"1","show_post_date":"1","post_date_format":"default","post_date_format_custom":"Y\/m\/d","show_post_category":"1","show_post_reading_time":"0","post_reading_time_wpm":"300","show_zoom_button":"0","zoom_button_out_step":"2","zoom_button_in_step":"3","show_post_tag":"1","show_prev_next_post":"1","show_popup_post":"1","number_popup_post":"1","show_author_box":"0","show_post_related":"0","show_inline_post_related":"0"}],"override_image_size":"0","image_override":[{"single_post_thumbnail_size":"crop-500","single_post_gallery_size":"crop-500"}],"trending_post":"0","trending_post_position":"meta","trending_post_label":"Trending","sponsored_post":"0","sponsored_post_label":"Sponsored by","sponsored_post_name":"","sponsored_post_url":"","sponsored_post_logo_enable":"0","sponsored_post_logo":"","sponsored_post_desc":"","disable_ad":"0"},"jnews_primary_category":{"id":""},"jnews_social_meta":{"fb_title":"","fb_description":"","fb_image":"","twitter_title":"","twitter_description":"","twitter_image":""},"footnotes":""},"categories":[40],"tags":[],"class_list":["post-381471","post","type-post","status-publish","format-standard","has-post-thumbnail","hentry","category-industria"],"_links":{"self":[{"href":"https:\/\/dimensionturistica.com\/es\/wp-json\/wp\/v2\/posts\/381471","targetHints":{"allow":["GET"]}}],"collection":[{"href":"https:\/\/dimensionturistica.com\/es\/wp-json\/wp\/v2\/posts"}],"about":[{"href":"https:\/\/dimensionturistica.com\/es\/wp-json\/wp\/v2\/types\/post"}],"author":[{"embeddable":true,"href":"https:\/\/dimensionturistica.com\/es\/wp-json\/wp\/v2\/users\/1"}],"replies":[{"embeddable":true,"href":"https:\/\/dimensionturistica.com\/es\/wp-json\/wp\/v2\/comments?post=381471"}],"version-history":[{"count":0,"href":"https:\/\/dimensionturistica.com\/es\/wp-json\/wp\/v2\/posts\/381471\/revisions"}],"wp:featuredmedia":[{"embeddable":true,"href":"https:\/\/dimensionturistica.com\/es\/wp-json\/wp\/v2\/media\/381502"}],"wp:attachment":[{"href":"https:\/\/dimensionturistica.com\/es\/wp-json\/wp\/v2\/media?parent=381471"}],"wp:term":[{"taxonomy":"category","embeddable":true,"href":"https:\/\/dimensionturistica.com\/es\/wp-json\/wp\/v2\/categories?post=381471"},{"taxonomy":"post_tag","embeddable":true,"href":"https:\/\/dimensionturistica.com\/es\/wp-json\/wp\/v2\/tags?post=381471"}],"curies":[{"name":"wp","href":"https:\/\/api.w.org\/{rel}","templated":true}]}}