{"id":381404,"date":"2022-09-05T13:43:04","date_gmt":"2022-09-05T13:43:04","guid":{"rendered":"https:\/\/dimensionturistica.com\/es\/?p=381404"},"modified":"2022-09-05T13:43:04","modified_gmt":"2022-09-05T13:43:04","slug":"se-llevan-name-y-zapata-el-rally-de-oaxaca-y-consolidan-su-liderazgo-en-el-g1-dentro-del-campeonato-mexicano-de-rallies","status":"publish","type":"post","link":"https:\/\/dimensionturistica.com\/es\/se-llevan-name-y-zapata-el-rally-de-oaxaca-y-consolidan-su-liderazgo-en-el-g1-dentro-del-campeonato-mexicano-de-rallies\/","title":{"rendered":"Se llevan Name y Zapata el rally de Oaxaca y consolidan su liderazgo en el G1 dentro del Campeonato Mexicano de Rallies."},"content":{"rendered":"<p><img decoding=\"async\" class=\"size-medium wp-image-381414 alignright\" src=\"https:\/\/dimensionturistica.com\/es\/wp-content\/uploads\/2022\/09\/El-Subaru-WRX-en-Oaxaca-300x199.jpg\" alt=\"\" width=\"300\" height=\"199\" srcset=\"https:\/\/dimensionturistica.com\/es\/wp-content\/uploads\/2022\/09\/El-Subaru-WRX-en-Oaxaca-300x199.jpg 300w, https:\/\/dimensionturistica.com\/es\/wp-content\/uploads\/2022\/09\/El-Subaru-WRX-en-Oaxaca-1024x681.jpg 1024w, https:\/\/dimensionturistica.com\/es\/wp-content\/uploads\/2022\/09\/El-Subaru-WRX-en-Oaxaca-768x511.jpg 768w, https:\/\/dimensionturistica.com\/es\/wp-content\/uploads\/2022\/09\/El-Subaru-WRX-en-Oaxaca-750x499.jpg 750w, https:\/\/dimensionturistica.com\/es\/wp-content\/uploads\/2022\/09\/El-Subaru-WRX-en-Oaxaca-1140x758.jpg 1140w, https:\/\/dimensionturistica.com\/es\/wp-content\/uploads\/2022\/09\/El-Subaru-WRX-en-Oaxaca.jpg 1280w\" sizes=\"(max-width: 300px) 100vw, 300px\" \/>Pancho Name y su copiloto Armando Zapata repitieron la extraordinaria actuaci\u00f3n que han tenido en otras ediciones del Rally Sierra de Ju\u00e1rez en Oaxaca y ganaron en la categor\u00eda G1 para incrementar su ventaja en el mismo y amarrar el tercer lugar de la clase general dentro del Campeonato Mexicano de Rallies.<br \/>\nCon este resultado y a falta de dos rallies en el campeonato nacional, Name y Zapata se acercan a su objetivo en el Grupo 1 y disputar\u00e1n la clase general en un a\u00f1o en el que el equipo ha mantenido un desempe\u00f1o muy parejo que lo tiene entre los<br \/>\nmejores. <img decoding=\"async\" class=\"size-medium wp-image-381413 alignright\" src=\"https:\/\/dimensionturistica.com\/es\/wp-content\/uploads\/2022\/09\/Auto-de-Pancho-Name-y-Armando-Zapata-en-salida-Rally-Oaxaca--169x300.jpg\" alt=\"\" width=\"169\" height=\"300\" srcset=\"https:\/\/dimensionturistica.com\/es\/wp-content\/uploads\/2022\/09\/Auto-de-Pancho-Name-y-Armando-Zapata-en-salida-Rally-Oaxaca--169x300.jpg 169w, https:\/\/dimensionturistica.com\/es\/wp-content\/uploads\/2022\/09\/Auto-de-Pancho-Name-y-Armando-Zapata-en-salida-Rally-Oaxaca--576x1024.jpg 576w, https:\/\/dimensionturistica.com\/es\/wp-content\/uploads\/2022\/09\/Auto-de-Pancho-Name-y-Armando-Zapata-en-salida-Rally-Oaxaca-.jpg 720w\" sizes=\"(max-width: 169px) 100vw, 169px\" \/><br \/>\n\u201cRealmente fue una competencia en la que nos sentimos muy contentos con el auto.<br \/>\nSe ha ido sintiendo la evoluci\u00f3n de nuestro\u00a0Subaru WRX STI #33 del Qu\u00e1litas Subaru Rally Team, un desarrollo que fecha a fecha se hace patente\u201d, manifest\u00f3 Pancho Name.<br \/>\nExplic\u00f3 que fue un rally, como se esperaba, extremadamente demandante para los neum\u00e1ticos, debido al abrasivo asfalto oaxaque\u00f1o, por lo que hab\u00eda que hacer recorridos con alta precisi\u00f3n y una adecuada mezcla se velocidad y cuidado de no degradar en exceso las llantas.<br \/>\nPiloto y copiloto del Qualitas Subaru Rally Team coincidieron en afirmar que las bajadas de alrededor de 20 kil\u00f3metro fueron de cuidado extremo, con el prop\u00f3sito <img decoding=\"async\" class=\"size-medium wp-image-381411 alignleft\" src=\"https:\/\/dimensionturistica.com\/es\/wp-content\/uploads\/2022\/09\/Pancho-Name-y-Armando-Zapata-podium-en-Oaxaca-300x199.jpg\" alt=\"\" width=\"300\" height=\"199\" srcset=\"https:\/\/dimensionturistica.com\/es\/wp-content\/uploads\/2022\/09\/Pancho-Name-y-Armando-Zapata-podium-en-Oaxaca-300x199.jpg 300w, https:\/\/dimensionturistica.com\/es\/wp-content\/uploads\/2022\/09\/Pancho-Name-y-Armando-Zapata-podium-en-Oaxaca-1024x681.jpg 1024w, https:\/\/dimensionturistica.com\/es\/wp-content\/uploads\/2022\/09\/Pancho-Name-y-Armando-Zapata-podium-en-Oaxaca-768x511.jpg 768w, https:\/\/dimensionturistica.com\/es\/wp-content\/uploads\/2022\/09\/Pancho-Name-y-Armando-Zapata-podium-en-Oaxaca-750x499.jpg 750w, https:\/\/dimensionturistica.com\/es\/wp-content\/uploads\/2022\/09\/Pancho-Name-y-Armando-Zapata-podium-en-Oaxaca-1140x758.jpg 1140w, https:\/\/dimensionturistica.com\/es\/wp-content\/uploads\/2022\/09\/Pancho-Name-y-Armando-Zapata-podium-en-Oaxaca.jpg 1280w\" sizes=\"(max-width: 300px) 100vw, 300px\" \/>de mantener el desempe\u00f1o de sus neum\u00e1ticos y llegar con los tiempos que les permitieron ganar el G1.<br \/>\nDe esta manera el Qualitas Subaru Rally Team pone su mira en Morelia para que en la \u00faltima semana de septiembre tenga un buen desempe\u00f1o con el Subaru WRX en la edici\u00f3n n\u00famero 43 del Rally Patrio.<br \/>\nPancho Name y Armando Zapata agradecieron a su equipo de patrocinadores el apoyo y compromiso: Qu\u00e1litas, \u00a0Subaru, Motul, K\u00e4rcher, Sectur Guanajuato, Tv 4 Guanajuato, \u00a0K1speed, Hard Rock Hoteles, Lock, GoPro, Telcel \/ infinitum, JA art\u00edculos, View Sports, \u00a0Can-am,<br \/>\nClink Capital, Extreme Toys, Naim Carbon, Effekten, Cart Collection.<br \/>\nSigue a nuestros pilotos en:<br \/>\n@panchoname<br \/>\n@zapatarmando<\/p>\n","protected":false},"excerpt":{"rendered":"<p>Pancho Name y su copiloto Armando Zapata repitieron la extraordinaria actuaci\u00f3n que han tenido en otras ediciones del Rally Sierra de Ju\u00e1rez en Oaxaca y ganaron en la categor\u00eda G1 para incrementar su ventaja en el mismo y amarrar el tercer lugar de la clase general dentro del Campeonato Mexicano de Rallies. Con este resultado [&hellip;]<\/p>\n","protected":false},"author":1,"featured_media":381412,"comment_status":"open","ping_status":"closed","sticky":false,"template":"","format":"standard","meta":{"om_disable_all_campaigns":false,"jnews-multi-image_gallery":[],"jnews_single_post":{"source_name":"","source_url":"","via_name":"","via_url":"","override_template":"0","override":[{"template":"1","single_blog_custom":"","parallax":"1","fullscreen":"1","layout":"right-sidebar","sidebar":"default-sidebar","second_sidebar":"default-sidebar","sticky_sidebar":"1","share_position":"top","share_float_style":"share-monocrhome","show_share_counter":"1","show_view_counter":"1","show_featured":"1","show_post_meta":"1","show_post_author":"1","show_post_author_image":"1","show_post_date":"1","post_date_format":"default","post_date_format_custom":"Y\/m\/d","show_post_category":"1","show_post_reading_time":"0","post_reading_time_wpm":"300","show_zoom_button":"0","zoom_button_out_step":"2","zoom_button_in_step":"3","show_post_tag":"1","show_prev_next_post":"1","show_popup_post":"1","number_popup_post":"1","show_author_box":"0","show_post_related":"0","show_inline_post_related":"0"}],"override_image_size":"0","image_override":[{"single_post_thumbnail_size":"crop-500","single_post_gallery_size":"crop-500"}],"trending_post":"0","trending_post_position":"meta","trending_post_label":"Trending","sponsored_post":"0","sponsored_post_label":"Sponsored by","sponsored_post_name":"","sponsored_post_url":"","sponsored_post_logo_enable":"0","sponsored_post_logo":"","sponsored_post_desc":"","disable_ad":"0"},"jnews_primary_category":{"id":""},"jnews_social_meta":{"fb_title":"","fb_description":"","fb_image":"","twitter_title":"","twitter_description":"","twitter_image":""},"footnotes":""},"categories":[40],"tags":[],"class_list":["post-381404","post","type-post","status-publish","format-standard","has-post-thumbnail","hentry","category-industria"],"_links":{"self":[{"href":"https:\/\/dimensionturistica.com\/es\/wp-json\/wp\/v2\/posts\/381404","targetHints":{"allow":["GET"]}}],"collection":[{"href":"https:\/\/dimensionturistica.com\/es\/wp-json\/wp\/v2\/posts"}],"about":[{"href":"https:\/\/dimensionturistica.com\/es\/wp-json\/wp\/v2\/types\/post"}],"author":[{"embeddable":true,"href":"https:\/\/dimensionturistica.com\/es\/wp-json\/wp\/v2\/users\/1"}],"replies":[{"embeddable":true,"href":"https:\/\/dimensionturistica.com\/es\/wp-json\/wp\/v2\/comments?post=381404"}],"version-history":[{"count":0,"href":"https:\/\/dimensionturistica.com\/es\/wp-json\/wp\/v2\/posts\/381404\/revisions"}],"wp:featuredmedia":[{"embeddable":true,"href":"https:\/\/dimensionturistica.com\/es\/wp-json\/wp\/v2\/media\/381412"}],"wp:attachment":[{"href":"https:\/\/dimensionturistica.com\/es\/wp-json\/wp\/v2\/media?parent=381404"}],"wp:term":[{"taxonomy":"category","embeddable":true,"href":"https:\/\/dimensionturistica.com\/es\/wp-json\/wp\/v2\/categories?post=381404"},{"taxonomy":"post_tag","embeddable":true,"href":"https:\/\/dimensionturistica.com\/es\/wp-json\/wp\/v2\/tags?post=381404"}],"curies":[{"name":"wp","href":"https:\/\/api.w.org\/{rel}","templated":true}]}}