{"id":381232,"date":"2022-09-05T06:45:31","date_gmt":"2022-09-05T06:45:31","guid":{"rendered":"https:\/\/dimensionturistica.com\/es\/?p=381232"},"modified":"2022-09-05T06:45:32","modified_gmt":"2022-09-05T06:45:32","slug":"esta-maleta-para-cabina-de-hasta-90-litros-es-de","status":"publish","type":"post","link":"https:\/\/dimensionturistica.com\/es\/esta-maleta-para-cabina-de-hasta-90-litros-es-de\/","title":{"rendered":"esta maleta para cabina de hasta 90 litros es de&#8230;"},"content":{"rendered":"<p> <br \/>\n<\/p>\n<div>\n<p>Se acabaron las excusas para no\u00a0<strong>viajar<\/strong>. Ni falta de espacio para llevar tu equipaje, ni dificultad para transportarlo, ni siquiera el pago de un coste adicional por a\u00f1adir bultos a tu billete.\u00a0<strong>Lidl<\/strong>\u00a0ha querido ponerle punto y remaining a esos problemas incorporando a su\u00a0<strong>cat\u00e1logo de productos<\/strong>\u00a0esta\u00a0<strong>maleta de cabina<\/strong>\u00a0en la que podr\u00e1s meter todo lo que necesitas para un viaje corto y que podr\u00e1s adquirir de manera on-line, a trav\u00e9s de su p\u00e1gina internet, y recibirlo en\u00a0<strong>Jerez de la Frontera<\/strong>\u00a0o en cualquier otra parte de\u00a0<strong>Espa\u00f1a<\/strong>.<\/p>\n<p>Uno de los aspectos importantes a la hora de viajar es contar con las maletas adecuadas para transportar todo el equipaje que necesitas, teniendo en cuenta las condiciones del viaje que vas a realizar, tales como el destino, el tiempo y la tem\u00e1tica de los planes. Para ello, <a rel=\"nofollow noopener\" target=\"_blank\" href=\"https:\/\/www.elmira.es\/tags\/lidl\">Lidl<\/a> cuenta con una serie de productos de este tipo y los pone a disposici\u00f3n de sus\u00a0<strong>clientes<\/strong>\u00a0para que puedan escoger lo que mejor se adapte a sus necesidades.<\/p>\n<figure class=\"image ckeditor-image\" style=\"max-width: 100%; width: 1171px;\"><img loading=\"lazy\" decoding=\"async\" width=\"1171\" height=\"944\" alt=\"Maleta trolley de cabina 90 L\" src=\"https:\/\/www.elmira.es\/media\/elmira\/images\/2022\/09\/01\/2022090112023929573.jpg\" class=\"lazyload\" srcset=\"https:\/\/www.elmira.eshttps:\/\/www.elmira.eshttps:\/\/www.elmira.eshttps:\/\/www.elmira.es\/asset\/thumbnail,https:\/\/www.elmira.es\/480,https:\/\/www.elmira.es\/270,https:\/\/www.elmira.es\/https:\/\/www.elmira.es\/https:\/\/www.elmira.es\/https:\/\/www.elmira.es\/center,https:\/\/www.elmira.es\/https:\/\/www.elmira.es\/https:\/\/www.elmira.es\/https:\/\/www.elmira.es\/center\/\/media\/elmira\/images\/2022\/09\/01\/2022090112023929573.jpg https:\/\/www.elmira.es\/480w,https:\/\/www.elmira.eshttps:\/\/www.elmira.eshttps:\/\/www.elmira.eshttps:\/\/www.elmira.es\/asset\/thumbnail,https:\/\/www.elmira.es\/768,https:\/\/www.elmira.es\/432,https:\/\/www.elmira.es\/https:\/\/www.elmira.es\/https:\/\/www.elmira.es\/https:\/\/www.elmira.es\/center,https:\/\/www.elmira.es\/https:\/\/www.elmira.es\/https:\/\/www.elmira.es\/https:\/\/www.elmira.es\/center\/\/media\/elmira\/images\/2022\/09\/01\/2022090112023929573.jpg https:\/\/www.elmira.es\/768w,https:\/\/www.elmira.eshttps:\/\/www.elmira.eshttps:\/\/www.elmira.eshttps:\/\/www.elmira.es\/asset\/thumbnail,https:\/\/www.elmira.es\/992,https:\/\/www.elmira.es\/558,https:\/\/www.elmira.es\/https:\/\/www.elmira.es\/https:\/\/www.elmira.es\/https:\/\/www.elmira.es\/center,https:\/\/www.elmira.es\/https:\/\/www.elmira.es\/https:\/\/www.elmira.es\/https:\/\/www.elmira.es\/center\/\/media\/elmira\/images\/2022\/09\/01\/2022090112023929573.jpg https:\/\/www.elmira.es\/992w,https:\/\/www.elmira.eshttps:\/\/www.elmira.eshttps:\/\/www.elmira.eshttps:\/\/www.elmira.es\/asset\/thumbnail,https:\/\/www.elmira.es\/1280,https:\/\/www.elmira.es\/720,https:\/\/www.elmira.es\/https:\/\/www.elmira.es\/https:\/\/www.elmira.es\/https:\/\/www.elmira.es\/center,https:\/\/www.elmira.es\/https:\/\/www.elmira.es\/https:\/\/www.elmira.es\/https:\/\/www.elmira.es\/center\/\/media\/elmira\/images\/2022\/09\/01\/2022090112023929573.jpg https:\/\/www.elmira.es\/1280w\" sizes=\"auto, (max-width: 480px) 480px, (max-width: 768px) 768px, (max-width: 992px) 992px, 1280px\"\/><figcaption>Maleta trolley de cabina 90 L<\/figcaption><\/figure>\n<h2>Maleta trolley de cabina 90 L<\/h2>\n<p>Dando forma a esta variedad de art\u00edculos que Lidl ofrece a sus clientes, encontrar\u00e1s, entre muchos otros, esta <a rel=\"nofollow noopener\" target=\"_blank\" href=\"https:\/\/www.lidl.es\/es\/maleta-trolley-de-cabina-90-l\/p47025\">maleta trolley de cabina 90 L<\/a> que, gracias a su gran espacio de almacenaje, te permitir\u00e1 guardar en ella todo lo que necesitas para tu viaje.<\/p>\n<p>Se trata de una maleta con cubiertas de polipropileno robustas de alta resistencia, lo que le aporta una mayor durabilidad, y un <strong>asa telesc\u00f3pica de 5 posiciones<\/strong> con bot\u00f3n de bloqueo, para un desplazamiento m\u00e1s sencillo y con menos esfuerzo.<\/p>\n<p>Asimismo, cuenta con\u00a0<strong>4 ruedas multidirecci\u00f3n<\/strong>\u00a0de rodamiento suave y est\u00e1 dotada de la funci\u00f3n de identificaci\u00f3n de Okoban, que permite identificar m\u00e1s r\u00e1pido el equipaje perdido.<\/p>\n<figure class=\"image ckeditor-image\" style=\"max-width: 100%; width: 1199px;\"><img loading=\"lazy\" decoding=\"async\" width=\"1199\" height=\"789\" alt=\"Maleta trolley de cabina 90 L\" src=\"https:\/\/www.elmira.es\/media\/elmira\/images\/2022\/09\/01\/2022090112025014507.jpg\" class=\"lazyload\" srcset=\"https:\/\/www.elmira.eshttps:\/\/www.elmira.eshttps:\/\/www.elmira.eshttps:\/\/www.elmira.es\/asset\/thumbnail,https:\/\/www.elmira.es\/480,https:\/\/www.elmira.es\/270,https:\/\/www.elmira.es\/https:\/\/www.elmira.es\/https:\/\/www.elmira.es\/https:\/\/www.elmira.es\/center,https:\/\/www.elmira.es\/https:\/\/www.elmira.es\/https:\/\/www.elmira.es\/https:\/\/www.elmira.es\/center\/\/media\/elmira\/images\/2022\/09\/01\/2022090112025014507.jpg https:\/\/www.elmira.es\/480w,https:\/\/www.elmira.eshttps:\/\/www.elmira.eshttps:\/\/www.elmira.eshttps:\/\/www.elmira.es\/asset\/thumbnail,https:\/\/www.elmira.es\/768,https:\/\/www.elmira.es\/432,https:\/\/www.elmira.es\/https:\/\/www.elmira.es\/https:\/\/www.elmira.es\/https:\/\/www.elmira.es\/center,https:\/\/www.elmira.es\/https:\/\/www.elmira.es\/https:\/\/www.elmira.es\/https:\/\/www.elmira.es\/center\/\/media\/elmira\/images\/2022\/09\/01\/2022090112025014507.jpg https:\/\/www.elmira.es\/768w,https:\/\/www.elmira.eshttps:\/\/www.elmira.eshttps:\/\/www.elmira.eshttps:\/\/www.elmira.es\/asset\/thumbnail,https:\/\/www.elmira.es\/992,https:\/\/www.elmira.es\/558,https:\/\/www.elmira.es\/https:\/\/www.elmira.es\/https:\/\/www.elmira.es\/https:\/\/www.elmira.es\/center,https:\/\/www.elmira.es\/https:\/\/www.elmira.es\/https:\/\/www.elmira.es\/https:\/\/www.elmira.es\/center\/\/media\/elmira\/images\/2022\/09\/01\/2022090112025014507.jpg https:\/\/www.elmira.es\/992w,https:\/\/www.elmira.eshttps:\/\/www.elmira.eshttps:\/\/www.elmira.eshttps:\/\/www.elmira.es\/asset\/thumbnail,https:\/\/www.elmira.es\/1280,https:\/\/www.elmira.es\/720,https:\/\/www.elmira.es\/https:\/\/www.elmira.es\/https:\/\/www.elmira.es\/https:\/\/www.elmira.es\/center,https:\/\/www.elmira.es\/https:\/\/www.elmira.es\/https:\/\/www.elmira.es\/https:\/\/www.elmira.es\/center\/\/media\/elmira\/images\/2022\/09\/01\/2022090112025014507.jpg https:\/\/www.elmira.es\/1280w\" sizes=\"auto, (max-width: 480px) 480px, (max-width: 768px) 768px, (max-width: 992px) 992px, 1280px\"\/><figcaption>Maleta trolley de cabina 90 L<\/figcaption><\/figure>\n<p>Adem\u00e1s de esto, este producto de <a rel=\"nofollow noopener\" target=\"_blank\" href=\"https:\/\/www.elmira.es\/articulo\/economia\/invento-definitivo-lidl-que-cambiara-vida-cocina-solo-5-euros\/20220525183833334391.html\">Lidl<\/a> tiene un asa superior y otra lateral, las dos suaves y con funci\u00f3n de retroceso, y un c\u00f3modo hueco lateral, a ambos lados, para asir la maleta de forma m\u00e1s sencilla al levantarla y al almacenarla.<\/p>\n<h3>Caracter\u00edsticas principales<\/h3>\n<ul>\n<li>Incluye 2 bolsas por separado para zapatos o ropa sucia<\/li>\n<li>Equipamiento inside funcional con 2 separadores con cremallera, 2 cintas tensoras cruzadas el\u00e1sticas y 2 compartimentos de malla con cremallera<\/li>\n<li>Peso whole m\u00e1ximo: 32,85 kg<\/li>\n<li>Capacidad aproximada: 90 l<\/li>\n<li>Medidas, incluidas las ruedas: 79 x 53 x 29 cm<\/li>\n<li>Peso propio: 4,85 kg<\/li>\n<li>Peso m\u00e1ximo: 28 kg<\/li>\n<li>Materials: forro con espuma<\/li>\n<\/ul>\n<h3>Consejos de cuidado<\/h3>\n<p>Atendiendo a los materiales que se han utilizado para fabricar este producto y de cara a hacer un uso correcto del mismo para, de esta forma, lograr preservar su m\u00e1xima calidad durante el mayor tiempo posible, Lidl ha facilitado los siguientes consejos e indicaciones:<\/p>\n<ul>\n<li>No lavar<\/li>\n<li>No utilizar ning\u00fan tipo de blanqueador<\/li>\n<li>No secar en la secadora<\/li>\n<li>No planchar<\/li>\n<li>No lavar en seco<\/li>\n<\/ul>\n<h2>Precio y disponibilidad<\/h2>\n<p>En el caso de que quieras que este art\u00edculo te facilite lo m\u00e1s posible tus viajes, entonces lo podr\u00e1s encontrar disponible de forma on-line, a trav\u00e9s de la p\u00e1gina internet oficial de Lidl, pudiendo recibirlo directamente en tu casa, ya se encuentre ubicada en <a rel=\"nofollow noopener\" target=\"_blank\" href=\"https:\/\/www.elmira.es\/tags\/jerez\">Jerez de la Frontera<\/a> o en cualquier otro punto de Espa\u00f1a,<\/p>\n<p>El precio de esta maleta trolley de cabina de 90 L es de\u00a0<strong>79,99 euros<\/strong>\u00a0y podr\u00e1s disfrutar de una garant\u00eda de 5 a\u00f1os desde el momento de la compra.<\/p>\n<\/div>\n<p><script data-onm-type=\"text\/javascript\" type=\"onmlazyloadscript\">\n  !function (f, b, e, v, n, t, s) {\n    if (f.fbq) return;\n    n = f.fbq = function () {\n      n.callMethod ? n.callMethod.apply(n, arguments) : n.queue.push(arguments)\n    };\n    if (!f._fbq) f._fbq = n;\n    n.push = n;\n    n.loaded = !0;\n    n.version = '2.0';\n    n.queue = [];\n    t = b.createElement(e);\n    t.async = !0;\n    t.src = v;\n    s = b.getElementsByTagName(e)[0];\n    s.parentNode.insertBefore(t, s)\n  }(window, document, 'script', 'https:\/\/connect.facebook.net\/en_US\/fbevents.js');\n  fbq('init', '784933685507380');\n  fbq('track', 'PageView');\n<\/script><script data-onm-type=\"text\/javascript\" type=\"onmlazyloadscript\">\n  window.fbAsyncInit = function() {\n    FB.init({\n      appId  : '4433033146747483',\n      cookie : true,\n      xfbml  : true,\n      version: 'v11.0'\n    });\n    FB.AppEvents.logPageView();  \n  };\n  (function(d, s, id){\n     var js, fjs = d.getElementsByTagName(s)[0];\n     if (d.getElementById(id)) {return;}\n     js = d.createElement(s); js.id = id;\n     js.src = \"https:\/\/connect.facebook.net\/en_US\/sdk.js\"\n     fjs.parentNode.insertBefore(js, fjs);\n   }(document, 'script', 'facebook-jssdk'));\n<\/script><br \/>\n<br \/><\/p>\n<p><em> &#8221; Fuentes www.elmira.es &#8221; <\/em><\/p>\n","protected":false},"excerpt":{"rendered":"<p>Se acabaron las excusas para no\u00a0viajar. Ni falta de espacio para llevar tu equipaje, ni dificultad para transportarlo, ni siquiera el pago de un coste adicional por a\u00f1adir bultos a tu billete.\u00a0Lidl\u00a0ha querido ponerle punto y remaining a esos problemas incorporando a su\u00a0cat\u00e1logo de productos\u00a0esta\u00a0maleta de cabina\u00a0en la que podr\u00e1s meter todo lo que necesitas [&hellip;]<\/p>\n","protected":false},"author":4,"featured_media":381233,"comment_status":"open","ping_status":"closed","sticky":false,"template":"","format":"standard","meta":{"om_disable_all_campaigns":false,"jnews-multi-image_gallery":[],"jnews_single_post":[],"jnews_primary_category":[],"jnews_social_meta":[],"footnotes":""},"categories":[39],"tags":[715,770,44742,27672],"class_list":["post-381232","post","type-post","status-publish","format-standard","has-post-thumbnail","hentry","category-viajes","tag-economia","tag-espana","tag-jerez","tag-lidl"],"_links":{"self":[{"href":"https:\/\/dimensionturistica.com\/es\/wp-json\/wp\/v2\/posts\/381232","targetHints":{"allow":["GET"]}}],"collection":[{"href":"https:\/\/dimensionturistica.com\/es\/wp-json\/wp\/v2\/posts"}],"about":[{"href":"https:\/\/dimensionturistica.com\/es\/wp-json\/wp\/v2\/types\/post"}],"author":[{"embeddable":true,"href":"https:\/\/dimensionturistica.com\/es\/wp-json\/wp\/v2\/users\/4"}],"replies":[{"embeddable":true,"href":"https:\/\/dimensionturistica.com\/es\/wp-json\/wp\/v2\/comments?post=381232"}],"version-history":[{"count":0,"href":"https:\/\/dimensionturistica.com\/es\/wp-json\/wp\/v2\/posts\/381232\/revisions"}],"wp:featuredmedia":[{"embeddable":true,"href":"https:\/\/dimensionturistica.com\/es\/wp-json\/wp\/v2\/media\/381233"}],"wp:attachment":[{"href":"https:\/\/dimensionturistica.com\/es\/wp-json\/wp\/v2\/media?parent=381232"}],"wp:term":[{"taxonomy":"category","embeddable":true,"href":"https:\/\/dimensionturistica.com\/es\/wp-json\/wp\/v2\/categories?post=381232"},{"taxonomy":"post_tag","embeddable":true,"href":"https:\/\/dimensionturistica.com\/es\/wp-json\/wp\/v2\/tags?post=381232"}],"curies":[{"name":"wp","href":"https:\/\/api.w.org\/{rel}","templated":true}]}}