{"id":381076,"date":"2022-09-04T19:45:13","date_gmt":"2022-09-04T19:45:13","guid":{"rendered":"https:\/\/dimensionturistica.com\/es\/?p=381076"},"modified":"2022-09-04T19:45:13","modified_gmt":"2022-09-04T19:45:13","slug":"igualdad-de-oportunidades-y-una-vida-libre-de-violencia-para-las-mujeres-principales-ejes-del-parlamento-de-mujeres-del-congreso-cdmx-2022","status":"publish","type":"post","link":"https:\/\/dimensionturistica.com\/es\/igualdad-de-oportunidades-y-una-vida-libre-de-violencia-para-las-mujeres-principales-ejes-del-parlamento-de-mujeres-del-congreso-cdmx-2022\/","title":{"rendered":"Igualdad de oportunidades y una vida libre de violencia para las mujeres, principales ejes del Parlamento de Mujeres del Congreso CDMX 2022"},"content":{"rendered":"<p>Al clausurar el Parlamento de Mujeres 2022, la presidenta de la Comisi\u00f3n de Igualdad de G\u00e9nero del Congreso<img decoding=\"async\" class=\"size-medium wp-image-381079 alignright\" src=\"https:\/\/dimensionturistica.com\/es\/wp-content\/uploads\/2022\/09\/PARLAMENTO1-300x154.jpg\" alt=\"\" width=\"300\" height=\"154\" srcset=\"https:\/\/dimensionturistica.com\/es\/wp-content\/uploads\/2022\/09\/PARLAMENTO1-300x154.jpg 300w, https:\/\/dimensionturistica.com\/es\/wp-content\/uploads\/2022\/09\/PARLAMENTO1.jpg 474w\" sizes=\"(max-width: 300px) 100vw, 300px\" \/> de la CDMX, Ana Francis L\u00f3pez Bayguen Pati\u00f1o, indic\u00f3 que el Parlamento de Mujeres se trabaja desde la Comisi\u00f3n de Igualdad de G\u00e9nero como un ejercicio de sororidad que permite reconocer, continuar y nutrir una vida libre de violencia para las mujeres y las ni\u00f1as, pero, dijo: \u201cno podemos hablar de feminismo si no nos ocupamos antes de la pobreza y de la desigualdad econ\u00f3mica, por ello, esta Comisi\u00f3n instal\u00f3 el Cuarto Parlamento de Mujeres, habiendo elegido a 66 parlamentarias de la CDMX, observando antes los territorios de cada una, para poder tener as\u00ed la mayor pluralidad posible, con una l\u00f3gica de las poblaciones prioritarias\u201d.<br \/>\nDurante la clausura, Ana Gabriela Rubio Escobar, presidenta de la Mesa Directiva del Parlamento de Mujeres, inform\u00f3 que \u00e9ste estuvo integrado por 66 parlamentarias que conformaron cinco grupos parlamentarios con los nombres de: Rosa Luxemburgo, Hermila Galindo, Emmeline Pankhurst, Eva Per\u00f3n y Ana Brnabic. Asimismo, continu\u00f3, \u201cse conformaron 11 comisiones que le dieron vida y esencia a los trabajos de este ejercicio de participaci\u00f3n ciudadana y se logr\u00f3 la aprobaci\u00f3n de 21 dict\u00e1menes que ser\u00e1n enviados a la Comisi\u00f3n de Igualdad de G\u00e9nero para su estudio y posible aprobaci\u00f3n; quedando pendientes de dictamen, m\u00faltiples iniciativas que tambi\u00e9n buscaban abonar a una agenda para las mujeres de la CDMX.<br \/>\n\u201cAdem\u00e1s, es importante destacar que la raz\u00f3n por la cual no alcanzamos a dictaminar muchas de las iniciativas presentadas, estriba en que como parlamento registramos un ausentismo elevado, tanto en las sesiones como durante el trabajo en comisiones, siendo eso, mucho de lo que adolece la lucha de las mujeres en nuestra ciudad, pedimos di\u00e1logo, conquistamos espacios y s\u00f3lo unas cuantas terminan generando avances y luego se les acusa de no incluir a todas, o bien de estar escindidas de la realidad de las mujeres que han optado por la violencia, pero cuyas exigencias tambi\u00e9n son parte de la lucha feminista\u201d.<img decoding=\"async\" class=\"size-medium wp-image-381081 alignright\" src=\"https:\/\/dimensionturistica.com\/es\/wp-content\/uploads\/2022\/09\/PARLAMENTO8-300x200.jpg\" alt=\"\" width=\"300\" height=\"200\" srcset=\"https:\/\/dimensionturistica.com\/es\/wp-content\/uploads\/2022\/09\/PARLAMENTO8-300x200.jpg 300w, https:\/\/dimensionturistica.com\/es\/wp-content\/uploads\/2022\/09\/PARLAMENTO8-768x512.jpg 768w, https:\/\/dimensionturistica.com\/es\/wp-content\/uploads\/2022\/09\/PARLAMENTO8-750x500.jpg 750w, https:\/\/dimensionturistica.com\/es\/wp-content\/uploads\/2022\/09\/PARLAMENTO8.jpg 1024w\" sizes=\"(max-width: 300px) 100vw, 300px\" \/><br \/>\nDe igual forma, la diputada Rubio Escobar estim\u00f3 de suma importancia el enorme avance que se logr\u00f3 en t\u00e9rminos de visibilidad para las mujeres lesbianas al afirmar que, \u201cquienes somos parte de la diversidad sexual, pero que la agenda de \u00e9sta no nos incluye por estar secuestrada por hombres blancos y heteronormados que durante d\u00e9cadas no han sabido o no han querido incluirnos en sus demandas, somos mujeres que amamos a otras mujeres y ello no debe de significar que tengamos menos derechos\u201d.<br \/>\n&#8220;De esta manera, agreg\u00f3, uno de los objetivos de este parlamento fue el buscar el di\u00e1logo entre las diferentes corrientes que forman parte del feminismo, pero hay algo que nos enfrenta, y, cuando nos enfrentamos entre nosotras, el patriarcado es el que gana. Este parlamento, desde su convocatoria se manifest\u00f3 como trans incluyente y a pesar de ello hubo manifestaciones que bajo argumentos biologizantes y cargados de odio intentaron imponer su visi\u00f3n en cuanto al g\u00e9nero y a la propia identidad de lo que implica ser mujer. Con la divisi\u00f3n el patriarcado triunfa y a nosotras, a todas, nos siguen matando\u201d.<br \/>\nDurante el evento de clausura estuvieron presentes representantes de los cinco grupos parlamentarios, quienes, en su totalidad, reconocieron a la Comisi\u00f3n de Igualdad de G\u00e9nero el hacer posible el haber podido continuar con estos ejercicios y hacerlos vinculantes con el trabajo legislativo. A su vez, la diputada Nancy N\u00fa\u00f1ez, integrante de la Comisi\u00f3n de Igualdad de G\u00e9nero, reconoci\u00f3 tambi\u00e9n el compromiso de todas las parlamentarias que llegaron hasta esta clausura, ya que se\u00f1al\u00f3: \u201cel feminismo es una forma de vivir individualmente y de luchar colectivamente y esto tiene que ver con el compromiso que le dan a la lucha por la igualdad, ya que el feminismo no es de ocasi\u00f3n, sino de convicci\u00f3n\u201d. Y coincidi\u00f3 con la legisladora L\u00f3pez<img decoding=\"async\" class=\"size-medium wp-image-381083 alignright\" src=\"https:\/\/dimensionturistica.com\/es\/wp-content\/uploads\/2022\/09\/PARLAMENTO6-300x225.jpg\" alt=\"\" width=\"300\" height=\"225\" srcset=\"https:\/\/dimensionturistica.com\/es\/wp-content\/uploads\/2022\/09\/PARLAMENTO6-300x225.jpg 300w, https:\/\/dimensionturistica.com\/es\/wp-content\/uploads\/2022\/09\/PARLAMENTO6.jpg 474w\" sizes=\"(max-width: 300px) 100vw, 300px\" \/> Bayguen al reiterar que \u201cla igualdad de g\u00e9nero no puede existir si no existe una igualdad de clases y para ello, debemos combatir tambi\u00e9n la desigualdad social, la precarizaci\u00f3n que nos ha tra\u00eddo el sistema neoliberal\u201d.<br \/>\nPara finalizar, L\u00f3pez Bayguen acept\u00f3 que uno de los retos m\u00e1s grandes fue el lograr alcanzar la tolerancia y el respeto a las ideas de cada una de las participantes, trabajando desde una perspectiva feminista y con una participaci\u00f3n horizontal; ya que, dijo, \u201cen esta vida hay ciertas posturas que hay que tomar, y para m\u00ed la inclusi\u00f3n, la paz y los derechos humanos para todas las personas no se negocian, incluidos los de los que nos matan. Y ha sido dif\u00edcil lograr puntos de acuerdo y convergencias para llegar a una construcci\u00f3n de paz, pero el feminismo es eso, un movimiento de paz, con toda la fuerza, con toda la furia y todo el amor, pero es un movimiento de paz\u201d.<\/p>\n","protected":false},"excerpt":{"rendered":"<p>Al clausurar el Parlamento de Mujeres 2022, la presidenta de la Comisi\u00f3n de Igualdad de G\u00e9nero del Congreso de la CDMX, Ana Francis L\u00f3pez Bayguen Pati\u00f1o, indic\u00f3 que el Parlamento de Mujeres se trabaja desde la Comisi\u00f3n de Igualdad de G\u00e9nero como un ejercicio de sororidad que permite reconocer, continuar y nutrir una vida libre [&hellip;]<\/p>\n","protected":false},"author":1,"featured_media":381082,"comment_status":"open","ping_status":"closed","sticky":false,"template":"","format":"standard","meta":{"om_disable_all_campaigns":false,"jnews-multi-image_gallery":[],"jnews_single_post":{"source_name":"","source_url":"","via_name":"","via_url":"","override_template":"0","override":[{"template":"1","single_blog_custom":"","parallax":"1","fullscreen":"1","layout":"right-sidebar","sidebar":"default-sidebar","second_sidebar":"default-sidebar","sticky_sidebar":"1","share_position":"top","share_float_style":"share-monocrhome","show_share_counter":"1","show_view_counter":"1","show_featured":"1","show_post_meta":"1","show_post_author":"1","show_post_author_image":"1","show_post_date":"1","post_date_format":"default","post_date_format_custom":"Y\/m\/d","show_post_category":"1","show_post_reading_time":"0","post_reading_time_wpm":"300","show_zoom_button":"0","zoom_button_out_step":"2","zoom_button_in_step":"3","show_post_tag":"1","show_prev_next_post":"1","show_popup_post":"1","number_popup_post":"1","show_author_box":"0","show_post_related":"0","show_inline_post_related":"0"}],"override_image_size":"0","image_override":[{"single_post_thumbnail_size":"crop-500","single_post_gallery_size":"crop-500"}],"trending_post":"0","trending_post_position":"meta","trending_post_label":"Trending","sponsored_post":"0","sponsored_post_label":"Sponsored by","sponsored_post_name":"","sponsored_post_url":"","sponsored_post_logo_enable":"0","sponsored_post_logo":"","sponsored_post_desc":"","disable_ad":"0"},"jnews_primary_category":{"id":""},"jnews_social_meta":{"fb_title":"","fb_description":"","fb_image":"","twitter_title":"","twitter_description":"","twitter_image":""},"footnotes":""},"categories":[40],"tags":[],"class_list":["post-381076","post","type-post","status-publish","format-standard","has-post-thumbnail","hentry","category-industria"],"_links":{"self":[{"href":"https:\/\/dimensionturistica.com\/es\/wp-json\/wp\/v2\/posts\/381076","targetHints":{"allow":["GET"]}}],"collection":[{"href":"https:\/\/dimensionturistica.com\/es\/wp-json\/wp\/v2\/posts"}],"about":[{"href":"https:\/\/dimensionturistica.com\/es\/wp-json\/wp\/v2\/types\/post"}],"author":[{"embeddable":true,"href":"https:\/\/dimensionturistica.com\/es\/wp-json\/wp\/v2\/users\/1"}],"replies":[{"embeddable":true,"href":"https:\/\/dimensionturistica.com\/es\/wp-json\/wp\/v2\/comments?post=381076"}],"version-history":[{"count":0,"href":"https:\/\/dimensionturistica.com\/es\/wp-json\/wp\/v2\/posts\/381076\/revisions"}],"wp:featuredmedia":[{"embeddable":true,"href":"https:\/\/dimensionturistica.com\/es\/wp-json\/wp\/v2\/media\/381082"}],"wp:attachment":[{"href":"https:\/\/dimensionturistica.com\/es\/wp-json\/wp\/v2\/media?parent=381076"}],"wp:term":[{"taxonomy":"category","embeddable":true,"href":"https:\/\/dimensionturistica.com\/es\/wp-json\/wp\/v2\/categories?post=381076"},{"taxonomy":"post_tag","embeddable":true,"href":"https:\/\/dimensionturistica.com\/es\/wp-json\/wp\/v2\/tags?post=381076"}],"curies":[{"name":"wp","href":"https:\/\/api.w.org\/{rel}","templated":true}]}}