{"id":381053,"date":"2022-09-04T19:28:15","date_gmt":"2022-09-04T19:28:15","guid":{"rendered":"https:\/\/dimensionturistica.com\/es\/?p=381053"},"modified":"2022-09-04T19:28:15","modified_gmt":"2022-09-04T19:28:15","slug":"concluye-ibtm-americas-2022-con-una-industria-de-reuniones-mas-unida-y-fortalecida","status":"publish","type":"post","link":"https:\/\/dimensionturistica.com\/es\/concluye-ibtm-americas-2022-con-una-industria-de-reuniones-mas-unida-y-fortalecida\/","title":{"rendered":"Concluye IBTM Am\u00e9ricas 2022 con una Industria de Reuniones m\u00e1s unida y fortalecida"},"content":{"rendered":"<p><img decoding=\"async\" class=\"size-medium wp-image-381067 alignright\" src=\"https:\/\/dimensionturistica.com\/es\/wp-content\/uploads\/2022\/09\/IMG-20220825-WA0042-300x200.jpg\" alt=\"\" width=\"300\" height=\"200\" srcset=\"https:\/\/dimensionturistica.com\/es\/wp-content\/uploads\/2022\/09\/IMG-20220825-WA0042-300x200.jpg 300w, https:\/\/dimensionturistica.com\/es\/wp-content\/uploads\/2022\/09\/IMG-20220825-WA0042-1024x683.jpg 1024w, https:\/\/dimensionturistica.com\/es\/wp-content\/uploads\/2022\/09\/IMG-20220825-WA0042-768x512.jpg 768w, https:\/\/dimensionturistica.com\/es\/wp-content\/uploads\/2022\/09\/IMG-20220825-WA0042-1536x1024.jpg 1536w, https:\/\/dimensionturistica.com\/es\/wp-content\/uploads\/2022\/09\/IMG-20220825-WA0042-750x500.jpg 750w, https:\/\/dimensionturistica.com\/es\/wp-content\/uploads\/2022\/09\/IMG-20220825-WA0042-1140x760.jpg 1140w, https:\/\/dimensionturistica.com\/es\/wp-content\/uploads\/2022\/09\/IMG-20220825-WA0042.jpg 1599w\" sizes=\"(max-width: 300px) 100vw, 300px\" \/>Con una Industria de Reuniones fortalecida, unida y optimista por la notoria recuperaci\u00f3n del sector, concluy\u00f3 IBTM Americas 2022. Cerca de 10,000 citas, alrededor de 1,000 millones de d\u00f3lares en oportunidades de negocio y una derrama econ\u00f3mica de m\u00e1s de 100 millones de pesos fue el resultado de la semana de actividades en que participaron alrededor de 4,000 personas. M\u00e1s de 450 empresas expositoras y co-expositoras, 520 compradores nacionales e internacionales, 2,600 visitantes, asociaciones, patrocinadores y medios de comunicaci\u00f3n se dieron cita para experimentar el dinamismo de los eventos, renovar su energ\u00eda, reconectar, hacer negocios e inspirarse, todo bajo el lema Feel the events\u2019 energy.<br \/>\nDurante la inauguraci\u00f3n, estuvieron presentes Jorge Vazquez Vald\u00e9s, director general de Innovaci\u00f3n del Producto Tur\u00edstico de la Secretar\u00eda de Turismo Federal; Dan Ch\u00e1vez, l\u00edder de Innovaci\u00f3n y Conocimiento de<img decoding=\"async\" class=\"size-medium wp-image-381066 alignright\" src=\"https:\/\/dimensionturistica.com\/es\/wp-content\/uploads\/2022\/09\/IMG-20220825-WA0048-300x200.jpg\" alt=\"\" width=\"300\" height=\"200\" srcset=\"https:\/\/dimensionturistica.com\/es\/wp-content\/uploads\/2022\/09\/IMG-20220825-WA0048-300x200.jpg 300w, https:\/\/dimensionturistica.com\/es\/wp-content\/uploads\/2022\/09\/IMG-20220825-WA0048-1024x683.jpg 1024w, https:\/\/dimensionturistica.com\/es\/wp-content\/uploads\/2022\/09\/IMG-20220825-WA0048-768x512.jpg 768w, https:\/\/dimensionturistica.com\/es\/wp-content\/uploads\/2022\/09\/IMG-20220825-WA0048-1536x1024.jpg 1536w, https:\/\/dimensionturistica.com\/es\/wp-content\/uploads\/2022\/09\/IMG-20220825-WA0048-750x500.jpg 750w, https:\/\/dimensionturistica.com\/es\/wp-content\/uploads\/2022\/09\/IMG-20220825-WA0048-1140x760.jpg 1140w, https:\/\/dimensionturistica.com\/es\/wp-content\/uploads\/2022\/09\/IMG-20220825-WA0048.jpg 1599w\" sizes=\"(max-width: 300px) 100vw, 300px\" \/> Eventos Sustentables; Alejandro Ram\u00edrez, Presidente del Consejo Mexicano de la Industria de Reuniones (COMIR); Sheriff Karamat, presidente PCMA &amp; Chair Elect EIC; Michelle Fridman Hirsch, secretaria de Turismo de Yucat\u00e1n; Nathalie Desplas, secretaria de Turismo de la Ciudad de M\u00e9xico; y David Hidalgo, director de IBTM Americas. Tras una ceremonia llena de agradecimientos a todos los actores de la industria, se dio el banderazo inaugural y corte de list\u00f3n del evento para luego pasar a la visita del pabell\u00f3n del destino invitado de esta edici\u00f3n, Yucat\u00e1n Meetings. Entre los asistentes al evento inaugural, tambi\u00e9n estuvieron presentes secretarios de turismo, presidentes de distintas asociaciones, participantes de los foros, congresos y programas educativos, as\u00ed como medios de comunicaci\u00f3n.<br \/>\nPor su parte, Sheriff Karamat, presidente PCMA &amp; Chair Elect EIC, resalt\u00f3 la importancia de trabajar en conjunto para lograr que la Industria de Reuniones sea m\u00e1s sustentable e inclusiva. \u201cLos empresarios aqu\u00ed reunidos tienen<img decoding=\"async\" class=\"size-medium wp-image-381063 alignright\" src=\"https:\/\/dimensionturistica.com\/es\/wp-content\/uploads\/2022\/09\/IMG-20220825-WA0060-300x199.jpg\" alt=\"\" width=\"300\" height=\"199\" srcset=\"https:\/\/dimensionturistica.com\/es\/wp-content\/uploads\/2022\/09\/IMG-20220825-WA0060-300x199.jpg 300w, https:\/\/dimensionturistica.com\/es\/wp-content\/uploads\/2022\/09\/IMG-20220825-WA0060-1024x681.jpg 1024w, https:\/\/dimensionturistica.com\/es\/wp-content\/uploads\/2022\/09\/IMG-20220825-WA0060-768x511.jpg 768w, https:\/\/dimensionturistica.com\/es\/wp-content\/uploads\/2022\/09\/IMG-20220825-WA0060-750x499.jpg 750w, https:\/\/dimensionturistica.com\/es\/wp-content\/uploads\/2022\/09\/IMG-20220825-WA0060-1140x758.jpg 1140w, https:\/\/dimensionturistica.com\/es\/wp-content\/uploads\/2022\/09\/IMG-20220825-WA0060.jpg 1280w\" sizes=\"(max-width: 300px) 100vw, 300px\" \/> el poder para hacer crecer la econom\u00eda y transformar los eventos, este es el momento y un maravilloso espacio para comenzar a hacer negocios\u201d, culmin\u00f3.<br \/>\nMichelle Fridman Hirsch, secretaria de Turismo de Yucat\u00e1n, dijo sentirse muy honrada de representar al primer estado de la Rep\u00fablica Mexicana en ser destino invitado de IBTM Americas. \u201cHoy aqu\u00ed reunidos estamos cumpliendo el sue\u00f1o de estar de regreso para hacer crecer una industria que deja derrama econ\u00f3mica en todos los sectores y una aportaci\u00f3n del 1.5% del PIB. Tan solo en Yucat\u00e1n hemos ampliado la oferta con 2 recintos, infraestructura que rebasa las 15,000 habitaciones, seguridad, conectividad, servicios de alta calidad y gran oferta tur\u00edstica, lo que ha ayudado a reactivar congresos, convenciones, simposios, foros e incentivos en todo el estado. Las cosas van bien, pero pueden ir mejor, as\u00ed que sigamos haciendo equipo, para juntos lograr m\u00e1s\u201d, coment\u00f3.<br \/>\nPara finalizar y dar paso a la declaratoria inaugural, la Secretaria de Turismo de la Ciudad de M\u00e9xico, la Dra. Nathalie Desplas, coment\u00f3 que, a pesar del gran golpe que se vivi\u00f3 por la pandemia, tambi\u00e9n se est\u00e1 experimentando un gran momento para la transformaci\u00f3n. Los turistas han cambiado su manera de viajar por<img decoding=\"async\" class=\"size-medium wp-image-381059 alignright\" src=\"https:\/\/dimensionturistica.com\/es\/wp-content\/uploads\/2022\/09\/IMG-20220825-WA0072-300x169.jpg\" alt=\"\" width=\"300\" height=\"169\" srcset=\"https:\/\/dimensionturistica.com\/es\/wp-content\/uploads\/2022\/09\/IMG-20220825-WA0072-300x169.jpg 300w, https:\/\/dimensionturistica.com\/es\/wp-content\/uploads\/2022\/09\/IMG-20220825-WA0072-1024x576.jpg 1024w, https:\/\/dimensionturistica.com\/es\/wp-content\/uploads\/2022\/09\/IMG-20220825-WA0072-768x432.jpg 768w, https:\/\/dimensionturistica.com\/es\/wp-content\/uploads\/2022\/09\/IMG-20220825-WA0072-750x422.jpg 750w, https:\/\/dimensionturistica.com\/es\/wp-content\/uploads\/2022\/09\/IMG-20220825-WA0072-1140x641.jpg 1140w, https:\/\/dimensionturistica.com\/es\/wp-content\/uploads\/2022\/09\/IMG-20220825-WA0072.jpg 1280w\" sizes=\"(max-width: 300px) 100vw, 300px\" \/> experiencias m\u00e1s sostenibles y hay nuevos perfiles, como los n\u00f3madas digitales. \u201cQueremos seguir fortaleciendo a la comunidad de profesionales de la Industria de Reuniones, auguro el mejor de los \u00e9xitos y una extraordinaria generaci\u00f3n de negocios\u201d, finaliz\u00f3.<br \/>\nDurante dos d\u00edas, se realiz\u00f3 el foro de alto nivel, Meetings &amp; Events Transformation (MET), con el objetivo de establecer acuerdos, programas de colaboraci\u00f3n y alianzas entre los l\u00edderes del sector p\u00fablico y privado para construir y cocrear oportunidades de colaboraci\u00f3n en pro de la transformaci\u00f3n de los eventos y reuniones. \u201cEl matrimonio perfecto: turismo de bodas y DMOs. \u00bfC\u00f3mo obtener la mayor parte de este jugoso pastel?\u201d; \u201cSocial &amp; Economic Transformation\u201d y \u201cPrioridades y alianza entre DMOs y sector p\u00fablico: balanceando oportunidades\u201d, fueron los temas que abordaron los expertos invitados.<br \/>\nAl mismo tiempo, se present\u00f3 por segundo a\u00f1o el 2\u00b0 Encuentro Latinoamericano de DMCs con la participaci\u00f3n de AMDEMAC, as\u00ed como el Event Design Conference, que reuni\u00f3 a personalidades como Sean Fitzgerald, Gay Games y M\u00f3nica S\u00e1nchez de Guadalajara; Will Curran, Founder &amp; Chief Event Einstein.<br \/>\nTambi\u00e9n durante el foro Sustainable Mindset Talks, los asistentes aprendieron sobre ideas nuevas y creativas para la organizaci\u00f3n de eventos con un m\u00ednimo impacto ambiental y apostando por sociedades m\u00e1s<img decoding=\"async\" class=\"size-medium wp-image-381065 alignright\" src=\"https:\/\/dimensionturistica.com\/es\/wp-content\/uploads\/2022\/09\/IMG-20220825-WA0056-300x200.jpg\" alt=\"\" width=\"300\" height=\"200\" srcset=\"https:\/\/dimensionturistica.com\/es\/wp-content\/uploads\/2022\/09\/IMG-20220825-WA0056-300x200.jpg 300w, https:\/\/dimensionturistica.com\/es\/wp-content\/uploads\/2022\/09\/IMG-20220825-WA0056-1024x683.jpg 1024w, https:\/\/dimensionturistica.com\/es\/wp-content\/uploads\/2022\/09\/IMG-20220825-WA0056-768x512.jpg 768w, https:\/\/dimensionturistica.com\/es\/wp-content\/uploads\/2022\/09\/IMG-20220825-WA0056-1536x1024.jpg 1536w, https:\/\/dimensionturistica.com\/es\/wp-content\/uploads\/2022\/09\/IMG-20220825-WA0056-750x500.jpg 750w, https:\/\/dimensionturistica.com\/es\/wp-content\/uploads\/2022\/09\/IMG-20220825-WA0056-1140x760.jpg 1140w, https:\/\/dimensionturistica.com\/es\/wp-content\/uploads\/2022\/09\/IMG-20220825-WA0056.jpg 1599w\" sizes=\"(max-width: 300px) 100vw, 300px\" \/> equitativas.<br \/>\nEnfocado a las asociaciones y como programa educativo, se llev\u00f3 a cabo la primera edici\u00f3n del Meetings Labs by ICCA. Entre los participantes estuvieron Gregg Talley, presidente y CEO de Talley Management Group; Virginia Arana, directora de Meetings de Yucat\u00e1n Meetings, y Alejandra Hern\u00e1ndez Zita, consultora de sostenibilidad de Global Destination Sustainability Movement.<br \/>\nEn el primer d\u00eda de Event Desing Conference, se presentaron conferencistas de alto nivel, tales como Guillermo Perezbolde, fundador y director general de Mente Digital; Johnnie White, CEO y vicepresidente ejecutivo de ASA (American Society of Appraisers); Eva Garc\u00eda Cuervo, fundadora y directora general de Cocinero del A\u00f1o M\u00e9xico; V\u00edctor Casta\u00f1eda, director de Imagic Group MX (presentado por Allenamenti Speakers), entre otros.<br \/>\nAl d\u00eda siguiente, tuvo lugar el Pharma Congress by ASPID, donde panelistas presentaron \u201cDigital Marketing Pharma 4.0\u201d, un programa exclusivo para la industria m\u00e9dica y farmac\u00e9utica, que proporcionar\u00e1 una visi\u00f3n de las \u00faltimas normativas de marketing y casos de \u00e9xitos de su aplicaci\u00f3n.<br \/>\nPor otra parte, en el Romance Congress presentado por ABC LATAM, las ponencias giraron en torno a las \u00faltimas tendencias en bodas destino y la industria del romance.<br \/>\nEn el segundo d\u00eda del Event Design Conference, MPI y Allenamenti Speakers presentaron a David G\u00f3mez, director de Bien Pensado. De manera adicional, Allenamenti Speakers Bureau present\u00f3 a Mill\u00e1n Lude\u00f1a, protagonista en la pel\u00edcula documental From core to sun y a Freddy Ravel, m\u00fasico e int\u00e9rprete, y conferencista nominado al Grammy Award.<br \/>\nEl equipo de Encore, expertos en producci\u00f3n, tecnolog\u00eda y creatividad, ofreci\u00f3 la conferencia magistral \u201cThe creative journey. Del cliente a la ejecuci\u00f3n\u201d, en la cual se habl\u00f3 acerca de c\u00f3mo la manera en que se planean los eventos ha cambiado, pues ahora la conceptualizaci\u00f3n de estos debe ir m\u00e1s all\u00e1 y buscar un diferenciador que<img decoding=\"async\" class=\"size-medium wp-image-381062 alignright\" src=\"https:\/\/dimensionturistica.com\/es\/wp-content\/uploads\/2022\/09\/IMG-20220825-WA0068-300x199.jpg\" alt=\"\" width=\"300\" height=\"199\" srcset=\"https:\/\/dimensionturistica.com\/es\/wp-content\/uploads\/2022\/09\/IMG-20220825-WA0068-300x199.jpg 300w, https:\/\/dimensionturistica.com\/es\/wp-content\/uploads\/2022\/09\/IMG-20220825-WA0068-1024x681.jpg 1024w, https:\/\/dimensionturistica.com\/es\/wp-content\/uploads\/2022\/09\/IMG-20220825-WA0068-768x511.jpg 768w, https:\/\/dimensionturistica.com\/es\/wp-content\/uploads\/2022\/09\/IMG-20220825-WA0068-750x499.jpg 750w, https:\/\/dimensionturistica.com\/es\/wp-content\/uploads\/2022\/09\/IMG-20220825-WA0068-1140x758.jpg 1140w, https:\/\/dimensionturistica.com\/es\/wp-content\/uploads\/2022\/09\/IMG-20220825-WA0068.jpg 1280w\" sizes=\"(max-width: 300px) 100vw, 300px\" \/> atrape a las audiencias.<br \/>\nEl Sport Congress abarc\u00f3 una serie de conferencias dedicadas a organizadores de eventos interesados en el \u00e1mbito deportivo. El invitado especial fue Enrique Aquino Busquets, exatleta y medallista ol\u00edmpico, director de META Sports. En otro panel tambi\u00e9n participaron la nadadora ol\u00edmpica Patricia Kohlmann Hackl; Israel Ayala Pi\u00f1a, gerente de Marketing y Comercializaci\u00f3n del equipo de beisbol Diablos Rojos; el Lic. Carlos Gonz\u00e1lez, presidente de la Federaci\u00f3n Mexicana de Tenis A.C.; y Rafael Moctezuma, presidente de Guerreros por M\u00e9xico.<br \/>\nAsimismo, otras importantes asociaciones de la industria se sumaron al programa integrando eventos que suspendieron de manera simult\u00e1nea a las actividades de IBTM Americas, como fue el caso de la Asociaci\u00f3n de Bur\u00f3s de Am\u00e9rica Latina y el Caribe con el Encuentro Latinoamericano de Organizaciones de Destino, MBTA con su d\u00eda educativo para Travel Managers y MPI con el CAMPUS MPI y RENDEZVOUS.<br \/>\n\u201cEsta edici\u00f3n de IBTM Americas ha demostrado una vez m\u00e1s que los eventos son parte de la esencia humana, por lo que la recuperaci\u00f3n de la Industria de Reuniones ha alcanzado este a\u00f1o entre el 80% y 90%, incluso, entre los especialistas del sector se percibe haber llegado al 100% los niveles del 2019. El optimismo no queda ah\u00ed, de continuar con la tendencia en crecimiento, el 2023 ya no ser\u00eda el a\u00f1o de la recuperaci\u00f3n, sino el de volver a crecer a partir del segundo semestre de ese a\u00f1o, lo cual es una gran noticia para todos los que formamos parte de esta comunidad\u201d, coment\u00f3 David Hidalgo, director de IBTM Americas.<img decoding=\"async\" class=\"size-medium wp-image-381068 alignright\" src=\"https:\/\/dimensionturistica.com\/es\/wp-content\/uploads\/2022\/09\/IMG-20220825-WA0041-300x200.jpg\" alt=\"\" width=\"300\" height=\"200\" srcset=\"https:\/\/dimensionturistica.com\/es\/wp-content\/uploads\/2022\/09\/IMG-20220825-WA0041-300x200.jpg 300w, https:\/\/dimensionturistica.com\/es\/wp-content\/uploads\/2022\/09\/IMG-20220825-WA0041-1024x683.jpg 1024w, https:\/\/dimensionturistica.com\/es\/wp-content\/uploads\/2022\/09\/IMG-20220825-WA0041-768x512.jpg 768w, https:\/\/dimensionturistica.com\/es\/wp-content\/uploads\/2022\/09\/IMG-20220825-WA0041-1536x1024.jpg 1536w, https:\/\/dimensionturistica.com\/es\/wp-content\/uploads\/2022\/09\/IMG-20220825-WA0041-750x500.jpg 750w, https:\/\/dimensionturistica.com\/es\/wp-content\/uploads\/2022\/09\/IMG-20220825-WA0041-1140x760.jpg 1140w, https:\/\/dimensionturistica.com\/es\/wp-content\/uploads\/2022\/09\/IMG-20220825-WA0041.jpg 1620w\" sizes=\"(max-width: 300px) 100vw, 300px\" \/><br \/>\nSin duda, los socios y amigos de la industria continuar\u00e1n fortaleci\u00e9ndose y trabajando en conjunto para alcanzar estas cifras. \u201cEl objetivo es muy claro, ser un espacio para el encuentro, la generaci\u00f3n de negocios y capacitaci\u00f3n de la industria en Am\u00e9rica Latina. Esperamos haber contribuido a que los empresarios hayan consolidado negocios y nuevas fuentes de ingreso que les ayude a alcanzar las metas de 2022 para arrancar con el pie derecho el 2023. Estamos cumpliendo un sue\u00f1o, este IBTM Americas form\u00f3 parte de una nueva era de la Industria de Reuniones y el agradecimiento es para todos los socios que la componen, autoridades, secretarios de Turismo y profesionales que hacen de este evento un punto de referencia y encuentro\u201d, concluy\u00f3 el directivo.<br \/>\nIBTM Americas tambi\u00e9n reconoci\u00f3 el esfuerzo de los expositores para mostrar sus ofertas durante el evento y nombr\u00f3 a Panam\u00e1 (destino internacional) y a Morelos (destino nacional) como los dos mejores stands de esta edici\u00f3n. Por otra parte, a Totonal-Sustrai se le otorg\u00f3 la insignia &#8220;Agente de cambio&#8221; gracias a sus esfuerzos en<img decoding=\"async\" class=\"size-medium wp-image-381060 alignright\" src=\"https:\/\/dimensionturistica.com\/es\/wp-content\/uploads\/2022\/09\/IMG-20220825-WA0071-300x169.jpg\" alt=\"\" width=\"300\" height=\"169\" srcset=\"https:\/\/dimensionturistica.com\/es\/wp-content\/uploads\/2022\/09\/IMG-20220825-WA0071-300x169.jpg 300w, https:\/\/dimensionturistica.com\/es\/wp-content\/uploads\/2022\/09\/IMG-20220825-WA0071-1024x576.jpg 1024w, https:\/\/dimensionturistica.com\/es\/wp-content\/uploads\/2022\/09\/IMG-20220825-WA0071-768x432.jpg 768w, https:\/\/dimensionturistica.com\/es\/wp-content\/uploads\/2022\/09\/IMG-20220825-WA0071-750x422.jpg 750w, https:\/\/dimensionturistica.com\/es\/wp-content\/uploads\/2022\/09\/IMG-20220825-WA0071-1140x641.jpg 1140w, https:\/\/dimensionturistica.com\/es\/wp-content\/uploads\/2022\/09\/IMG-20220825-WA0071.jpg 1280w\" sizes=\"(max-width: 300px) 100vw, 300px\" \/> materia de sustentabilidad durante los dos d\u00edas de exposici\u00f3n.<br \/>\nPor \u00faltimo, Yucat\u00e1n realiz\u00f3 el pase de estafeta a Guadalajara como destino invitado de IBTM Americas 2023. En dicho evento, estuvieron presentes Michelle Fridman, secretaria de Fomento Tur\u00edstico de Yucat\u00e1n, David Hidalgo, director de IBTM Americas y Gustavo Staufert, director de la OFVC Guadalajara. El evento concluy\u00f3 con la presentaci\u00f3n del ballet folcl\u00f3rico de Yucat\u00e1n y el tradicional mariachi de Guadalajara.<br \/>\nM\u00e9xico, el turismo y la industria de Reuniones est\u00e1n listos para una gran alianza que ayude a que esta actividad retorne a su cauce antes de lo previsto y, sobre todo, que ponga las bases para que antes del 2025 recupere su energ\u00eda e impacto.<\/p>\n","protected":false},"excerpt":{"rendered":"<p>Con una Industria de Reuniones fortalecida, unida y optimista por la notoria recuperaci\u00f3n del sector, concluy\u00f3 IBTM Americas 2022. Cerca de 10,000 citas, alrededor de 1,000 millones de d\u00f3lares en oportunidades de negocio y una derrama econ\u00f3mica de m\u00e1s de 100 millones de pesos fue el resultado de la semana de actividades en que participaron [&hellip;]<\/p>\n","protected":false},"author":1,"featured_media":381054,"comment_status":"open","ping_status":"closed","sticky":false,"template":"","format":"standard","meta":{"om_disable_all_campaigns":false,"jnews-multi-image_gallery":[],"jnews_single_post":{"source_name":"","source_url":"","via_name":"","via_url":"","override_template":"0","override":[{"template":"1","single_blog_custom":"","parallax":"1","fullscreen":"1","layout":"right-sidebar","sidebar":"default-sidebar","second_sidebar":"default-sidebar","sticky_sidebar":"1","share_position":"top","share_float_style":"share-monocrhome","show_share_counter":"1","show_view_counter":"1","show_featured":"1","show_post_meta":"1","show_post_author":"1","show_post_author_image":"1","show_post_date":"1","post_date_format":"default","post_date_format_custom":"Y\/m\/d","show_post_category":"1","show_post_reading_time":"0","post_reading_time_wpm":"300","show_zoom_button":"0","zoom_button_out_step":"2","zoom_button_in_step":"3","show_post_tag":"1","show_prev_next_post":"1","show_popup_post":"1","number_popup_post":"1","show_author_box":"0","show_post_related":"0","show_inline_post_related":"0"}],"override_image_size":"0","image_override":[{"single_post_thumbnail_size":"crop-500","single_post_gallery_size":"crop-500"}],"trending_post":"0","trending_post_position":"meta","trending_post_label":"Trending","sponsored_post":"0","sponsored_post_label":"Sponsored by","sponsored_post_name":"","sponsored_post_url":"","sponsored_post_logo_enable":"0","sponsored_post_logo":"","sponsored_post_desc":"","disable_ad":"0"},"jnews_primary_category":{"id":""},"jnews_social_meta":{"fb_title":"","fb_description":"","fb_image":"","twitter_title":"","twitter_description":"","twitter_image":""},"footnotes":""},"categories":[40],"tags":[],"class_list":["post-381053","post","type-post","status-publish","format-standard","has-post-thumbnail","hentry","category-industria"],"_links":{"self":[{"href":"https:\/\/dimensionturistica.com\/es\/wp-json\/wp\/v2\/posts\/381053","targetHints":{"allow":["GET"]}}],"collection":[{"href":"https:\/\/dimensionturistica.com\/es\/wp-json\/wp\/v2\/posts"}],"about":[{"href":"https:\/\/dimensionturistica.com\/es\/wp-json\/wp\/v2\/types\/post"}],"author":[{"embeddable":true,"href":"https:\/\/dimensionturistica.com\/es\/wp-json\/wp\/v2\/users\/1"}],"replies":[{"embeddable":true,"href":"https:\/\/dimensionturistica.com\/es\/wp-json\/wp\/v2\/comments?post=381053"}],"version-history":[{"count":0,"href":"https:\/\/dimensionturistica.com\/es\/wp-json\/wp\/v2\/posts\/381053\/revisions"}],"wp:featuredmedia":[{"embeddable":true,"href":"https:\/\/dimensionturistica.com\/es\/wp-json\/wp\/v2\/media\/381054"}],"wp:attachment":[{"href":"https:\/\/dimensionturistica.com\/es\/wp-json\/wp\/v2\/media?parent=381053"}],"wp:term":[{"taxonomy":"category","embeddable":true,"href":"https:\/\/dimensionturistica.com\/es\/wp-json\/wp\/v2\/categories?post=381053"},{"taxonomy":"post_tag","embeddable":true,"href":"https:\/\/dimensionturistica.com\/es\/wp-json\/wp\/v2\/tags?post=381053"}],"curies":[{"name":"wp","href":"https:\/\/api.w.org\/{rel}","templated":true}]}}