{"id":381016,"date":"2022-09-04T17:59:42","date_gmt":"2022-09-04T17:59:42","guid":{"rendered":"https:\/\/dimensionturistica.com\/es\/?p=381016"},"modified":"2022-09-04T17:59:42","modified_gmt":"2022-09-04T17:59:42","slug":"la-carrera-panamericana-impulsara-la-diversificacion-turistica-y-la-economia-regional","status":"publish","type":"post","link":"https:\/\/dimensionturistica.com\/es\/la-carrera-panamericana-impulsara-la-diversificacion-turistica-y-la-economia-regional\/","title":{"rendered":"La Carrera Panamericana impulsar\u00e1 la diversificaci\u00f3n tur\u00edstica y la econom\u00eda regional"},"content":{"rendered":"<p><img decoding=\"async\" class=\"size-medium wp-image-381028 alignright\" src=\"https:\/\/dimensionturistica.com\/es\/wp-content\/uploads\/2022\/09\/Conferencia-de-prensa-Carrera-Panamericana-1-300x200.jpeg\" alt=\"\" width=\"300\" height=\"200\" srcset=\"https:\/\/dimensionturistica.com\/es\/wp-content\/uploads\/2022\/09\/Conferencia-de-prensa-Carrera-Panamericana-1-300x200.jpeg 300w, https:\/\/dimensionturistica.com\/es\/wp-content\/uploads\/2022\/09\/Conferencia-de-prensa-Carrera-Panamericana-1-768x512.jpeg 768w, https:\/\/dimensionturistica.com\/es\/wp-content\/uploads\/2022\/09\/Conferencia-de-prensa-Carrera-Panamericana-1-750x500.jpeg 750w, https:\/\/dimensionturistica.com\/es\/wp-content\/uploads\/2022\/09\/Conferencia-de-prensa-Carrera-Panamericana-1.jpeg 1024w\" sizes=\"(max-width: 300px) 100vw, 300px\" \/>El secretario de Turismo del Gobierno de M\u00e9xico, Miguel Torruco Marqu\u00e9s, anunci\u00f3 la edici\u00f3n 35 de la Carrera Panamericana, del 14 al 20 de octubre, evento deportivo que contribuir\u00e1 a impulsar la diversificaci\u00f3n tur\u00edstica y la econom\u00eda regional de las localidades que recorre la justa automovil\u00edstica de velocidad tipo rally en carretera m\u00e1s importante y de mayor recorrido en el mundo.<br \/>\nAcompa\u00f1ado de Eduardo Le\u00f3n Camargo y Karen Le\u00f3n Grossmann presidente Honorario y directora general de la Carrera Panamericana respectivamente, y ante secretarios de Turismo estatales, autoridades y empresarios, el titular de la Secretar\u00eda de Turismo (Sectur) detall\u00f3 que la 35\u00aa Carrera tendr\u00e1 un recorrido de 3 mil 160<img decoding=\"async\" class=\"size-medium wp-image-381025 alignright\" src=\"https:\/\/dimensionturistica.com\/es\/wp-content\/uploads\/2022\/09\/Conferencia-de-prensa-Carrera-Panamericana-10-300x200.jpeg\" alt=\"\" width=\"300\" height=\"200\" srcset=\"https:\/\/dimensionturistica.com\/es\/wp-content\/uploads\/2022\/09\/Conferencia-de-prensa-Carrera-Panamericana-10-300x200.jpeg 300w, https:\/\/dimensionturistica.com\/es\/wp-content\/uploads\/2022\/09\/Conferencia-de-prensa-Carrera-Panamericana-10-768x512.jpeg 768w, https:\/\/dimensionturistica.com\/es\/wp-content\/uploads\/2022\/09\/Conferencia-de-prensa-Carrera-Panamericana-10-750x500.jpeg 750w, https:\/\/dimensionturistica.com\/es\/wp-content\/uploads\/2022\/09\/Conferencia-de-prensa-Carrera-Panamericana-10.jpeg 1024w\" sizes=\"(max-width: 300px) 100vw, 300px\" \/> kil\u00f3metros, partiendo del estado de Veracruz y pasando por Oaxaca, Ciudad de M\u00e9xico, Quer\u00e9taro, Michoac\u00e1n, Guanajuato, San Luis Potos\u00ed, para concluir en Durango, y se prev\u00e9 la participaci\u00f3n de 80 autos.<br \/>\nDestac\u00f3 que este evento generar\u00e1 una derrama econ\u00f3mica de 50 millones de pesos, lo que representa un incremento del 11.8% respecto a lo alcanzado en 2021; esto, como resultado de la contrataci\u00f3n de servicios tur\u00edsticos, entre ellos, alojamiento, alimentaci\u00f3n y transporte por parte de competidores, equipos de soporte, staff del comit\u00e9 organizador y p\u00fablico en general.<br \/>\n\u201cSin duda, este espect\u00e1culo abonar\u00e1 a la recuperaci\u00f3n econ\u00f3mica del sector tur\u00edstico de M\u00e9xico, dado que impactar\u00e1 de manera positiva en muchas actividades productivas que conforman la cadena de valor tur\u00edstica, como los establecimientos de servicios gastron\u00f3micos, las peque\u00f1as y medianas empresas de alojamiento, los<img decoding=\"async\" class=\"size-medium wp-image-381026 alignright\" src=\"https:\/\/dimensionturistica.com\/es\/wp-content\/uploads\/2022\/09\/Conferencia-de-prensa-Carrera-Panamericana-2-300x200.jpeg\" alt=\"\" width=\"300\" height=\"200\" srcset=\"https:\/\/dimensionturistica.com\/es\/wp-content\/uploads\/2022\/09\/Conferencia-de-prensa-Carrera-Panamericana-2-300x200.jpeg 300w, https:\/\/dimensionturistica.com\/es\/wp-content\/uploads\/2022\/09\/Conferencia-de-prensa-Carrera-Panamericana-2-768x512.jpeg 768w, https:\/\/dimensionturistica.com\/es\/wp-content\/uploads\/2022\/09\/Conferencia-de-prensa-Carrera-Panamericana-2-750x500.jpeg 750w, https:\/\/dimensionturistica.com\/es\/wp-content\/uploads\/2022\/09\/Conferencia-de-prensa-Carrera-Panamericana-2.jpeg 1024w\" sizes=\"(max-width: 300px) 100vw, 300px\" \/> artesanos, los gu\u00edas de turistas, los prestadores de servicios tur\u00edsticos dedicados al segmento de naturaleza, por mencionar algunos\u201d, declar\u00f3 Torruco Marqu\u00e9s.<br \/>\nAgreg\u00f3 que \u201ccon acciones como \u00e9sta, cumplimos con la misi\u00f3n que nos encomend\u00f3 el presidente de M\u00e9xico, Andr\u00e9s Manuel L\u00f3pez Obrador, de hacer del turismo una herramienta de reconciliaci\u00f3n social y de beneficio a las poblaciones locales. En este caso, llevamos adem\u00e1s el deporte del automovilismo a sectores de la sociedad que regularmente no tienen acceso a eventos de esta \u00edndole\u201d.<br \/>\nEl secretario de Turismo refiri\u00f3 que esta legendaria competencia, en una primera etapa, se realiz\u00f3 de 1950 a 1954, posteriormente se retom\u00f3 en 1988, y hoy permite a participantes y aficionados a este deporte, conocer f\u00edsica y virtualmente los atractivos tur\u00edsticos de M\u00e9xico, motiv\u00e1ndolos a que nos visiten.<img decoding=\"async\" class=\"size-medium wp-image-381024 alignright\" src=\"https:\/\/dimensionturistica.com\/es\/wp-content\/uploads\/2022\/09\/Conferencia-de-prensa-Carrera-Panamericana-5-300x200.jpeg\" alt=\"\" width=\"300\" height=\"200\" srcset=\"https:\/\/dimensionturistica.com\/es\/wp-content\/uploads\/2022\/09\/Conferencia-de-prensa-Carrera-Panamericana-5-300x200.jpeg 300w, https:\/\/dimensionturistica.com\/es\/wp-content\/uploads\/2022\/09\/Conferencia-de-prensa-Carrera-Panamericana-5-768x512.jpeg 768w, https:\/\/dimensionturistica.com\/es\/wp-content\/uploads\/2022\/09\/Conferencia-de-prensa-Carrera-Panamericana-5-750x500.jpeg 750w, https:\/\/dimensionturistica.com\/es\/wp-content\/uploads\/2022\/09\/Conferencia-de-prensa-Carrera-Panamericana-5.jpeg 1024w\" sizes=\"(max-width: 300px) 100vw, 300px\" \/><br \/>\nSe\u00f1al\u00f3 que dada esta trascendencia, en 2019 Sectur y la Carrera Panamericana formalizaron una alianza estrat\u00e9gica de promoci\u00f3n de nuestros destinos y del deporte automotor, por seis a\u00f1os, sin implicar un gasto para la federaci\u00f3n.<br \/>\nEn su edici\u00f3n 2021, la marca M\u00e9xico tuvo presencia a nivel nacional, con un total de 3 mil 167 publicaciones y m\u00e1s de 284 millones de impactos a trav\u00e9s de televisi\u00f3n, radio, redes sociales, revistas y peri\u00f3dicos; adem\u00e1s el hashtag #PanamericanaPorM\u00e9xico, alcanz\u00f3 254.2 millones de impactos, indic\u00f3 El titular de Sectur.<br \/>\nSubray\u00f3 que la carrera fue transmitida, por segundo a\u00f1o consecutivo, v\u00eda streaming, llegando a 42 pa\u00edses, y en 71 canales de televisi\u00f3n, difundi\u00e9ndose en 153 naciones; y este a\u00f1o nuevamente ser\u00e1 transmitida v\u00eda live streaming, para que de esta forma, tanto la carrera como las riquezas naturales y culturales de M\u00e9xico tengan una mayor proyecci\u00f3n global.<br \/>\nTorruco Marqu\u00e9s puntualiz\u00f3 que la Carrera Panamericana estuvo presente con un stand, en el Primer Tianguis Internacional de Pueblos M\u00e1gicos, que se llev\u00f3 a cabo en Barcelona, Espa\u00f1a, en abril pasado, as\u00ed como en la 46 edici\u00f3n del Tianguis Tur\u00edstico M\u00e9xico, celebrado en Acapulco, Guerrero, en mayo del presente a\u00f1o.<img decoding=\"async\" class=\"size-medium wp-image-381020 alignright\" src=\"https:\/\/dimensionturistica.com\/es\/wp-content\/uploads\/2022\/09\/Conferencia-de-prensa-Carrera-Panamericana-7-300x200.jpeg\" alt=\"\" width=\"300\" height=\"200\" srcset=\"https:\/\/dimensionturistica.com\/es\/wp-content\/uploads\/2022\/09\/Conferencia-de-prensa-Carrera-Panamericana-7-300x200.jpeg 300w, https:\/\/dimensionturistica.com\/es\/wp-content\/uploads\/2022\/09\/Conferencia-de-prensa-Carrera-Panamericana-7-768x512.jpeg 768w, https:\/\/dimensionturistica.com\/es\/wp-content\/uploads\/2022\/09\/Conferencia-de-prensa-Carrera-Panamericana-7-750x500.jpeg 750w, https:\/\/dimensionturistica.com\/es\/wp-content\/uploads\/2022\/09\/Conferencia-de-prensa-Carrera-Panamericana-7.jpeg 1024w\" sizes=\"(max-width: 300px) 100vw, 300px\" \/><br \/>\nPor su parte, la secretaria de Turismo de la Ciudad de M\u00e9xico, Nathalie Veronique Desplas Puel, destac\u00f3 que la capital del pa\u00eds es un destino que lo tiene todo, y ahora hasta la Carrera Panamericana, que ser\u00e1 un evento relevante para la recuperaci\u00f3n y la ocupaci\u00f3n hotelera.<br \/>\nEn su oportunidad, Eduardo Le\u00f3n Camargo, presidente Honorario de la Carrera Panamericana, reconoci\u00f3 al secretario de Turismo, Miguel Torruco Marqu\u00e9s, por el apoyo para la realizaci\u00f3n de este evento, al enfatizar que \u201cretomar este proyecto de los a\u00f1os 50 se ve\u00eda poco viable, pero de mano de las autoridades y entusiastas, logramos revivir esta presencia de M\u00e9xico en el mundo\u201d.<br \/>\nEn tanto, Karen Le\u00f3n Grossmann, directora general de la Carrera Panamericana, puntualiz\u00f3 que esta carrera es un tributo a M\u00e9xico. \u201cLos \u00faltimos dos a\u00f1os han sido de desaf\u00edos, pero en esta ocasi\u00f3n podremos celebrar una carrera \u2018normal\u2019. Estamos listos para impulsar a cada uno de los destinos\u201d.<br \/>\nEn la presentaci\u00f3n de la Carrera Panamericana, que se llev\u00f3 a cabo en el Castillo de Chapultepec, en la Ciudad de M\u00e9xico, se le hizo entrega de un reconocimiento al titular de Sectur, de manos de Eduardo Le\u00f3n y Karen Le\u00f3n, por su continuo apoyo y compromiso por fortalecer el turismo deportivo a trav\u00e9s del automovilismo. Posteriormente se devel\u00f3 el cartel oficial de la 35\u00aa edici\u00f3n de la Carrera Panamericana.<img decoding=\"async\" class=\"size-medium wp-image-381017 alignright\" src=\"https:\/\/dimensionturistica.com\/es\/wp-content\/uploads\/2022\/09\/Conferencia-de-prensa-Carrera-Panamericana-11-300x200.jpeg\" alt=\"\" width=\"300\" height=\"200\" srcset=\"https:\/\/dimensionturistica.com\/es\/wp-content\/uploads\/2022\/09\/Conferencia-de-prensa-Carrera-Panamericana-11-300x200.jpeg 300w, https:\/\/dimensionturistica.com\/es\/wp-content\/uploads\/2022\/09\/Conferencia-de-prensa-Carrera-Panamericana-11-768x512.jpeg 768w, https:\/\/dimensionturistica.com\/es\/wp-content\/uploads\/2022\/09\/Conferencia-de-prensa-Carrera-Panamericana-11-750x500.jpeg 750w, https:\/\/dimensionturistica.com\/es\/wp-content\/uploads\/2022\/09\/Conferencia-de-prensa-Carrera-Panamericana-11.jpeg 1024w\" sizes=\"(max-width: 300px) 100vw, 300px\" \/><br \/>\nEn el evento estuvieron presentes tambi\u00e9n, los secretarios de Turismo de Veracruz, Iv\u00e1n Francisco Mart\u00ednez Olvera; de Durango, Eleazar Gamboa de la Parra; y en video el titular de Oaxaca y presidente de la Asociaci\u00f3n de Secretario de Turismo (Asetur), Juan Carlos Rivera Castellanos.<br \/>\nAs\u00ed como representantes de las Secretar\u00edas de Turismo de Quer\u00e9taro, Michoac\u00e1n, Guanajuato, y San Luis Potos\u00ed; adem\u00e1s de la Secretar\u00eda de la Defensa Nacional (Sedena), Guardia Nacional, y la Secretar\u00eda de Infraestructura, Comunicaciones y Transportes (SICT).<br \/>\nDestac\u00f3 la presencia de Jorge Abed, presidente de la Organizaci\u00f3n Mexicana de Automovilismo Internacional; Ignacio Rodr\u00edguez, presidente de la Comisi\u00f3n de Rallies de M\u00e9xico; y el piloto Ricardo Cordero, tetracampe\u00f3n de la Carrera Panamericana.<\/p>\n<p>&nbsp;<\/p>\n","protected":false},"excerpt":{"rendered":"<p>El secretario de Turismo del Gobierno de M\u00e9xico, Miguel Torruco Marqu\u00e9s, anunci\u00f3 la edici\u00f3n 35 de la Carrera Panamericana, del 14 al 20 de octubre, evento deportivo que contribuir\u00e1 a impulsar la diversificaci\u00f3n tur\u00edstica y la econom\u00eda regional de las localidades que recorre la justa automovil\u00edstica de velocidad tipo rally en carretera m\u00e1s importante y [&hellip;]<\/p>\n","protected":false},"author":1,"featured_media":381027,"comment_status":"open","ping_status":"closed","sticky":false,"template":"","format":"standard","meta":{"om_disable_all_campaigns":false,"jnews-multi-image_gallery":[],"jnews_single_post":{"source_name":"","source_url":"","via_name":"","via_url":"","override_template":"0","override":[{"template":"1","single_blog_custom":"","parallax":"1","fullscreen":"1","layout":"right-sidebar","sidebar":"default-sidebar","second_sidebar":"default-sidebar","sticky_sidebar":"1","share_position":"top","share_float_style":"share-monocrhome","show_share_counter":"1","show_view_counter":"1","show_featured":"1","show_post_meta":"1","show_post_author":"1","show_post_author_image":"1","show_post_date":"1","post_date_format":"default","post_date_format_custom":"Y\/m\/d","show_post_category":"1","show_post_reading_time":"0","post_reading_time_wpm":"300","show_zoom_button":"0","zoom_button_out_step":"2","zoom_button_in_step":"3","show_post_tag":"1","show_prev_next_post":"1","show_popup_post":"1","number_popup_post":"1","show_author_box":"0","show_post_related":"0","show_inline_post_related":"0"}],"override_image_size":"0","image_override":[{"single_post_thumbnail_size":"crop-500","single_post_gallery_size":"crop-500"}],"trending_post":"0","trending_post_position":"meta","trending_post_label":"Trending","sponsored_post":"0","sponsored_post_label":"Sponsored by","sponsored_post_name":"","sponsored_post_url":"","sponsored_post_logo_enable":"0","sponsored_post_logo":"","sponsored_post_desc":"","disable_ad":"0"},"jnews_primary_category":{"id":""},"jnews_social_meta":{"fb_title":"","fb_description":"","fb_image":"","twitter_title":"","twitter_description":"","twitter_image":""},"footnotes":""},"categories":[39],"tags":[],"class_list":["post-381016","post","type-post","status-publish","format-standard","has-post-thumbnail","hentry","category-viajes"],"_links":{"self":[{"href":"https:\/\/dimensionturistica.com\/es\/wp-json\/wp\/v2\/posts\/381016","targetHints":{"allow":["GET"]}}],"collection":[{"href":"https:\/\/dimensionturistica.com\/es\/wp-json\/wp\/v2\/posts"}],"about":[{"href":"https:\/\/dimensionturistica.com\/es\/wp-json\/wp\/v2\/types\/post"}],"author":[{"embeddable":true,"href":"https:\/\/dimensionturistica.com\/es\/wp-json\/wp\/v2\/users\/1"}],"replies":[{"embeddable":true,"href":"https:\/\/dimensionturistica.com\/es\/wp-json\/wp\/v2\/comments?post=381016"}],"version-history":[{"count":0,"href":"https:\/\/dimensionturistica.com\/es\/wp-json\/wp\/v2\/posts\/381016\/revisions"}],"wp:featuredmedia":[{"embeddable":true,"href":"https:\/\/dimensionturistica.com\/es\/wp-json\/wp\/v2\/media\/381027"}],"wp:attachment":[{"href":"https:\/\/dimensionturistica.com\/es\/wp-json\/wp\/v2\/media?parent=381016"}],"wp:term":[{"taxonomy":"category","embeddable":true,"href":"https:\/\/dimensionturistica.com\/es\/wp-json\/wp\/v2\/categories?post=381016"},{"taxonomy":"post_tag","embeddable":true,"href":"https:\/\/dimensionturistica.com\/es\/wp-json\/wp\/v2\/tags?post=381016"}],"curies":[{"name":"wp","href":"https:\/\/api.w.org\/{rel}","templated":true}]}}