{"id":381007,"date":"2022-09-04T17:47:00","date_gmt":"2022-09-04T17:47:00","guid":{"rendered":"https:\/\/dimensionturistica.com\/es\/?p=381007"},"modified":"2022-09-04T17:47:00","modified_gmt":"2022-09-04T17:47:00","slug":"expo-med-ofrecio-durante-su-13va-edicion-el-mejor-espacio-para-una-mejor-negociacion-en-la-industria-de-la-salud","status":"publish","type":"post","link":"https:\/\/dimensionturistica.com\/es\/expo-med-ofrecio-durante-su-13va-edicion-el-mejor-espacio-para-una-mejor-negociacion-en-la-industria-de-la-salud\/","title":{"rendered":"Expo Med ofreci\u00f3 durante su 13va edici\u00f3n el mejor espacio para una mejor negociaci\u00f3n en la Industria de la Salud"},"content":{"rendered":"<p><img decoding=\"async\" class=\" wp-image-381011 alignright\" src=\"https:\/\/dimensionturistica.com\/es\/wp-content\/uploads\/2022\/09\/banamex-300x225.jpg\" alt=\"\" width=\"383\" height=\"287\" srcset=\"https:\/\/dimensionturistica.com\/es\/wp-content\/uploads\/2022\/09\/banamex-300x225.jpg 300w, https:\/\/dimensionturistica.com\/es\/wp-content\/uploads\/2022\/09\/banamex.jpg 474w\" sizes=\"(max-width: 383px) 100vw, 383px\" \/> Expo Med, la exposici\u00f3n l\u00edder del sector salud en M\u00e9xico y Centroam\u00e9rica, ofreci\u00f3 una conferencia de prensa donde, voceros de la industria, dieron a conocer los retos que representa el crecimiento de la industria y la importancia de la edici\u00f3n presencial de Expo Med para el sector.<br \/>\nExpo Med reunir\u00e1 de manera presencial las mejores oportunidades de negocio para los profesionales del sector salud en un solo lugar, as\u00ed lo indicaron Adri\u00e1n L\u00f3pez, managing director de Informa Markets M\u00e9xico, Yesenia V\u00e1zquez Monroy, directora de los portafolios de hospitalidad y salud de Informa Markets M\u00e9xico, H\u00e9ctor Valle Mesto, presiente de la Fundaci\u00f3n Mexicana para la Salud (FUNSALUD), el doctor Heberto Arboleya, presidente de la Asociaci\u00f3n Mexicana de Hospitales A.C. (AMH) y la doctora Ana Riquelme, directora ejecutiva de la Asociaci\u00f3n Mexicana de Industrias Innovadoras de Dispositivos M\u00e9dicos (AMID).<br \/>\nEl sector salud representa el 5.5% del PIB nacional, sin embargo, M\u00e9xico se posiciona como uno de los pa\u00edses de la OCDE que menos invierten en salud, en proporci\u00f3n a su econom\u00eda, de acuerdo con el INEGI. Del total del PIB sanitario registrado en el pa\u00eds en 2020, una quinta parte corresponde a servicios hospitalarios, el segmento con mayor porcentaje del gasto, seguido por los servicios m\u00e9dicos de atenci\u00f3n ambulatoria, de ah\u00ed deriva la importancia de plataformas como Expo Med, que reune en un mismo lugar a tomadores de decisi\u00f3n y proveedores para generar negociaciones de valor.<br \/>\n\u201cCon el lanzamiento de la edici\u00f3n n\u00famero 13, que se realizar\u00e1 de manera presencial, Expo Med continua con su visi\u00f3n de impulsar el crecimiento de la cadena productiva y de valor de la industria de la salud, as\u00ed como generar conexiones exitosas de negocios los 365 d\u00edas de a\u00f1o\u201d, se\u00f1al\u00f3 Adri\u00e1n L\u00f3pez, managing director de Informa Markets M\u00e9xico, \u201ceste a\u00f1o, esperamos la presencia de m\u00e1s de 6,000 profesionales de la salud y m\u00e1s de 100 expositores, que incluyen fabricantes de equipo especializado y distribuidores de dispositivos m\u00e9dicos\u201d, finaliz\u00f3.<br \/>\nEl evento l\u00edder en M\u00e9xico y Centroam\u00e9rica con m\u00e1s de 11 a\u00f1os de experiencia est\u00e1 dirigido a los profesionales de la industria del cuidado de la salud y cada a\u00f1o presenta la oferta m\u00e1s completa de dispositivos m\u00e9dicos, tecnolog\u00edas de vanguardia, y toda la proveedur\u00eda para equipar hospitales, cl\u00ednicas y laboratorios.<br \/>\n&#8220;Nuestro objetivo es impulsar el crecimiento de la cadena productiva y de valor de la industria, creando una plataforma de negocios donde profesionales y tomadores de decisi\u00f3n tengan la oportunidad de hacer<img decoding=\"async\" class=\" wp-image-381013 alignleft\" src=\"https:\/\/dimensionturistica.com\/es\/wp-content\/uploads\/2022\/09\/MEDICINAL2-300x182.jpg\" alt=\"\" width=\"490\" height=\"297\" srcset=\"https:\/\/dimensionturistica.com\/es\/wp-content\/uploads\/2022\/09\/MEDICINAL2-300x182.jpg 300w, https:\/\/dimensionturistica.com\/es\/wp-content\/uploads\/2022\/09\/MEDICINAL2.jpg 450w\" sizes=\"(max-width: 490px) 100vw, 490px\" \/> negociaciones efectivas, en esta edici\u00f3n hemos visto mejor y mayor participaci\u00f3n de los expositores, tendremos m\u00e1s de 5 mil metros cuadrados de piso de exhibici\u00f3n&#8221;, destac\u00f3 Yesenia V\u00e1zquez Monroydirectora de los portafolios de hospitalidad y salud de Informa Markets M\u00e9xico. &#8220;En Expo Med los visitantes podr\u00e1n encontrar la mejor oferta en dispositivos m\u00e9dicos, innovaciones y tecnolog\u00eda, queremos que el evento sea un espacio que brinde nuevas oportunidades para mantener conectado e impulsar al sector salud en M\u00e9xico&#8221;, finaliz\u00f3.<br \/>\nExpo Med busca conectar con los compradores y proveedores en piso de exhibici\u00f3n, acercar los productos o servicios a los tomadores de decisi\u00f3n, as\u00ed como expandir oportunidades de negocio y brindar un mayor retorno de inversi\u00f3n a expositores y visitantes.<br \/>\nPor su parte, H\u00e9ctor Valle Mesto, presiente Fundaci\u00f3n Mexicana para la Salud se\u00f1al\u00f3 que \u201cEn FUNSALUD, una de las grandes preocupaciones por las que trabajamos es para cerrar las brechas de acceso a la salud. Para tener buen servicio de salud, debemos tener personal de salud y buena infraestructura m\u00e9dica, este evento funciona para conocer cu\u00e1les son las nuevas tecnolog\u00edas que se deben incorporar, y todo lo que podemos escuchar de grandes conferencistas\u201d, finaliz\u00f3.<br \/>\nLa pandemia ha visibilizado el trabajo de diferentes especialidades y servicios m\u00e9dicos, entre ellos, la labor de los laboratorios de microbiolog\u00eda y an\u00e1lisis cl\u00ednicos, responsables de las pruebas de Covid-19 y la gesti\u00f3n de la informaci\u00f3n de resultados. Este sector ha evolucionado de forma acelerada en los \u00faltimos a\u00f1os, ahora busca tecnolog\u00edas y herramientas que permitan la entrada de muestras de pacientes, exportaci\u00f3n y consulta de resultados, as\u00ed como de soluciones de salud p\u00fablica en materia de control de enfermedades.<br \/>\nDurante los tres d\u00edas de Expo Med, se llevar\u00e1 a cabo en piso de exhibici\u00f3n The Healthcare Strategy Summit en el que, los expertos analizar\u00e1n los desaf\u00edos y las oportunidades que tiene la industria, despu\u00e9s de haber enfrentado una pandemia que demostr\u00f3 que el sector no estaba preparado para una crisis sanitaria de esta magnitud, pero que supo sortear las adversidades y que ahora exige una evoluci\u00f3n en nuevas tecnolog\u00edas y dispositivos m\u00e9dicos.<br \/>\n\u201cUno de los grandes retos para nosotros es propiciar innovaci\u00f3n para el sector p\u00fablico y privado, la AMID tiene por ADN el difundir el acceso a dispositivimos m\u00e9dicos y tecnolog\u00eda innovadora para mejorar la atenci\u00f3n de los pacientes\u201d se\u00f1al\u00f3 la Dra. Ana Riquelme, directora ejecutiva de la Asociaci\u00f3n Mexicana de Industrias Innovadoras de Dispositivos M\u00e9dicos \u201cExpo Med nos ha apoyado a propiciar la importancia del uso de tecnologia innovadora en la industria, en este foro de Expo Med yo celebro que no solo tienen un portafolio muy amplio en proveedur\u00eda, tambi\u00e9n, tendr\u00e1n una plataforma para dialogar los temas de inter\u00e9s para el sector salud\u201d, concluy\u00f3.<br \/>\nExpo Med bridar\u00e1 una plataforma con canales \u00f3ptimos para la proveedur\u00eda de vanguardia para llevar a la industria a liderar la innovaci\u00f3n inform\u00e1tica y diagnostica con el compromiso de ser un socio preferente y de confianza.<\/p>\n<p>&nbsp;<\/p>\n<p>\u201cLa pandemia nos vino a cambiar a todos tanto en las casas como en las unidades hospitalarias; tuvimos que aprender a trabajar de forma diferente y muchas de las actividades que hoy todos realizamos diariamente como comprar o pedir comida las hacemos con un smartphone, y la industria medica no est\u00e1 ajena a eso; tenemos que evolucionar en las nuevas tecnolog\u00edas y es uno de los puntos que veremos durante Expomed, debemos tener un mejor uso e incluso una mejor regulaci\u00f3n sobre estos temas\u201d, mencion\u00f3 Heberto Arboleya, presidente de la Asociaci\u00f3n de Hospitales A.C.<br \/>\nAdem\u00e1s, ISSA, la asociaci\u00f3n mundial m\u00e1s reconocida en servicios y distribuci\u00f3n de productos y servicios de limpieza estar\u00e1 presente en Expo Med. Durante tres d\u00edas, los asistentes tendr\u00e1n la oportunidad de visitar el pabell\u00f3n ISSA que conecta a compradores y tomadores de decisi\u00f3n de hospitales, cl\u00ednicas y negocios de salud, con los mejores proveedores de servicios y distribuci\u00f3n de productos y servicios de limpieza. La asociaci\u00f3n busca crear una comunidad global de limpieza en la que cualquier profesional encuentre informaci\u00f3n valiosa, recursos, oportunidades de negocio y soporte.<br \/>\nExpo Med, la exposici\u00f3n l\u00edder del sector salud en M\u00e9xico y Centroam\u00e9rica estar\u00e1 dirigida a los profesionales de la industria del cuidado de la salud con el fin de impulsar el crecimiento de la cadena productiva y de valor de la industria generando conexiones exitosas de negocios del 31 de agosto al 2 septiembre 2022 en Centro Citibanamex, CDMX. Para registrarse en la edici\u00f3n 2022 de Expo Med los interesados deber\u00e1n acceder a esta liga. Para m\u00e1s informaci\u00f3n visite www.expomed.com.mx y www.pavilionissa.com.mx<\/p>\n","protected":false},"excerpt":{"rendered":"<p>Expo Med, la exposici\u00f3n l\u00edder del sector salud en M\u00e9xico y Centroam\u00e9rica, ofreci\u00f3 una conferencia de prensa donde, voceros de la industria, dieron a conocer los retos que representa el crecimiento de la industria y la importancia de la edici\u00f3n presencial de Expo Med para el sector. Expo Med reunir\u00e1 de manera presencial las mejores [&hellip;]<\/p>\n","protected":false},"author":1,"featured_media":381012,"comment_status":"open","ping_status":"closed","sticky":false,"template":"","format":"standard","meta":{"om_disable_all_campaigns":false,"jnews-multi-image_gallery":[],"jnews_single_post":{"source_name":"","source_url":"","via_name":"","via_url":"","override_template":"0","override":[{"template":"1","single_blog_custom":"","parallax":"1","fullscreen":"1","layout":"right-sidebar","sidebar":"default-sidebar","second_sidebar":"default-sidebar","sticky_sidebar":"1","share_position":"top","share_float_style":"share-monocrhome","show_share_counter":"1","show_view_counter":"1","show_featured":"1","show_post_meta":"1","show_post_author":"1","show_post_author_image":"1","show_post_date":"1","post_date_format":"default","post_date_format_custom":"Y\/m\/d","show_post_category":"1","show_post_reading_time":"0","post_reading_time_wpm":"300","show_zoom_button":"0","zoom_button_out_step":"2","zoom_button_in_step":"3","show_post_tag":"1","show_prev_next_post":"1","show_popup_post":"1","number_popup_post":"1","show_author_box":"0","show_post_related":"0","show_inline_post_related":"0"}],"override_image_size":"0","image_override":[{"single_post_thumbnail_size":"crop-500","single_post_gallery_size":"crop-500"}],"trending_post":"0","trending_post_position":"meta","trending_post_label":"Trending","sponsored_post":"0","sponsored_post_label":"Sponsored by","sponsored_post_name":"","sponsored_post_url":"","sponsored_post_logo_enable":"0","sponsored_post_logo":"","sponsored_post_desc":"","disable_ad":"0"},"jnews_primary_category":{"id":""},"jnews_social_meta":{"fb_title":"","fb_description":"","fb_image":"","twitter_title":"","twitter_description":"","twitter_image":""},"footnotes":""},"categories":[40],"tags":[],"class_list":["post-381007","post","type-post","status-publish","format-standard","has-post-thumbnail","hentry","category-industria"],"_links":{"self":[{"href":"https:\/\/dimensionturistica.com\/es\/wp-json\/wp\/v2\/posts\/381007","targetHints":{"allow":["GET"]}}],"collection":[{"href":"https:\/\/dimensionturistica.com\/es\/wp-json\/wp\/v2\/posts"}],"about":[{"href":"https:\/\/dimensionturistica.com\/es\/wp-json\/wp\/v2\/types\/post"}],"author":[{"embeddable":true,"href":"https:\/\/dimensionturistica.com\/es\/wp-json\/wp\/v2\/users\/1"}],"replies":[{"embeddable":true,"href":"https:\/\/dimensionturistica.com\/es\/wp-json\/wp\/v2\/comments?post=381007"}],"version-history":[{"count":0,"href":"https:\/\/dimensionturistica.com\/es\/wp-json\/wp\/v2\/posts\/381007\/revisions"}],"wp:featuredmedia":[{"embeddable":true,"href":"https:\/\/dimensionturistica.com\/es\/wp-json\/wp\/v2\/media\/381012"}],"wp:attachment":[{"href":"https:\/\/dimensionturistica.com\/es\/wp-json\/wp\/v2\/media?parent=381007"}],"wp:term":[{"taxonomy":"category","embeddable":true,"href":"https:\/\/dimensionturistica.com\/es\/wp-json\/wp\/v2\/categories?post=381007"},{"taxonomy":"post_tag","embeddable":true,"href":"https:\/\/dimensionturistica.com\/es\/wp-json\/wp\/v2\/tags?post=381007"}],"curies":[{"name":"wp","href":"https:\/\/api.w.org\/{rel}","templated":true}]}}