{"id":380982,"date":"2022-09-04T17:13:29","date_gmt":"2022-09-04T17:13:29","guid":{"rendered":"https:\/\/dimensionturistica.com\/es\/?p=380982"},"modified":"2022-09-04T17:13:29","modified_gmt":"2022-09-04T17:13:29","slug":"regresa-calaverandia-parque-tematico-de-dia-de-muertos","status":"publish","type":"post","link":"https:\/\/dimensionturistica.com\/es\/regresa-calaverandia-parque-tematico-de-dia-de-muertos\/","title":{"rendered":"Regresa calaverandia, Parque Tem\u00e1tico de D\u00eda de Muertos"},"content":{"rendered":"<p><img decoding=\"async\" class=\"size-medium wp-image-380986 alignright\" src=\"https:\/\/dimensionturistica.com\/es\/wp-content\/uploads\/2022\/09\/unnamed-1-7-300x200.jpg\" alt=\"\" width=\"300\" height=\"200\" srcset=\"https:\/\/dimensionturistica.com\/es\/wp-content\/uploads\/2022\/09\/unnamed-1-7-300x200.jpg 300w, https:\/\/dimensionturistica.com\/es\/wp-content\/uploads\/2022\/09\/unnamed-1-7-1024x683.jpg 1024w, https:\/\/dimensionturistica.com\/es\/wp-content\/uploads\/2022\/09\/unnamed-1-7-768x512.jpg 768w, https:\/\/dimensionturistica.com\/es\/wp-content\/uploads\/2022\/09\/unnamed-1-7-750x500.jpg 750w, https:\/\/dimensionturistica.com\/es\/wp-content\/uploads\/2022\/09\/unnamed-1-7-1140x760.jpg 1140w, https:\/\/dimensionturistica.com\/es\/wp-content\/uploads\/2022\/09\/unnamed-1-7.jpg 1440w\" sizes=\"(max-width: 300px) 100vw, 300px\" \/>Tras dos a\u00f1os de ausencia, Calaverandia, el parque tem\u00e1tico inspirado en la celebraci\u00f3n mexicana del D\u00eda de Muertos, regresa a la capital jalisciense a partir del 02 de noviembre.<br \/>\nTecnolog\u00eda y tradici\u00f3n son las caracter\u00edsticas principales de esta experiencia, que para su tercera edici\u00f3n estrenar\u00e1 sede en el Parque Metropolitano, un espacio con alrededor de 108 hect\u00e1reas donde se distribuir\u00e1n los diferentes escenarios, recorridos y ex<\/p>\n<p><img decoding=\"async\" class=\"size-medium wp-image-380993 alignleft\" src=\"https:\/\/dimensionturistica.com\/es\/wp-content\/uploads\/2022\/09\/Foto-de-Facebook-Calaverandia-11-200x300.jpg\" alt=\"\" width=\"200\" height=\"300\" srcset=\"https:\/\/dimensionturistica.com\/es\/wp-content\/uploads\/2022\/09\/Foto-de-Facebook-Calaverandia-11-200x300.jpg 200w, https:\/\/dimensionturistica.com\/es\/wp-content\/uploads\/2022\/09\/Foto-de-Facebook-Calaverandia-11-683x1024.jpg 683w, https:\/\/dimensionturistica.com\/es\/wp-content\/uploads\/2022\/09\/Foto-de-Facebook-Calaverandia-11-768x1152.jpg 768w, https:\/\/dimensionturistica.com\/es\/wp-content\/uploads\/2022\/09\/Foto-de-Facebook-Calaverandia-11-1024x1536.jpg 1024w, https:\/\/dimensionturistica.com\/es\/wp-content\/uploads\/2022\/09\/Foto-de-Facebook-Calaverandia-11-750x1125.jpg 750w, https:\/\/dimensionturistica.com\/es\/wp-content\/uploads\/2022\/09\/Foto-de-Facebook-Calaverandia-11-1140x1710.jpg 1140w, https:\/\/dimensionturistica.com\/es\/wp-content\/uploads\/2022\/09\/Foto-de-Facebook-Calaverandia-11.jpg 1365w\" sizes=\"(max-width: 200px) 100vw, 200px\" \/><\/p>\n<p>periencias multimedia.<br \/>\nComo en ediciones anteriores, Calaverandia reflejar\u00e1 el esp\u00edritu de esta festividad, considerada Patrimonio Oral e Inmaterial de la Humanidad de la<img decoding=\"async\" class=\"size-medium wp-image-380992 alignright\" src=\"https:\/\/dimensionturistica.com\/es\/wp-content\/uploads\/2022\/09\/Foto-de-Facebook-Calaverandia-9-300x200.jpg\" alt=\"\" width=\"300\" height=\"200\" srcset=\"https:\/\/dimensionturistica.com\/es\/wp-content\/uploads\/2022\/09\/Foto-de-Facebook-Calaverandia-9-300x200.jpg 300w, https:\/\/dimensionturistica.com\/es\/wp-content\/uploads\/2022\/09\/Foto-de-Facebook-Calaverandia-9-1024x683.jpg 1024w, https:\/\/dimensionturistica.com\/es\/wp-content\/uploads\/2022\/09\/Foto-de-Facebook-Calaverandia-9-768x512.jpg 768w, https:\/\/dimensionturistica.com\/es\/wp-content\/uploads\/2022\/09\/Foto-de-Facebook-Calaverandia-9-750x500.jpg 750w, https:\/\/dimensionturistica.com\/es\/wp-content\/uploads\/2022\/09\/Foto-de-Facebook-Calaverandia-9-1140x760.jpg 1140w, https:\/\/dimensionturistica.com\/es\/wp-content\/uploads\/2022\/09\/Foto-de-Facebook-Calaverandia-9.jpg 1440w\" sizes=\"(max-width: 300px) 100vw, 300px\" \/> UNESCO, retomando en todas sus atracciones los elementos t\u00edpicos de la temporada: desde altares, personajes como las catrinas, la flor de cempas\u00fachil e incluso elementos prehisp\u00e1nicos.<br \/>\nAdicional a las atracciones, esta experiencia tem\u00e1tica tambi\u00e9n ofrecer\u00e1 zonas gastron\u00f3micas que resaltan la cocina mexicana, espacios recreativos y muchas sorpresas para que toda la familia disfrute su estad\u00eda.<img decoding=\"async\" class=\"size-medium wp-image-380987 alignright\" src=\"https:\/\/dimensionturistica.com\/es\/wp-content\/uploads\/2022\/09\/Foto-de-Facebook-Calaverandia-7-300x200.jpg\" alt=\"\" width=\"300\" height=\"200\" srcset=\"https:\/\/dimensionturistica.com\/es\/wp-content\/uploads\/2022\/09\/Foto-de-Facebook-Calaverandia-7-300x200.jpg 300w, https:\/\/dimensionturistica.com\/es\/wp-content\/uploads\/2022\/09\/Foto-de-Facebook-Calaverandia-7-1024x683.jpg 1024w, https:\/\/dimensionturistica.com\/es\/wp-content\/uploads\/2022\/09\/Foto-de-Facebook-Calaverandia-7-768x512.jpg 768w, https:\/\/dimensionturistica.com\/es\/wp-content\/uploads\/2022\/09\/Foto-de-Facebook-Calaverandia-7-750x500.jpg 750w, https:\/\/dimensionturistica.com\/es\/wp-content\/uploads\/2022\/09\/Foto-de-Facebook-Calaverandia-7-1140x760.jpg 1140w, https:\/\/dimensionturistica.com\/es\/wp-content\/uploads\/2022\/09\/Foto-de-Facebook-Calaverandia-7.jpg 1440w\" sizes=\"(max-width: 300px) 100vw, 300px\" \/><br \/>\nLos horarios ser\u00e1n de domingo a jueves de 7 a 12 de la noche, y viernes y s\u00e1bado de 7 de la noche a 1 de la ma\u00f1ana. Los boletos tendr\u00e1n un costo de $560 adultos y $290 ni\u00f1os en entrada general, y $1,120 adultos y $660 ni\u00f1os en Comfort Pass. Estar\u00e1n disponibles en preventa CitiBanamex del 30 y 31 de agosto, a partir del 1 de septiembre por Ticketmaster al p\u00fablico general.<br \/>\nLa Oficina de Visitantes y Convenciones de Guadalajara, te invita a vivir la incre\u00edble experiencia del \u00fanico parque tem\u00e1tico del mundo en su tipo. Para mayores detalles visita https:\/\/www.calaverandia.mx\/es\/<\/p>\n<p>&nbsp;<\/p>\n","protected":false},"excerpt":{"rendered":"<p>Tras dos a\u00f1os de ausencia, Calaverandia, el parque tem\u00e1tico inspirado en la celebraci\u00f3n mexicana del D\u00eda de Muertos, regresa a la capital jalisciense a partir del 02 de noviembre. Tecnolog\u00eda y tradici\u00f3n son las caracter\u00edsticas principales de esta experiencia, que para su tercera edici\u00f3n estrenar\u00e1 sede en el Parque Metropolitano, un espacio con alrededor de [&hellip;]<\/p>\n","protected":false},"author":1,"featured_media":380988,"comment_status":"open","ping_status":"closed","sticky":false,"template":"","format":"standard","meta":{"om_disable_all_campaigns":false,"jnews-multi-image_gallery":[],"jnews_single_post":{"source_name":"","source_url":"","via_name":"","via_url":"","override_template":"0","override":[{"template":"1","single_blog_custom":"","parallax":"1","fullscreen":"1","layout":"right-sidebar","sidebar":"default-sidebar","second_sidebar":"default-sidebar","sticky_sidebar":"1","share_position":"top","share_float_style":"share-monocrhome","show_share_counter":"1","show_view_counter":"1","show_featured":"1","show_post_meta":"1","show_post_author":"1","show_post_author_image":"1","show_post_date":"1","post_date_format":"default","post_date_format_custom":"Y\/m\/d","show_post_category":"1","show_post_reading_time":"0","post_reading_time_wpm":"300","show_zoom_button":"0","zoom_button_out_step":"2","zoom_button_in_step":"3","show_post_tag":"1","show_prev_next_post":"1","show_popup_post":"1","number_popup_post":"1","show_author_box":"0","show_post_related":"0","show_inline_post_related":"0"}],"override_image_size":"0","image_override":[{"single_post_thumbnail_size":"crop-500","single_post_gallery_size":"crop-500"}],"trending_post":"0","trending_post_position":"meta","trending_post_label":"Trending","sponsored_post":"0","sponsored_post_label":"Sponsored by","sponsored_post_name":"","sponsored_post_url":"","sponsored_post_logo_enable":"0","sponsored_post_logo":"","sponsored_post_desc":"","disable_ad":"0"},"jnews_primary_category":{"id":""},"jnews_social_meta":{"fb_title":"","fb_description":"","fb_image":"","twitter_title":"","twitter_description":"","twitter_image":""},"footnotes":""},"categories":[39],"tags":[],"class_list":["post-380982","post","type-post","status-publish","format-standard","has-post-thumbnail","hentry","category-viajes"],"_links":{"self":[{"href":"https:\/\/dimensionturistica.com\/es\/wp-json\/wp\/v2\/posts\/380982","targetHints":{"allow":["GET"]}}],"collection":[{"href":"https:\/\/dimensionturistica.com\/es\/wp-json\/wp\/v2\/posts"}],"about":[{"href":"https:\/\/dimensionturistica.com\/es\/wp-json\/wp\/v2\/types\/post"}],"author":[{"embeddable":true,"href":"https:\/\/dimensionturistica.com\/es\/wp-json\/wp\/v2\/users\/1"}],"replies":[{"embeddable":true,"href":"https:\/\/dimensionturistica.com\/es\/wp-json\/wp\/v2\/comments?post=380982"}],"version-history":[{"count":0,"href":"https:\/\/dimensionturistica.com\/es\/wp-json\/wp\/v2\/posts\/380982\/revisions"}],"wp:featuredmedia":[{"embeddable":true,"href":"https:\/\/dimensionturistica.com\/es\/wp-json\/wp\/v2\/media\/380988"}],"wp:attachment":[{"href":"https:\/\/dimensionturistica.com\/es\/wp-json\/wp\/v2\/media?parent=380982"}],"wp:term":[{"taxonomy":"category","embeddable":true,"href":"https:\/\/dimensionturistica.com\/es\/wp-json\/wp\/v2\/categories?post=380982"},{"taxonomy":"post_tag","embeddable":true,"href":"https:\/\/dimensionturistica.com\/es\/wp-json\/wp\/v2\/tags?post=380982"}],"curies":[{"name":"wp","href":"https:\/\/api.w.org\/{rel}","templated":true}]}}