{"id":380963,"date":"2022-09-04T16:43:58","date_gmt":"2022-09-04T16:43:58","guid":{"rendered":"https:\/\/dimensionturistica.com\/es\/?p=380963"},"modified":"2022-09-04T16:43:58","modified_gmt":"2022-09-04T16:43:58","slug":"firma-guanajuato-declaracion-de-glasgow-sobre-la-accion-climatica-en-el-turismo","status":"publish","type":"post","link":"https:\/\/dimensionturistica.com\/es\/firma-guanajuato-declaracion-de-glasgow-sobre-la-accion-climatica-en-el-turismo\/","title":{"rendered":"Firma Guanajuato Declaraci\u00f3n de Glasgow sobre la Acci\u00f3n Clim\u00e1tica en el Turismo."},"content":{"rendered":"<p><img decoding=\"async\" class=\"size-medium wp-image-380964 alignright\" src=\"https:\/\/dimensionturistica.com\/es\/wp-content\/uploads\/2022\/09\/gua1-300x200.jpg\" alt=\"\" width=\"300\" height=\"200\" srcset=\"https:\/\/dimensionturistica.com\/es\/wp-content\/uploads\/2022\/09\/gua1-300x200.jpg 300w, https:\/\/dimensionturistica.com\/es\/wp-content\/uploads\/2022\/09\/gua1.jpg 450w\" sizes=\"(max-width: 300px) 100vw, 300px\" \/>Guanajuato se convirti\u00f3 en el primer Estado en el pa\u00eds en firmar la \u201cDeclaraci\u00f3n de Glasgow sobre la Acci\u00f3n Clim\u00e1tica en el Turismo\u201d, iniciativa liderada por la Organizaci\u00f3n Mundial del Turismo (OMT), en el marco del Sustainable &amp; Social Tourism Summit, evento realizado por primera vez en la entidad, en Poliforum Le\u00f3n.<br \/>\nEsta iniciativa, que se realiza en colaboraci\u00f3n con la Travel Foundation y dentro del marco de la Red One Planet y de la iniciativa Tourism Declares a Climate Emergency, tiene el objetivo de actuar como un catalizador para una mayor urgencia en los viajes y el turismo sobre la necesidad de acelerar la acci\u00f3n clim\u00e1tica durante la recuperaci\u00f3n de COVID-19.<img decoding=\"async\" class=\"size-medium wp-image-380965 alignright\" src=\"https:\/\/dimensionturistica.com\/es\/wp-content\/uploads\/2022\/09\/gua2-300x200.jpg\" alt=\"\" width=\"300\" height=\"200\" srcset=\"https:\/\/dimensionturistica.com\/es\/wp-content\/uploads\/2022\/09\/gua2-300x200.jpg 300w, https:\/\/dimensionturistica.com\/es\/wp-content\/uploads\/2022\/09\/gua2.jpg 450w\" sizes=\"(max-width: 300px) 100vw, 300px\" \/><br \/>\nEn compa\u00f1\u00eda de Dirk Glaesser, director de Turismo Sostenible de la Organizaci\u00f3n Mundial del Turismo (OMT), Juan Jos\u00e9 \u00c1lvarez Brunel, secretario de Turismo del Estado de Guanajuato, firm\u00f3 esta declaratoria que solicita a sus signatarios se esfuercen por lograr una reducci\u00f3n del 50% de las emisiones de las operaciones tur\u00edsticas para el a\u00f1o 2030.<br \/>\nAl igual que el Estado de Guanajuato, a trav\u00e9s de la SECTUR, las empresas mexicanas: Grupo Presidente, Palace Resorts, Hoteles City, Rutop\u00eda, Grupo Brisas, El Cid Resorts, Tourism for Good, Karisma, Hotels &amp; Resorts, tambi\u00e9n firmaron esta iniciativa.<br \/>\n\u201cHoy celebramos que un Gobierno Estatal y empresas mexicanas sean pioneros en suscribir un compromiso global trasparente y basado en medici\u00f3n. Muy agradecido con Guanajuato y estas empresas que se<img decoding=\"async\" class=\"size-medium wp-image-380967 alignright\" src=\"https:\/\/dimensionturistica.com\/es\/wp-content\/uploads\/2022\/09\/gua4-300x200.jpg\" alt=\"\" width=\"300\" height=\"200\" srcset=\"https:\/\/dimensionturistica.com\/es\/wp-content\/uploads\/2022\/09\/gua4-300x200.jpg 300w, https:\/\/dimensionturistica.com\/es\/wp-content\/uploads\/2022\/09\/gua4.jpg 450w\" sizes=\"(max-width: 300px) 100vw, 300px\" \/> comprometen a la acci\u00f3n clim\u00e1tico. Invitamos a m\u00e1s destinos y personas a unirse a esta acci\u00f3n y seguir este camino\u201d, invit\u00f3 Dirk Glaesser.<br \/>\nLos compromisos por seguir en esta declaratoria son: Apoyar el compromiso mundial de reducir a la mitad las emisiones para 2030 y alcanzar el cero neto en emisiones lo antes posible antes de 2050; Entregar planes de acci\u00f3n clim\u00e1tica dentro de los 12 <img decoding=\"async\" class=\"size-medium wp-image-380968 alignleft\" src=\"https:\/\/dimensionturistica.com\/es\/wp-content\/uploads\/2022\/09\/gua5-300x200.jpg\" alt=\"\" width=\"300\" height=\"200\" srcset=\"https:\/\/dimensionturistica.com\/es\/wp-content\/uploads\/2022\/09\/gua5-300x200.jpg 300w, https:\/\/dimensionturistica.com\/es\/wp-content\/uploads\/2022\/09\/gua5.jpg 450w\" sizes=\"(max-width: 300px) 100vw, 300px\" \/>meses posteriores a la firma de esta Declaraci\u00f3n y comenzar a implementarlos.<br \/>\nAs\u00ed como: Alinear los planes con los cinco caminos de la Declaraci\u00f3n (Medir, Descarbonizar, Regenerar, Colaborar, Financiar) para acelerar y coordinar la acci\u00f3n clim\u00e1tica en el turismo; Informar p\u00fablicamente de forma anual sobre el progreso en relaci\u00f3n con los objetivos intermedios y a largo plazo, as\u00ed como sobre las acciones que se est\u00e1n tomando.<br \/>\nY, trabajar con un esp\u00edritu de colaboraci\u00f3n compartiendo buenas pr\u00e1cticas y soluciones, y difundir informaci\u00f3n para alentar a m\u00e1s organizaciones a convertirse en signatarias y apoyarse mutuamente para alcanzar los objetivos lo m\u00e1s r\u00e1pido posible.<\/p>\n","protected":false},"excerpt":{"rendered":"<p>Guanajuato se convirti\u00f3 en el primer Estado en el pa\u00eds en firmar la \u201cDeclaraci\u00f3n de Glasgow sobre la Acci\u00f3n Clim\u00e1tica en el Turismo\u201d, iniciativa liderada por la Organizaci\u00f3n Mundial del Turismo (OMT), en el marco del Sustainable &amp; Social Tourism Summit, evento realizado por primera vez en la entidad, en Poliforum Le\u00f3n. Esta iniciativa, que [&hellip;]<\/p>\n","protected":false},"author":1,"featured_media":380966,"comment_status":"open","ping_status":"closed","sticky":false,"template":"","format":"standard","meta":{"om_disable_all_campaigns":false,"jnews-multi-image_gallery":[],"jnews_single_post":{"source_name":"","source_url":"","via_name":"","via_url":"","override_template":"0","override":[{"template":"1","single_blog_custom":"","parallax":"1","fullscreen":"1","layout":"right-sidebar","sidebar":"default-sidebar","second_sidebar":"default-sidebar","sticky_sidebar":"1","share_position":"top","share_float_style":"share-monocrhome","show_share_counter":"1","show_view_counter":"1","show_featured":"1","show_post_meta":"1","show_post_author":"1","show_post_author_image":"1","show_post_date":"1","post_date_format":"default","post_date_format_custom":"Y\/m\/d","show_post_category":"1","show_post_reading_time":"0","post_reading_time_wpm":"300","show_zoom_button":"0","zoom_button_out_step":"2","zoom_button_in_step":"3","show_post_tag":"1","show_prev_next_post":"1","show_popup_post":"1","number_popup_post":"1","show_author_box":"0","show_post_related":"0","show_inline_post_related":"0"}],"override_image_size":"0","image_override":[{"single_post_thumbnail_size":"crop-500","single_post_gallery_size":"crop-500"}],"trending_post":"0","trending_post_position":"meta","trending_post_label":"Trending","sponsored_post":"0","sponsored_post_label":"Sponsored by","sponsored_post_name":"","sponsored_post_url":"","sponsored_post_logo_enable":"0","sponsored_post_logo":"","sponsored_post_desc":"","disable_ad":"0"},"jnews_primary_category":{"id":""},"jnews_social_meta":{"fb_title":"","fb_description":"","fb_image":"","twitter_title":"","twitter_description":"","twitter_image":""},"footnotes":""},"categories":[39],"tags":[],"class_list":["post-380963","post","type-post","status-publish","format-standard","has-post-thumbnail","hentry","category-viajes"],"_links":{"self":[{"href":"https:\/\/dimensionturistica.com\/es\/wp-json\/wp\/v2\/posts\/380963","targetHints":{"allow":["GET"]}}],"collection":[{"href":"https:\/\/dimensionturistica.com\/es\/wp-json\/wp\/v2\/posts"}],"about":[{"href":"https:\/\/dimensionturistica.com\/es\/wp-json\/wp\/v2\/types\/post"}],"author":[{"embeddable":true,"href":"https:\/\/dimensionturistica.com\/es\/wp-json\/wp\/v2\/users\/1"}],"replies":[{"embeddable":true,"href":"https:\/\/dimensionturistica.com\/es\/wp-json\/wp\/v2\/comments?post=380963"}],"version-history":[{"count":0,"href":"https:\/\/dimensionturistica.com\/es\/wp-json\/wp\/v2\/posts\/380963\/revisions"}],"wp:featuredmedia":[{"embeddable":true,"href":"https:\/\/dimensionturistica.com\/es\/wp-json\/wp\/v2\/media\/380966"}],"wp:attachment":[{"href":"https:\/\/dimensionturistica.com\/es\/wp-json\/wp\/v2\/media?parent=380963"}],"wp:term":[{"taxonomy":"category","embeddable":true,"href":"https:\/\/dimensionturistica.com\/es\/wp-json\/wp\/v2\/categories?post=380963"},{"taxonomy":"post_tag","embeddable":true,"href":"https:\/\/dimensionturistica.com\/es\/wp-json\/wp\/v2\/tags?post=380963"}],"curies":[{"name":"wp","href":"https:\/\/api.w.org\/{rel}","templated":true}]}}