{"id":380934,"date":"2022-09-04T16:04:04","date_gmt":"2022-09-04T16:04:04","guid":{"rendered":"https:\/\/dimensionturistica.com\/es\/?p=380934"},"modified":"2022-09-04T16:04:04","modified_gmt":"2022-09-04T16:04:04","slug":"el-caribe-mexicano-presente-en-todos-los-vuelos-de-american-airlines","status":"publish","type":"post","link":"https:\/\/dimensionturistica.com\/es\/el-caribe-mexicano-presente-en-todos-los-vuelos-de-american-airlines\/","title":{"rendered":"El Caribe Mexicano presente en todos los vuelos de American Airlines"},"content":{"rendered":"<p><img decoding=\"async\" class=\"size-medium wp-image-380938 alignright\" src=\"https:\/\/dimensionturistica.com\/es\/wp-content\/uploads\/2022\/09\/CARIBE1-1-300x201.jpg\" alt=\"\" width=\"300\" height=\"201\" srcset=\"https:\/\/dimensionturistica.com\/es\/wp-content\/uploads\/2022\/09\/CARIBE1-1-300x201.jpg 300w, https:\/\/dimensionturistica.com\/es\/wp-content\/uploads\/2022\/09\/CARIBE1-1-1024x685.jpg 1024w, https:\/\/dimensionturistica.com\/es\/wp-content\/uploads\/2022\/09\/CARIBE1-1-768x514.jpg 768w, https:\/\/dimensionturistica.com\/es\/wp-content\/uploads\/2022\/09\/CARIBE1-1-750x502.jpg 750w, https:\/\/dimensionturistica.com\/es\/wp-content\/uploads\/2022\/09\/CARIBE1-1-1140x762.jpg 1140w, https:\/\/dimensionturistica.com\/es\/wp-content\/uploads\/2022\/09\/CARIBE1-1.jpg 1280w\" sizes=\"(max-width: 300px) 100vw, 300px\" \/>\u00a0El Caribe Mexicano estar\u00e1 presente durante los meses de septiembre y octubre en la plataforma de streaming de entretenimiento inal\u00e1mbrico de American Airlines, la campa\u00f1a de promoci\u00f3n en conjunto con la aerol\u00ednea consiste en un video donde se muestran todos los destinos tur\u00edsticos de Quintana Roo y forma parte de las acciones para fortalecer la presencia de la marca en Estados Unidos.<br \/>\nAlrededor de 10 millones de viajeros de American Airlines en 150,000 vuelos podr\u00e1n conocer las bondades del Caribe Mexicano por medio del video que estar\u00e1 siendo transmitido en la plataforma de American Airlines, la cual tiene acceso por tel\u00e9fono m\u00f3vil y se puede usar durante el vuelo al igual que cuando los pasajeros hayan descendido.<br \/>\n\u201cSiendo American Airlines uno de los aliados m\u00e1s importantes del Caribe Mexicano y contar con la principal red de viajes de E.E.U.U., el video tendr\u00e1 un gran impacto entre sus viajeros\u201d, coment\u00f3 Dar\u00edo Flota Ocampo, director general del Consejo de Promoci\u00f3n Tur\u00edstica de Quintana Roo.<img decoding=\"async\" class=\"size-medium wp-image-380939 alignright\" src=\"https:\/\/dimensionturistica.com\/es\/wp-content\/uploads\/2022\/09\/CARIBE2-1-300x199.jpg\" alt=\"\" width=\"300\" height=\"199\" srcset=\"https:\/\/dimensionturistica.com\/es\/wp-content\/uploads\/2022\/09\/CARIBE2-1-300x199.jpg 300w, https:\/\/dimensionturistica.com\/es\/wp-content\/uploads\/2022\/09\/CARIBE2-1-1024x681.jpg 1024w, https:\/\/dimensionturistica.com\/es\/wp-content\/uploads\/2022\/09\/CARIBE2-1-768x511.jpg 768w, https:\/\/dimensionturistica.com\/es\/wp-content\/uploads\/2022\/09\/CARIBE2-1-750x499.jpg 750w, https:\/\/dimensionturistica.com\/es\/wp-content\/uploads\/2022\/09\/CARIBE2-1-1140x758.jpg 1140w, https:\/\/dimensionturistica.com\/es\/wp-content\/uploads\/2022\/09\/CARIBE2-1.jpg 1280w\" sizes=\"(max-width: 300px) 100vw, 300px\" \/><br \/>\nDurante septiembre y octubre, con American Airlines, al Caribe Mexicano estar\u00e1n llegando vuelos desde: Austin, Boston, Charlotte, Chicago, Dallas, Los \u00c1ngeles, Miami, New York, Philadelphia, Phoenix.<br \/>\nAdem\u00e1s, el material ser\u00e1 transmitido a nivel nacional en televisi\u00f3n por cable a trav\u00e9s de The Travel Channel, para m\u00e1s de 68 millones de suscriptores de cable y sat\u00e9lite lo que permitir\u00e1 aumentar la visibilidad y reconocimiento del Caribe Mexicano. Asimismo, el video se publicar\u00e1 en el sitio web del programa en www.getawayplaces.com el cual recibe m\u00e1s de 5,000 visitantes \u00fanicos cada mes; y ser\u00e1 retransmitido tambi\u00e9n en el canal Getaway Places en Roku, Apple TV y Amazon Fire TV.<\/p>\n","protected":false},"excerpt":{"rendered":"<p>\u00a0El Caribe Mexicano estar\u00e1 presente durante los meses de septiembre y octubre en la plataforma de streaming de entretenimiento inal\u00e1mbrico de American Airlines, la campa\u00f1a de promoci\u00f3n en conjunto con la aerol\u00ednea consiste en un video donde se muestran todos los destinos tur\u00edsticos de Quintana Roo y forma parte de las acciones para fortalecer la [&hellip;]<\/p>\n","protected":false},"author":1,"featured_media":380940,"comment_status":"open","ping_status":"closed","sticky":false,"template":"","format":"standard","meta":{"om_disable_all_campaigns":false,"jnews-multi-image_gallery":[],"jnews_single_post":{"source_name":"","source_url":"","via_name":"","via_url":"","override_template":"0","override":[{"template":"1","single_blog_custom":"","parallax":"1","fullscreen":"1","layout":"right-sidebar","sidebar":"default-sidebar","second_sidebar":"default-sidebar","sticky_sidebar":"1","share_position":"top","share_float_style":"share-monocrhome","show_share_counter":"1","show_view_counter":"1","show_featured":"1","show_post_meta":"1","show_post_author":"1","show_post_author_image":"1","show_post_date":"1","post_date_format":"default","post_date_format_custom":"Y\/m\/d","show_post_category":"1","show_post_reading_time":"0","post_reading_time_wpm":"300","show_zoom_button":"0","zoom_button_out_step":"2","zoom_button_in_step":"3","show_post_tag":"1","show_prev_next_post":"1","show_popup_post":"1","number_popup_post":"1","show_author_box":"0","show_post_related":"0","show_inline_post_related":"0"}],"override_image_size":"0","image_override":[{"single_post_thumbnail_size":"crop-500","single_post_gallery_size":"crop-500"}],"trending_post":"0","trending_post_position":"meta","trending_post_label":"Trending","sponsored_post":"0","sponsored_post_label":"Sponsored by","sponsored_post_name":"","sponsored_post_url":"","sponsored_post_logo_enable":"0","sponsored_post_logo":"","sponsored_post_desc":"","disable_ad":"0"},"jnews_primary_category":{"id":""},"jnews_social_meta":{"fb_title":"","fb_description":"","fb_image":"","twitter_title":"","twitter_description":"","twitter_image":""},"footnotes":""},"categories":[39],"tags":[],"class_list":["post-380934","post","type-post","status-publish","format-standard","has-post-thumbnail","hentry","category-viajes"],"_links":{"self":[{"href":"https:\/\/dimensionturistica.com\/es\/wp-json\/wp\/v2\/posts\/380934","targetHints":{"allow":["GET"]}}],"collection":[{"href":"https:\/\/dimensionturistica.com\/es\/wp-json\/wp\/v2\/posts"}],"about":[{"href":"https:\/\/dimensionturistica.com\/es\/wp-json\/wp\/v2\/types\/post"}],"author":[{"embeddable":true,"href":"https:\/\/dimensionturistica.com\/es\/wp-json\/wp\/v2\/users\/1"}],"replies":[{"embeddable":true,"href":"https:\/\/dimensionturistica.com\/es\/wp-json\/wp\/v2\/comments?post=380934"}],"version-history":[{"count":0,"href":"https:\/\/dimensionturistica.com\/es\/wp-json\/wp\/v2\/posts\/380934\/revisions"}],"wp:featuredmedia":[{"embeddable":true,"href":"https:\/\/dimensionturistica.com\/es\/wp-json\/wp\/v2\/media\/380940"}],"wp:attachment":[{"href":"https:\/\/dimensionturistica.com\/es\/wp-json\/wp\/v2\/media?parent=380934"}],"wp:term":[{"taxonomy":"category","embeddable":true,"href":"https:\/\/dimensionturistica.com\/es\/wp-json\/wp\/v2\/categories?post=380934"},{"taxonomy":"post_tag","embeddable":true,"href":"https:\/\/dimensionturistica.com\/es\/wp-json\/wp\/v2\/tags?post=380934"}],"curies":[{"name":"wp","href":"https:\/\/api.w.org\/{rel}","templated":true}]}}